{"id":84705,"date":"2025-07-31T07:32:49","date_gmt":"2025-07-31T05:32:49","guid":{"rendered":"https:\/\/www.infokuryr.cz\/n\/?p=84705"},"modified":"2025-07-31T07:32:49","modified_gmt":"2025-07-31T05:32:49","slug":"trump-uvalil-50-clo-na-brazilii-a-indie-reaguje-na-trumpovo-25-clo","status":"publish","type":"post","link":"https:\/\/www.infokuryr.cz\/n\/2025\/07\/31\/trump-uvalil-50-clo-na-brazilii-a-indie-reaguje-na-trumpovo-25-clo\/","title":{"rendered":"Trump uvalil 50% clo na Braz\u00edlii a Indie reaguje na Trumpovo 25% clo"},"content":{"rendered":"<div id=\"fb-root\"><\/div>\n<h3>Podle americk\u00e9ho v\u016fdce je c\u00edlem opat\u0159en\u00ed \u0159e\u0161it \u00fadajnou \u201ehrozbu\u201c, kterou Braz\u00edlie p\u0159edstavuje pro USA<\/h3>\n<p><span>Americk\u00fd prezident Donald Trump podepsal v\u00fdkonn\u00fd p\u0159\u00edkaz, kter\u00fdm se od 1. srpna zav\u00e1d\u00ed 50% clo na ve\u0161ker\u00e9 zbo\u017e\u00ed z Braz\u00edlie. Tvrd\u00ed, \u017ee tato zem\u011b p\u0159edstavuje hrozbu pro\u00a0<\/span><em><span>\u201en\u00e1rodn\u00ed bezpe\u010dnost, zahrani\u010dn\u00ed politiku a ekonomiku\u201c<\/span><\/em><span>\u00a0USA.<\/span><\/p>\n<p><span>Na\u0159\u00edzen\u00ed podepsan\u00e9 ve st\u0159edu zvy\u0161uje st\u00e1vaj\u00edc\u00ed cla pro Braz\u00edlii o 40 % a obvi\u0148uje tuto jihoamerickou zemi z r\u016fzn\u00fdch poru\u0161en\u00ed, v\u010detn\u011b \u00fadajn\u00e9ho\u00a0<\/span><em><span>\u201ez\u00e1va\u017en\u00e9ho poru\u0161ov\u00e1n\u00ed lidsk\u00fdch pr\u00e1v, kter\u00e9 podkop\u00e1v\u00e1 pr\u00e1vn\u00ed st\u00e1t\u201c.<\/span><\/em><span>\u00a0Trump zm\u00ednil zejm\u00e9na pron\u00e1sledov\u00e1n\u00ed b\u00fdval\u00e9ho brazilsk\u00e9ho prezidenta Jaira Bolsonara, kter\u00fd \u010del\u00ed soudu za \u00fadajn\u00e9 pl\u00e1nov\u00e1n\u00ed pu\u010de po sv\u00e9 por\u00e1\u017ece ve volb\u00e1ch v roce 2022.\u00a0<\/span><\/p>\n<p><em><span>\u201e\u010clenov\u00e9 brazilsk\u00e9 vl\u00e1dy rovn\u011b\u017e politicky pron\u00e1sleduj\u00ed b\u00fdval\u00e9ho brazilsk\u00e9ho prezidenta, co\u017e p\u0159isp\u00edv\u00e1 k \u00famysln\u00e9mu naru\u0161ov\u00e1n\u00ed pr\u00e1vn\u00edho st\u00e1tu v Braz\u00edlii, k politicky motivovan\u00e9mu zastra\u0161ov\u00e1n\u00ed v t\u00e9to zemi a k poru\u0161ov\u00e1n\u00ed lidsk\u00fdch pr\u00e1v,\u201c<\/span><\/em><span>\u00a0uv\u00e1d\u00ed se v na\u0159\u00edzen\u00ed.<\/span><\/p>\n<p><span>Trump ozn\u00e1mil sv\u016fj z\u00e1m\u011br zav\u00e9st plo\u0161n\u00e9 50% clo na ve\u0161ker\u00e9 brazilsk\u00e9 zbo\u017e\u00ed za\u010d\u00e1tkem tohoto m\u011bs\u00edce v dopise zve\u0159ejn\u011bn\u00e9m na Truth Social. V dopise americk\u00fd prezident tak\u00e9 po\u017eadoval ukon\u010den\u00ed toho, co nazval\u00a0<\/span><em><span>\u201ehonem na \u010darod\u011bjnice\u201c<\/span><\/em><span>\u00a0proti\u00a0<\/span><em><span>\u201evysoce respektovan\u00e9mu\u201c<\/span><\/em><span>\u00a0b\u00fdval\u00e9mu prezidentovi Bolsonarovi.<\/span><\/p>\n<p><span>Brazilsk\u00fd prezident Luiz Inacio Lula da Silva tehdy sl\u00edbil, \u017ee na celn\u00ed opat\u0159en\u00ed zareaguje a bude h\u00e1jit z\u00e1jmy sv\u00e9 zem\u011b, a pouk\u00e1zal na to, \u017ee Trump\u00a0<\/span><em><span>\u201ebyl zvolen, aby vl\u00e1dl USA \u2013 nebyl zvolen, aby byl c\u00edsa\u0159em sv\u011bta\u201c.<\/span><\/em><\/p>\n<p><em><span>\u201eKdy\u017e jsem si ten dopis p\u0159e\u010detl, myslel jsem si, \u017ee je to fale\u0161n\u00e1 zpr\u00e1va,\u201c<\/span><\/em><span>\u00a0\u0159ekl Lula a popsal ho jako\u00a0<\/span><em><span>\u201eodchylku od jak\u00e9hokoli protokolu, jak\u00e9koli liturgie, kter\u00e1 by m\u011bla existovat ve vztaz\u00edch mezi dv\u011bma hlavami st\u00e1t\u016f.\u201c<\/span><\/em><\/p>\n<p><span>Trump ji\u017e d\u0159\u00edve pohrozil dodate\u010dn\u00fdm 10% clem pro v\u0161echny zem\u011b BRICS a obvinil blok ze snahy\u00a0<\/span><em><span>\u201ezni\u010dit dolar jako glob\u00e1ln\u00ed standard\u201c.<\/span><\/em><span>\u00a0D\u0159\u00edve ve st\u0159edu se zam\u011b\u0159il na dal\u0161\u00edho \u010dlena skupiny, Indii, a ozn\u00e1mil, \u017ee bude \u010delit 25% cl\u016fm a dal\u0161\u00edm sankc\u00edm za pokra\u010dov\u00e1n\u00ed v obchodov\u00e1n\u00ed s Ruskem. Nov\u00e9 Dill\u00ed v reakci na tento krok uvedlo, \u017ee podnikne\u00a0<\/span><em><span>\u201ev\u0161echny nezbytn\u00e9 kroky\u201c<\/span><\/em><span>\u00a0k zaji\u0161t\u011bn\u00ed sv\u00fdch z\u00e1jm\u016f a vyj\u00e1d\u0159ilo sv\u016fj z\u00e1vazek\u00a0<\/span><em><span>\u201euzav\u0159et spravedlivou, vyv\u00e1\u017eenou a vz\u00e1jemn\u011b v\u00fdhodnou bilater\u00e1ln\u00ed obchodn\u00ed dohodu\u201c<\/span><\/em><span>\u00a0s USA.<\/span><\/p>\n<h3>Nov\u00e9 Dill\u00ed sl\u00edbilo, \u017ee bude chr\u00e1nit z\u00e1jmy farm\u00e1\u0159\u016f a podnik\u016f a z\u00e1rove\u0148 bude pokra\u010dovat v obchodn\u00edch jedn\u00e1n\u00edch s Washingtonem<\/h3>\n<p><img decoding=\"async\" loading=\"lazy\" class=\"aligncenter\" src=\"https:\/\/mf.b37mrtl.ru\/files\/2025.07\/xxs\/688a5eb52030273dce70ba04.jpg\" alt=\"Indie reaguje na Trumpovo 25% clo\" width=\"567\" height=\"318\" \/><\/p>\n<p><span>Jen p\u00e1r hodin pot\u00e9, co americk\u00fd prezident Donald Trump\u00a0<\/span><a href=\"https:\/\/www.rt.com\/india\/622257-trump-india-tariffs-russia\/\" target=\"_blank\" rel=\"noopener noreferrer\"><span>ozn\u00e1mil<\/span><\/a><span>\u00a025% clo na indick\u00e9 zbo\u017e\u00ed, Nov\u00e9 Dill\u00ed prohl\u00e1silo, \u017ee podnikne\u00a0<\/span><em><span>\u201ev\u0161echny nezbytn\u00e9 kroky\u201c<\/span><\/em><span>\u00a0k zaji\u0161t\u011bn\u00ed z\u00e1jm\u016f sv\u00fdch dom\u00e1c\u00edch hr\u00e1\u010d\u016f.<\/span><\/p>\n<p><em><span>\u201eIndie a USA v posledn\u00edch n\u011bkolika m\u011bs\u00edc\u00edch vedly jedn\u00e1n\u00ed o uzav\u0159en\u00ed spravedliv\u00e9, vyv\u00e1\u017een\u00e9 a vz\u00e1jemn\u011b v\u00fdhodn\u00e9 bilater\u00e1ln\u00ed obchodn\u00ed dohody. Z\u016fst\u00e1v\u00e1me odhodl\u00e1ni tomuto c\u00edli,\u201c<\/span><\/em><span>\u00a0uvedlo ve sv\u00e9m prohl\u00e1\u0161en\u00ed indick\u00e9 ministerstvo obchodu.<\/span><\/p>\n<p><span>Nov\u00e9 Dill\u00ed se odvolalo na ned\u00e1vno uzav\u0159enou dohodu o voln\u00e9m obchodu se Spojen\u00fdm kr\u00e1lovstv\u00edm a uvedlo, \u017ee jeho p\u0159\u00edstup k podobn\u00fdm pakt\u016fm s jin\u00fdmi zem\u011bmi, v\u010detn\u011b USA, z\u016fstane stejn\u00fd \u2013 bude zohled\u0148ovat obavy a z\u00e1jmy sv\u00fdch farm\u00e1\u0159\u016f, podnikatel\u016f a mal\u00fdch a st\u0159edn\u00edch podnik\u016f.<\/span><\/p>\n<p><span>Trump d\u0159\u00edve ve st\u0159edu v p\u0159\u00edsp\u011bvku na sv\u00e9m \u00fa\u010dtu Truth Social ozn\u00e1mil, \u017ee Indie bude od 1. srpna \u010delit 25% cl\u016fm a dal\u0161\u00edm sankc\u00edm kv\u016fli vysok\u00fdm cl\u016fm a pokra\u010duj\u00edc\u00edmu obchodu s Ruskem v oblasti energie a obrany.<\/span><\/p>\n<p><em><span>\u201eI kdy\u017e je Indie na\u0161\u00edm p\u0159\u00edtelem, v pr\u016fb\u011bhu let jsme s nimi obchodovali relativn\u011b m\u00e1lo, proto\u017ee jejich cla jsou p\u0159\u00edli\u0161 vysok\u00e1,\u201c<\/span><\/em><span>\u00a0napsal Trump a dodal, \u017ee Nov\u00e9 Dill\u00ed tak\u00e9\u00a0<\/span><em><span>\u201ekoupilo od Ruska drtivou v\u011bt\u0161inu sv\u00e9ho vojensk\u00e9ho vybaven\u00ed a je nejv\u011bt\u0161\u00edm rusk\u00fdm odb\u011bratelem energie\u201c.<\/span><\/em><\/p>\n<p><span>Trumpovo ozn\u00e1men\u00ed p\u0159i\u0161lo v dob\u011b, kdy se ob\u011b zem\u011b sna\u017e\u00ed vyjednat obchodn\u00ed dohodu. USA v b\u0159eznu uvalily 26% clo na indick\u00e9 zbo\u017e\u00ed v r\u00e1mci Trumpov\u00fdch cel \u201eDen osvobozen\u00ed\u201c pro des\u00edtky zem\u00ed, a\u010dkoli tato opat\u0159en\u00ed byla kr\u00e1tce pot\u00e9 pozastavena do 1. srpna. Podle indick\u00fdch m\u00e9di\u00ed ob\u011b zem\u011b vyjedn\u00e1vaj\u00ed o prozat\u00edmn\u00ed obchodn\u00ed dohod\u011b, p\u0159i\u010dem\u017e se o\u010dek\u00e1v\u00e1, \u017ee jedn\u00e1n\u00ed budou prodlou\u017eena i po lh\u016ft\u011b 1. srpna.<\/span><\/p>\n<p><em><span>\u201eVyjednava\u010di obou stran dos\u00e1hli prozat\u00edmn\u00ed dohody a zd\u00e1 se, \u017ee byla Trumpovi p\u0159edlo\u017eena. A Trump zaujal stanovisko, \u017ee to nesta\u010d\u00ed, \u017ee v\u011bt\u0161ina indick\u00e9ho trhu mus\u00ed b\u00fdt otev\u0159en\u00e1,\u201c<\/span><\/em><span>\u00a0poznamenal v rozhovoru pro RT b\u00fdval\u00fd indick\u00fd ministr zahrani\u010d\u00ed Kanwal Sibal. Dodal, \u017ee o\u010dek\u00e1val, \u017ee americk\u00fd v\u016fdce ned\u00e1 Indii\u00a0<\/span><em><span>\u201esnadnou dohodu\u201c<\/span><\/em><span>\u00a0pot\u00e9, co se mu poda\u0159ilo uzav\u0159\u00edt to, co nazval\u00a0<\/span><em><span>\u201ejednostrann\u00fdmi dohodami\u201c<\/span><\/em><span>\u00a0s EU a Japonskem, a Trump\u016fv p\u0159\u00edstup ozna\u010dil za\u00a0<\/span><em><span>\u201en\u00e1tlakovou taktiku\u201c.<\/span><\/em><\/p>\n<p><span>B\u00fdval\u00fd diplomat tak\u00e9 oponoval Trumpovu prohl\u00e1\u0161en\u00ed, \u017ee USA s Indi\u00ed obchoduj\u00ed\u00a0<\/span><em><span>\u201em\u00e1lo\u201c<\/span><\/em><span>\u00a0, a poznamenal, \u017ee Washington je nejv\u011bt\u0161\u00edm obchodn\u00edm partnerem Nov\u00e9ho Dill\u00ed s bilater\u00e1ln\u00edm obratem p\u0159ekra\u010duj\u00edc\u00edm 132 miliard dolar\u016f v lo\u0148sk\u00e9m fisk\u00e1ln\u00edm roce.<\/span><\/p>\n<p><img decoding=\"async\" loading=\"lazy\" class=\"alignnone size-full wp-image-1185\" src=\"http:\/\/www.infokuryr.cz\/n\/wp-content\/uploads\/2021\/04\/kuryr-podpis.png\" alt=\"\" width=\"84\" height=\"24\" \/><\/p>\n<p>&nbsp;<\/p>\n","protected":false},"excerpt":{"rendered":"<p>Podle americk\u00e9ho v\u016fdce je c\u00edlem opat\u0159en\u00ed \u0159e\u0161it \u00fadajnou \u201ehrozbu\u201c, kterou Braz\u00edlie p\u0159edstavuje pro USA Americk\u00fd&#8230;<\/p>\n","protected":false},"author":2,"featured_media":84706,"comment_status":"closed","ping_status":"closed","sticky":false,"template":"","format":"standard","meta":[],"categories":[7],"tags":[288,1026,79,452],"_links":{"self":[{"href":"https:\/\/www.infokuryr.cz\/n\/wp-json\/wp\/v2\/posts\/84705"}],"collection":[{"href":"https:\/\/www.infokuryr.cz\/n\/wp-json\/wp\/v2\/posts"}],"about":[{"href":"https:\/\/www.infokuryr.cz\/n\/wp-json\/wp\/v2\/types\/post"}],"author":[{"embeddable":true,"href":"https:\/\/www.infokuryr.cz\/n\/wp-json\/wp\/v2\/users\/2"}],"replies":[{"embeddable":true,"href":"https:\/\/www.infokuryr.cz\/n\/wp-json\/wp\/v2\/comments?post=84705"}],"version-history":[{"count":0,"href":"https:\/\/www.infokuryr.cz\/n\/wp-json\/wp\/v2\/posts\/84705\/revisions"}],"wp:featuredmedia":[{"embeddable":true,"href":"https:\/\/www.infokuryr.cz\/n\/wp-json\/wp\/v2\/media\/84706"}],"wp:attachment":[{"href":"https:\/\/www.infokuryr.cz\/n\/wp-json\/wp\/v2\/media?parent=84705"}],"wp:term":[{"taxonomy":"category","embeddable":true,"href":"https:\/\/www.infokuryr.cz\/n\/wp-json\/wp\/v2\/categories?post=84705"},{"taxonomy":"post_tag","embeddable":true,"href":"https:\/\/www.infokuryr.cz\/n\/wp-json\/wp\/v2\/tags?post=84705"}],"curies":[{"name":"wp","href":"https:\/\/api.w.org\/{rel}","templated":true}]}}