{"id":84682,"date":"2025-07-31T00:29:30","date_gmt":"2025-07-30T22:29:30","guid":{"rendered":"https:\/\/www.infokuryr.cz\/n\/?p=84682"},"modified":"2025-07-30T21:43:53","modified_gmt":"2025-07-30T19:43:53","slug":"evicka-dukladne-zametla-v-kauze-bitcoinu-zadna-zprava-nebude-zapomente-a-platte","status":"publish","type":"post","link":"https:\/\/www.infokuryr.cz\/n\/2025\/07\/31\/evicka-dukladne-zametla-v-kauze-bitcoinu-zadna-zprava-nebude-zapomente-a-platte\/","title":{"rendered":"Evi\u010dka d\u016fkladn\u011b zametla v kauze bitcoin\u016f. \u017d\u00e1dn\u00e1 zpr\u00e1va nebude, zapome\u0148te a pla\u0165te"},"content":{"rendered":"<div id=\"fb-root\"><\/div>\n<p>B\u00fdval\u00fd \u00fastavn\u00ed soudce David Uhl\u00ed\u0159, jmenovan\u00fd\u00a0<strong><a href=\"https:\/\/www.nespokojeny.cz\/tag\/eva-decroix\/\" target=\"_blank\" rel=\"noopener\">ministryn\u00ed Decroix<\/a><\/strong>\u00a0do funkce poradce pro\u00a0<strong><a href=\"https:\/\/www.nespokojeny.cz\/don-pablo-z-kola-ven-na-scenu-nastupuje-evicka-tricko-hodnotovy-peta-zatim-drzi\/\" target=\"_blank\" rel=\"noopener\">bitcoinovou kauzu<\/a><\/strong>, se\u00a0<strong>chystal v z\u00e1v\u011bre\u010dn\u00e9 zpr\u00e1v\u011b zpochybnit darovac\u00ed smlouvu exministra Bla\u017eka na bitcoiny za miliardu<\/strong>. Tak musel z kola ven. Kryptom\u011bna toti\u017e poch\u00e1zela ze zlo\u010dinu, a smlouva byla od za\u010d\u00e1tku neplatn\u00e1. Pokud Ji\u0159ikovsk\u00fd bitcoiny n\u011bkomu ukradl, nemohly mu nikdy pat\u0159it. Pak je ot\u00e1zka, jestli je mohl darovat st\u00e1tu. A jestli je st\u00e1t mohl nab\u00fdt.<span id=\"more-59642\"><\/span><\/p>\n<p>J\u00e1 se na Uhl\u00ed\u0159e nezlob\u00edm, \u017ee rad\u011bji skon\u010dil. Podv\u00e1d\u011bt necht\u011bl. A m\u00e1 \u017eenu a \u010dty\u0159i d\u011bti. [<a href=\"https:\/\/www.facebook.com\/michal.polacek.12\/posts\/10238605254940664\" target=\"_blank\" rel=\"noopener\">zdroj<\/a>]<\/p>\n<p>Ev\u010da si myslela, \u017ee na\u0161la star\u00e9ho troubu, kter\u00fd bude r\u00e1d za funkci. Jen\u017ee starej trouba se zamyslel a zamyslel se jako pr\u00e1vn\u00edk \u2013 co\u017e Evi\u010dce jako \u201edoktorce bez magistrsk\u00e9ho vzd\u011bl\u00e1n\u00ed\u201c jaksi nedo\u0161lo. No a pr\u016f\u0161vih je na sv\u011bt\u011b! [<a href=\"https:\/\/www.facebook.com\/tomas.tyl.1\/posts\/24683032094637265\" target=\"_blank\" rel=\"noopener\">zdroj<\/a>]<\/p>\n<p><em>\u201eBude to stru\u010dn\u00e1 zpr\u00e1va s popisem pr\u016fb\u011bhu ud\u00e1lost\u00ed. Pop\u00ed\u0161u pochyben\u00ed, kter\u00e1 se stala, rozd\u011bl\u00edm pochyben\u00ed politick\u00e1 a pr\u00e1vn\u00ed. A navrhnu n\u011bjak\u00e1 opat\u0159en\u00ed dovnit\u0159 st\u00e1tn\u00edch org\u00e1n\u016f.\u201c ~\u00a0<a href=\"https:\/\/www.seznamzpravy.cz\/clanek\/domaci-kauzy-poradce-pro-bitcoinovou-kauzu-skoncil-kdyz-chtel-zverejnit-neprijemne-zjisteni-282802\" target=\"_blank\" rel=\"noopener\">David Uhl\u00ed\u0159<\/a><\/em><\/p>\n<p>Skute\u010dnost, \u017ee David Uhl\u00ed\u0159 ne\u010dekan\u011b skon\u010dil v roli koordin\u00e1tora vy\u0161et\u0159ov\u00e1n\u00ed bitcoinov\u00e9 kauzy a \u017ee se ke sv\u00e9mu odchodu nehodl\u00e1 nijak vyjad\u0159ovat, zat\u00edmco Decroix tvrd\u00ed, \u017ee \u201ejeho \u00fakol skon\u010dil\u201c, si lze p\u0159elo\u017eit jedin\u00fdm mo\u017en\u00fdm zp\u016fsobem.<\/p>\n<p>Uhl\u00ed\u0159 u\u017e se nechce d\u00e1l pod\u00edlet na zamet\u00e1n\u00ed cel\u00e9ho skand\u00e1lu pod koberec a Evi\u010dka je prachoby\u010dejn\u00e1 lh\u00e1\u0159ka. [<a href=\"https:\/\/www.facebook.com\/rajchl.jindrich\/posts\/1093945202730832\" target=\"_blank\" rel=\"noopener\">zdroj<\/a>]<\/p>\n<p><a title=\"\" href=\"https:\/\/www.nespokojeny.cz\/wp-content\/uploads\/uhlir_sz_bitcoingate.jpg\" data-rel=\"lightbox-image-0\" data-magnific_type=\"image\" data-rl_title=\"\" data-rl_caption=\"\"><img decoding=\"async\" loading=\"lazy\" class=\"aligncenter wp-image-59661\" src=\"https:\/\/www.nespokojeny.cz\/wp-content\/uploads\/uhlir_sz_bitcoingate.jpg\" sizes=\"(max-width: 600px) 100vw, 600px\" srcset=\"https:\/\/www.nespokojeny.cz\/wp-content\/uploads\/uhlir_sz_bitcoingate.jpg 642w, https:\/\/www.nespokojeny.cz\/wp-content\/uploads\/uhlir_sz_bitcoingate-300x244.jpg 300w, https:\/\/www.nespokojeny.cz\/wp-content\/uploads\/uhlir_sz_bitcoingate-450x367.jpg 450w, https:\/\/www.nespokojeny.cz\/wp-content\/uploads\/uhlir_sz_bitcoingate-150x122.jpg 150w\" alt=\"\" width=\"600\" height=\"489\" \/><\/a><\/p>\n<h2><strong>Cel\u00e1 ODS jako prolhan\u00e1 \u017eumpa<\/strong><\/h2>\n<p>A u\u017e i Evi\u010dka Decroix si t\u00edm u\u0161pinila svoje tri\u010dko.<\/p>\n<p>Kdy\u017e skon\u010dil poradce pro bitcoinovou kauzu, bylo jasn\u00e9, \u017ee na\u0161el n\u011bco, co naj\u00edt nem\u011bl. Je\u0161t\u011b p\u0159ed m\u011bs\u00edcem byl toti\u017e nezbytn\u011b nutn\u00fd, nezbytn\u011b nutn\u00e9 bylo i platit mu za to 320 000, a nezbytn\u011b nutn\u00e1 byla jeho zpr\u00e1va do konce srpna. Tak to nova ministryn\u011b spravedlnosti alespo\u0148 prezentovala ve\u0159ejnosti. Zkr\u00e1tka tu m\u011bl b\u00fdt n\u011bkdo, kdo bitcoin\u016fm v\u016fbec nerozum\u00ed, ale z v\u00e1\u017enosti sv\u00e9 funkce b\u00fdval\u00e9ho soudce \u00dastavn\u00edho soudu to m\u011bl David Uhl\u00ed\u0159 p\u011bkn\u011b pro ve\u0159ejnost p\u0159ikr\u00fdt.<\/p>\n<p>Jen\u017ee ten chud\u00e1k asi kdy\u017e vid\u011bl, co za zv\u011brstva se tam d\u011blo, to p\u0159ikr\u00fdt odm\u00edtl. Proto\u017ee verze nikdo nic nev\u011bd\u011bl, proto\u017ee tu nikdo ne\u010dte po\u0161tu byla a je zkr\u00e1tka neuv\u011b\u0159iteln\u00e1. Ono by se nejsp\u00ed\u0161 zjistilo, \u017ee to v\u011bd\u011bli i vrabci na st\u0159e\u0161e a Stanjura zvl\u00e1\u0161t\u011b. A tak Uhl\u00ed\u0159 skon\u010dil, proto\u017ee pr\u00fd vlastn\u011b nebyl pot\u0159eba, a i ta zpr\u00e1va, kterou m\u011bl napsat a nutn\u011b byla pot\u0159eba do konce srpna, u\u017e nutn\u011b pot\u0159eba nen\u00ed. Jako \u201edr\u017ehubn\u00e9\u201c dostane ofici\u00e1ln\u011b p\u016flku ze t\u011bch 320 tis\u00edc a podle mne neofici\u00e1ln\u00ed radu, aby o tom v\u0161em ml\u010del. A tak Uhl\u00ed\u0159 ml\u010d\u00ed a Evi\u010dka tri\u010dko se usm\u00edv\u00e1 do kamer. U\u017e je to ale sp\u00ed\u0161 takov\u00fd \u0161kleb, zd\u00e1 se.<\/p>\n<p>A co \u017ee pr\u00fd cht\u011bl Uhl\u00ed\u0159 ve sv\u00e9 u\u017e nepot\u0159ebn\u00e9 zpr\u00e1v\u011b napsat? P\u0159esn\u011b to, co jsem tu hned na po\u010d\u00e1tku kauzy psala j\u00e1 a co bylo naprosto zjevn\u00e9. Chystal se tam zpochybnit, jak st\u00e1t darem podez\u0159el\u00e9 bitcoiny od odsouzen\u00e9ho program\u00e1tora Tom\u00e1\u0161e Ji\u0159ikovsk\u00e9ho p\u0159ijal a taky to, \u017ee darovac\u00ed smlouva mezi Ji\u0159ikovsk\u00fdm a Ministerstvem spravedlnosti je od za\u010d\u00e1tku neplatn\u00e1 \u2013 proto\u017ee Ji\u0159ikovsk\u00e9ho virtu\u00e1ln\u00ed m\u011bna v miliardov\u00e9 hodnot\u011b velmi pravd\u011bpodobn\u011b poch\u00e1zela ze zlo\u010dinu. Co\u017e je jasn\u00e9, v\u017edy\u0165 byl za to odsouzen. Jen to ani Bla\u017eek ani Stanjura, kdy\u017e cht\u011bli pen\u00edze ze zabaven\u00e9 techniky z\u00edskat, soudu ani St\u00e1tn\u00edmu zastupitelstv\u00ed ne\u0159ekli, proto\u017ee jinak by mu ty po\u010d\u00edta\u010de soudem nebyly nikdy vyd\u00e1ny. Podrobn\u011b jsem cel\u00fd proces, kter\u00fd kryl sbor k\u00e1mo\u0161\u016f Bla\u017eka, popisovala d\u0159\u00edve.<\/p>\n<p>A to je v\u00e1\u017een\u00ed velik\u00fd, ale velik\u00fd probl\u00e9m. Ne proto, \u017ee to je cel\u00e9 od po\u010d\u00e1tku \u0161patn\u011b, to je prohnil\u00fdm \u00f3d\u00e9es\u00e1k\u016fm fuk, ale proto, \u017ee st\u00e1t u\u017e \u010d\u00e1st t\u011bch bitcoin\u016f rozprodal a dost t\u00edm na\u0161tval ty lidi, kter\u00fdm je rozprodal. Ti si je mohou toti\u017e tak akor\u00e1t i s tou flashkou pov\u011bsit na n\u00e1st\u011bnku. Nikdo je od nich nekoup\u00ed, proto\u017ee na ka\u017ed\u00e9 burze sv\u00edt\u00ed rud\u011b jako pozad\u00ed star\u00e9ho pavi\u00e1na.<\/p>\n<p>\u201ePokud pan Ji\u0159ikovsk\u00fd bitcoiny n\u011bkomu ukradl, nemohly mu nikdy pat\u0159it. Pak je ot\u00e1zka, jestli je mohl darovat st\u00e1tu. A jestli st\u00e1t je mohl nab\u00fdt \u2013 jestli skute\u010dn\u011b nabyl vlastnick\u00e9 pr\u00e1vo podle z\u00e1kona ke kraden\u00fdm v\u011bcem,\u201c pochyboval David Uhl\u00ed\u0159. A aby nepochyboval, byl pro nadbyte\u010dnost odejit.<\/p>\n<p>Ale vra\u0165me se k t\u011bm investor\u016fm. Oni po\u017eaduj\u00ed od st\u00e1tu jako n\u00e1hradu bitcoiny \u010dist\u00e9. A to m\u016f\u017ee b\u00fdt dost nep\u0159\u00edjemn\u00e9, proto\u017ee se m\u016f\u017ee st\u00e1t, \u017ee za r\u00e1me\u010dek si tu miliardu od Ji\u0159ikovsk\u00e9ho d\u00e1 ministerstvo, a za dal\u0161\u00ed stamiliony, podle kurzu, bude muset \u201evytopit\u201c investor\u016fm ty prav\u00e9. Tak\u017ee \u017e\u00e1dn\u00e1 miliarda zdarma pro st\u00e1t, Pet\u0159e Fialo. Ale po\u0159\u00e1dn\u00fd z\u00e1\u0159ez do rozpo\u010dtu. Dal\u0161\u00ed. Fakt se na to nechcete vyka\u0161lat a p\u0159estat kone\u010dn\u011b z lid\u00ed d\u011blat blbce a lh\u00e1t jako mal\u00e9 upocen\u00e9 d\u00edt\u011b? Vy ne. Ale j\u00e1 douf\u00e1m, \u017ee v\u00e1s to volebn\u011b smete. A p\u0159ijde n\u011bkdo, kdo to bude \u0159e\u0161it minim\u00e1ln\u011b tak d\u016fkladn\u011b, jako vy 15 let \u010cap\u00e1k. [<a href=\"https:\/\/www.facebook.com\/permalink.php?story_fbid=677817888619202&amp;id=100091729913124\" target=\"_blank\" rel=\"noopener\">zdroj<\/a>]<\/p>\n<p data-wp-editing=\"1\"><a title=\"\" href=\"https:\/\/www.nespokojeny.cz\/wp-content\/uploads\/fiala_decroix_bitcoingate.jpg\" data-rel=\"lightbox-image-1\" data-magnific_type=\"image\" data-rl_title=\"\" data-rl_caption=\"\"><img decoding=\"async\" loading=\"lazy\" class=\"aligncenter wp-image-59662\" src=\"https:\/\/www.nespokojeny.cz\/wp-content\/uploads\/fiala_decroix_bitcoingate.jpg\" sizes=\"(max-width: 600px) 100vw, 600px\" srcset=\"https:\/\/www.nespokojeny.cz\/wp-content\/uploads\/fiala_decroix_bitcoingate.jpg 688w, https:\/\/www.nespokojeny.cz\/wp-content\/uploads\/fiala_decroix_bitcoingate-300x169.jpg 300w, https:\/\/www.nespokojeny.cz\/wp-content\/uploads\/fiala_decroix_bitcoingate-450x253.jpg 450w, https:\/\/www.nespokojeny.cz\/wp-content\/uploads\/fiala_decroix_bitcoingate-150x84.jpg 150w\" alt=\"\" width=\"600\" height=\"338\" \/><\/a><\/p>\n<h2><strong>O tich\u00fdch konc\u00edch po hlasit\u00fdch startech<\/strong><\/h2>\n<p>Ve h\u0159e je te\u010f ml\u010denlivost.<\/p>\n<p>Tak to bychom m\u011bli\u2026. Mus\u00edm \u0159\u00edct, \u017ee jsem to tak trochu \u010dekala, tedy v podstat\u011b mne to nep\u0159ekvapilo\u2026 Kdy\u017e pan doktor Uhl\u00ed\u0159 nastupoval do vytvo\u0159en\u00e9 pozice, vzpom\u00edn\u00e1m si, co mne napadlo jako prvn\u00ed \u2013 pane kolego, vy budete rychle ut\u00edkat\u2026 Jen co budete cht\u00edt odv\u00e9st skute\u010dn\u011b onu zadanou pr\u00e1ci\u2026. Oni necht\u011bj\u00ed, abyste napsal skute\u010dn\u011b SV\u00c9 zji\u0161t\u011bn\u00ed, ale abyste se podepsal autoritou sv\u00e9ho jm\u00e9na pod JEJICH tvrzen\u00ed. Proto cht\u011bj\u00ed hlavn\u011b va\u0161e jm\u00e9no, je\u017e je odbornou autoritou\u2026 Ta smlouva je toti\u017e opravdu probl\u00e9m\u2026<\/p>\n<p>A m\u00e1me to tu\u2026 Rychl\u00fd tich\u00fd konec po velkolep\u00e9m hlasit\u00e9m startu\u2026 Osobn\u011b v\u011b\u0159\u00edm tomu, \u017ee kdyby advok\u00e1tn\u00ed pravidla nezakazovala \u201czradit\u201d klienta, pan doktor Uhl\u00ed\u0159 by velmi r\u00e1d zve\u0159ejnil, k jak\u00fdm z\u00e1v\u011br\u016fm do\u0161el. Tipuji onu neplatnost smlouvy \u2013 a to pomoz n\u00e1m (\u010cesk\u00e9 republice) B\u016fh. Ale t\u00edm, \u017ee se bude ukon\u010dovat spolupr\u00e1ce s lidmi, kte\u0159\u00ed t\u011bm paragraf\u016fm opravdu rozum\u00ed, jen proto, \u017ee vyslov\u00ed nep\u0159\u00edjemn\u00e9 z\u00e1v\u011bry, k nim\u017e do\u0161li, se ta realita nezm\u011bn\u00ed\u2026<\/p>\n<p>\u010cek\u00e1 se na to, k \u010demu dojde st\u00e1tn\u00ed zastupitelstv\u00ed, to je linie trestn\u011bpr\u00e1vn\u00ed, a v t\u00e9 ob\u010danskopr\u00e1vn\u00ed se \u010dek\u00e1 \u2013 evidentn\u011b na volby. Nov\u00fd ministr\/ministryn\u011b spravedlnosti to bude m\u00edt pom\u011brn\u011b snadn\u00e9. Posta\u010d\u00ed, kdy\u017e zbav\u00ed pana doktora Uhl\u00ed\u0159e ml\u010denlivosti, a nech\u00e1 ho sepsat onu zpr\u00e1vu. [<a href=\"https:\/\/www.facebook.com\/hamplova65\/posts\/800970012455102\" target=\"_blank\" rel=\"noopener\">zdroj<\/a>]<\/p>\n<h2><strong>Ukl\u00edze\u010dka je to p\u0159\u00edkladn\u00e1<\/strong><\/h2>\n<p>Eva Decroix jasn\u011b dokazuje, \u017ee a\u010d se kolem jej\u00edho vzd\u011bl\u00e1n\u00ed a opr\u00e1vn\u011bnosti z\u00e1pisu do advok\u00e1tn\u00ed komory vyrojily pochybnosti, jedn\u00edm si 100% jist\u00ed b\u00fdt m\u016f\u017eeme.<\/p>\n<p>To, pro\u010d p\u0159i\u0161la na Ministerstvo spravedlnosti po t\u00e9 co rezignoval koordin\u00e1tor pro bitcoinovou kauzu b\u00fdval\u00fd \u00fastavn\u00ed soudce David Uhl\u00ed\u0159, n\u00e1m nyn\u00ed u\u017e v\u0161em mus\u00ed b\u00fdt jasn\u00e9\u2026<\/p>\n<p>Jen p\u0159ed ned\u00e1vnem jmenovan\u00fd koordin\u00e1tor dle informac\u00ed Seznamu \u00fadajn\u011b rezignoval proto, \u017ee cht\u011bl zve\u0159ejnit nep\u0159\u00edjemn\u00e1 zji\u0161t\u011bn\u00ed o tom, \u017ee darovan\u00e9 Bitcoiny nejsp\u00ed\u0161e poch\u00e1zej\u00ed z trestn\u00e9 \u010dinnosti a tak m\u016f\u017ee b\u00fdt darovac\u00ed smlouva, d\u00edky kter\u00e9 je st\u00e1t z\u00edskal neplatn\u00e1. Evidentn\u011b toto ozn\u00e1men\u00ed nebylo sou\u010d\u00e1st\u00ed Evi\u010d\u010diny \u010dasov\u00e9 osy a tak mu nejsp\u00ed\u0161 bylo nazna\u010deno, \u017ee pan\u00ed ministryn\u011b si to u\u017e rad\u011bji \u201edouklid\u00ed\u201c sama\u2026<\/p>\n<p>Tomu, \u017ee Uhl\u00ed\u0159 splnil zad\u00e1n\u00ed a tak je (dle Evi\u010dky Zameta\u010dky) zbyte\u010dn\u00e9 jej d\u00e1le platit, by nemohl v\u011b\u0159it snad ani Ot\u00edk R\u00e1kosn\u00edk, co se tak maxim\u00e1ln\u011b zmohl na to \u0159\u00edct p\u0159i pr\u016fjezdu Berounem, \u201eBeroun\u201c.<\/p>\n<p>Pan koordin\u00e1tor Uhl\u00ed\u0159 svou funkci opustil, ani\u017e by to jakkoliv komentoval. Z\u0159ejm\u011b pochopil, \u017ee nebude-li zachov\u00e1vat omertu, m\u016f\u017ee p\u0159ij\u00edt vendeta.<\/p>\n<p>T\u0159eba m\u00e1 taky balkon um\u00edst\u011bn pom\u011brn\u011b vysoko nebo se chyst\u00e1 na dovolenou do Emir\u00e1t\u016f. Nicm\u00e9n\u011b i kdy\u017e mnohdy nic ne\u0159eknete, stejn\u011b je v\u0161e vyk\u0159i\u010deno do sv\u011bta a to se pr\u00e1v\u011b te\u010f stalo.<\/p>\n<p>Bohu\u017eel je v\u00edce ne\u017e pravd\u011bpodobn\u00e9 \u017ee i p\u0159es tento fakt, st\u00e1le se nesp\u00ed\u0161 najde dost jedinc\u016f, kte\u0159\u00ed to zaslou\u017eil\u00e9mu kampeli\u010dkov\u00e9mu dru\u017estevn\u00edkovi a obdivuhodn\u00e9mu investorovi kter\u00e9mu ten zapomenut\u00fd milion vyd\u011blal t\u011bch \u00fa\u017easn\u00fdch 245 korun za p\u011bt let, stejn\u011b hod\u00ed.<\/p>\n<p>To bohu\u017eel jen prokazuje ten fakt, \u017ee v ka\u017ed\u00e9m spole\u010dnosti je ur\u010dit\u011b procento masochist\u016f, kte\u0159\u00ed si prost\u011b libuj\u00ed v sebetr\u00fdzn\u011bn\u00ed\u2026<\/p>\n<p>Tak snad p\u0159ijdou k t\u011bm volb\u00e1m vyzdobeni roub\u00edkem v \u00fastech a uta\u017eenou smy\u010dkou kolem krku, d\u00edky \u010demu\u017e zna\u010dn\u011b promodraj\u00ed, aby si ten slavnostn\u00ed volebn\u00ed akt mohli \u0159\u00e1dn\u011b u\u017e\u00edt\u2026<\/p>\n<p>V\u011b\u0159\u00edm ale \u017ee to bude jejich slast posledn\u00ed, nebo\u0165 a\u017e se v\u0161echny ty hlasy se\u010dtou i oni se z nich dozv\u011bd\u00ed, \u017ee budouc\u00ed \u010dinnost\u00ed na\u0161eho derni\u00e9ra, bude u\u017e jen pouh\u00e9 v\u00e1z\u00e1n\u00ed bro\u017eurek pro barmsk\u00e9 \u017eeny. [<a href=\"https:\/\/www.facebook.com\/permalink.php?story_fbid=2536487146732596&amp;id=100011140057460\" target=\"_blank\" rel=\"noopener\">zdroj<\/a>]<\/p>\n<div id=\"arve-iframe-688a5aa40874b762905786\" class=\"arve aligncenter\" data-mode=\"normal\" data-provider=\"iframe\"><span class=\"arve-inner\"><span class=\"arve-embed arve-embed--has-aspect-ratio\"><iframe class=\"arve-iframe fitvidsignore\" src=\"https:\/\/www.facebook.com\/plugins\/video.php?height=476&amp;href=https%3A%2F%2Fwww.facebook.com%2Fmudrjirimasek%2Fvideos%2F1091714633025992%2F&amp;show_text=false&amp;width=476&amp;t=0\" frameborder=\"0\" scrolling=\"no\" allowfullscreen=\"allowfullscreen\" data-arve=\"arve-iframe-688a5aa40874b762905786\" data-src-no-ap=\"https:\/\/www.facebook.com\/plugins\/video.php?height=476&amp;href=https%3A%2F%2Fwww.facebook.com%2Fmudrjirimasek%2Fvideos%2F1091714633025992%2F&amp;show_text=false&amp;width=476&amp;t=0\" data-mce-fragment=\"1\"><\/iframe><\/span><\/span><\/div>\n<h2><strong>Bordel za miliardu.\u00a0<\/strong>Bla\u017ek\u016fv k\u0161eft stolet\u00ed, co te\u010f zaplat\u00edme my v\u0161ichni<\/h2>\n<p>David Uhl\u00ed\u0159, koordin\u00e1tor \u0161et\u0159en\u00ed na Ministerstvu spravedlnosti, m\u011bl v srpnu napsat do z\u00e1v\u011bre\u010dn\u00e9 zpr\u00e1vy jednu z\u00e1sadn\u00ed v\u011btu: \u017ee darovac\u00ed smlouva mezi krimin\u00e1ln\u00edkem Ji\u0159ikovsk\u00fdm a ministerstvem je od po\u010d\u00e1tku neplatn\u00e1.<\/p>\n<p>Pro\u010d?<br \/>\nProto\u017ee darovat st\u00e1tu miliardov\u00e9 bitcoiny z trestn\u00e9 \u010dinnosti prost\u011b NELZE.<br \/>\nP\u0159ekvapen\u00ed?<\/p>\n<p>No teda, bomba novinka. Za st\u00e1tn\u00ed plat bych to napsal taky. A do druh\u00e9ho dne. To by \u010dlov\u011bk ne\u010dekal, \u017ee kdy\u017e si vezme\u0161 od zlod\u011bje \u0161pinav\u00fd prachy, tak z toho m\u016f\u017ee b\u00fdt pr\u016f\u0161vih.<\/p>\n<p>Jen\u017ee tady u\u017e nejde o drobn\u00e9.<br \/>\nTy bitcoiny st\u00e1t mezit\u00edm rozprodal investor\u016fm.<br \/>\nA ti te\u010f cht\u011bj\u00ed svoje pen\u00edze zp\u011bt.<\/p>\n<p>Nebo \u2013 pokud mo\u017eno \u2013 jin\u00e9, \u010dist\u00e9 bitcoiny. A v\u00edte co? Maj\u00ed pravdu. Proto\u017ee jim st\u00e1t \u2013 za ministra Bla\u017eka \u2013 prodal majetek, kter\u00fd zjevn\u011b poch\u00e1z\u00ed ze zlo\u010dinu. Jin\u00fdmi slovy: st\u00e1t se de facto dopustil pran\u00ed \u0161pinav\u00fdch pen\u011bz.<\/p>\n<p>A te\u010f to bouch\u00e1.<br \/>\nN\u011bkter\u00fdm investor\u016fm st\u00e1t v\u016fbec nic neposlal.<\/p>\n<p>Jin\u00ed u\u017e dostali BTC, ale te\u010f jim pr\u00e1vn\u00edci \u0159\u00edkaj\u00ed, \u017ee to je \u201ezna\u010denej materi\u00e1l\u201c. A v\u0161ichni \u2013 naprosto pochopiteln\u011b \u2013 po\u017eaduj\u00ed n\u00e1hradu.<\/p>\n<p>Co na to \u0159\u00edk\u00e1 st\u00e1t? \u201ePromi\u0148te, n\u00e1m to tady n\u011bjak zamrzlo.\u201c Tak ur\u010dit\u011b.<\/p>\n<p>Z 468 bitcoin\u016f u\u017e je 235 fu\u010d. Zbytek \u2013 233 \u2013 z\u016fst\u00e1v\u00e1 v majetku st\u00e1tu. Ale na ty u\u017e nikdo nesm\u00ed ani s\u00e1hnout, proto\u017ee t\u00edm by st\u00e1t mohl sp\u00e1chat dal\u0161\u00ed legalizaci v\u00fdnos\u016f z trestn\u00e9 \u010dinnosti.<\/p>\n<p>Tohle je \u0161\u00edlen\u00fd.<\/p>\n<p>Pr\u00e1vn\u00edci te\u010f p\u0159ipravuj\u00ed krizov\u00e9 sc\u00e9n\u00e1\u0159e: zru\u0161en\u00ed smluv, hromadn\u00e9 \u017ealoby, n\u00e1hrady \u0161kody, arbitr\u00e1\u017ee, po\u017eadavky na u\u0161l\u00fd zisk\u2026 V\u0161e na st\u016fl. A h\u00e1dejte co: bitcoin u\u017e stoj\u00ed p\u0159es 2,5 milionu za kus.<\/p>\n<p>Tak si to spo\u010d\u00edtejte: kr\u00e1t dv\u011b st\u011b t\u0159icet, plus pr\u00e1vn\u00ed v\u00fddaje a kompenzace\u2026<br \/>\nBav\u00edme se o \u0161kod\u011b ve v\u00fd\u0161i dvou, mo\u017en\u00e1 t\u0159\u00ed miliard.<\/p>\n<p>Jo. To nen\u00ed drobn\u00fd tunel, to je Bla\u017ek\u016fv \u010dern\u00fd monolit. To tady s n\u00e1mi z\u016fstane roky. Jako Diag Human!. A ka\u017ed\u00e1 dal\u0161\u00ed minuta, kdy se to dr\u017e\u00ed pod pokli\u010dkou, n\u00e1s v\u0161echny bude st\u00e1t dal\u0161\u00ed pen\u00edze.<\/p>\n<p>Odpov\u011bdnost?<br \/>\nSPOLU. ODS. STAN.<br \/>\nBla\u017eek. Eva Decroix.<\/p>\n<p>A prezident Petr Pavel, kter\u00fd jej\u00ed jmenov\u00e1n\u00ed v klidu podepsal, p\u0159esto\u017ee bylo p\u0159edem jasn\u00e9, \u017ee jej\u00ed role nen\u00ed nic jin\u00e9ho ne\u017e zametat a d\u011blat mrtv\u00e9ho brouka.<\/p>\n<p>Pan\u00ed ministryn\u011b Decroixov\u00e1 nep\u0159ekvapila. Jej\u00ed role? Zdr\u017eet \u0161et\u0159en\u00ed tak dlouho, ne\u017e to p\u0159ebij\u00ed volby a jin\u00fd pr\u016f\u0161vih. Jen\u017ee chyba l\u00e1vky \u2013 u\u017e to bouchlo. A te\u010f se z toho nevyhrabeme.<\/p>\n<p>Gratulujeme SPOLU a STAN!<br \/>\nD\u00edky v\u00e1m m\u00e1me na krku dal\u0161\u00ed miliardovou d\u00edru.<br \/>\nA zbydou n\u00e1m akor\u00e1t bezcenn\u00e9, toxick\u00e9 bitcoiny.<\/p>\n<p>A\u017e zase n\u011bkdo bude mluvit o \u201eodpov\u011bdn\u00e9 vl\u00e1d\u011b\u201c, p\u0159ipome\u0148te si tohle. St\u00e1t rozprodal kraden\u00fd majetek, zpackal to na v\u0161echny zp\u016fsoby, a te\u010f si hraje na mrtv\u00e9ho brouka.<\/p>\n<p>A co my?<br \/>\nMy to v\u0161echno jako obvykle zaplat\u00edme.<br \/>\nJako pitomci.\u00a0[<a href=\"https:\/\/www.facebook.com\/watch\/?v=1091714633025992\" target=\"_blank\" rel=\"noopener\">zdroj<\/a>]<\/p>\n<p><a href=\"https:\/\/www.nespokojeny.cz\/evicka-dukladne-zametla-v-kauze-bitcoinu-zadna-zaverecna-zprava-nebude-zapomente\/\">NESPOKOJEN\u00dd<\/a><\/p>\n<p>&nbsp;<\/p>\n","protected":false},"excerpt":{"rendered":"<p>B\u00fdval\u00fd \u00fastavn\u00ed soudce David Uhl\u00ed\u0159, jmenovan\u00fd\u00a0ministryn\u00ed Decroix\u00a0do funkce poradce pro\u00a0bitcoinovou kauzu, se\u00a0chystal v z\u00e1v\u011bre\u010dn\u00e9 zpr\u00e1v\u011b&#8230;<\/p>\n","protected":false},"author":2,"featured_media":80708,"comment_status":"closed","ping_status":"closed","sticky":false,"template":"","format":"standard","meta":[],"categories":[6],"tags":[9250,4758,5817],"_links":{"self":[{"href":"https:\/\/www.infokuryr.cz\/n\/wp-json\/wp\/v2\/posts\/84682"}],"collection":[{"href":"https:\/\/www.infokuryr.cz\/n\/wp-json\/wp\/v2\/posts"}],"about":[{"href":"https:\/\/www.infokuryr.cz\/n\/wp-json\/wp\/v2\/types\/post"}],"author":[{"embeddable":true,"href":"https:\/\/www.infokuryr.cz\/n\/wp-json\/wp\/v2\/users\/2"}],"replies":[{"embeddable":true,"href":"https:\/\/www.infokuryr.cz\/n\/wp-json\/wp\/v2\/comments?post=84682"}],"version-history":[{"count":0,"href":"https:\/\/www.infokuryr.cz\/n\/wp-json\/wp\/v2\/posts\/84682\/revisions"}],"wp:featuredmedia":[{"embeddable":true,"href":"https:\/\/www.infokuryr.cz\/n\/wp-json\/wp\/v2\/media\/80708"}],"wp:attachment":[{"href":"https:\/\/www.infokuryr.cz\/n\/wp-json\/wp\/v2\/media?parent=84682"}],"wp:term":[{"taxonomy":"category","embeddable":true,"href":"https:\/\/www.infokuryr.cz\/n\/wp-json\/wp\/v2\/categories?post=84682"},{"taxonomy":"post_tag","embeddable":true,"href":"https:\/\/www.infokuryr.cz\/n\/wp-json\/wp\/v2\/tags?post=84682"}],"curies":[{"name":"wp","href":"https:\/\/api.w.org\/{rel}","templated":true}]}}