{"id":84680,"date":"2025-07-31T00:38:41","date_gmt":"2025-07-30T22:38:41","guid":{"rendered":"https:\/\/www.infokuryr.cz\/n\/?p=84680"},"modified":"2025-07-30T20:00:29","modified_gmt":"2025-07-30T18:00:29","slug":"bodnuti-do-srdce-klimatickeho-kultu-trump-prohlasuje-valku-s-co2-za-ukoncenou","status":"publish","type":"post","link":"https:\/\/www.infokuryr.cz\/n\/2025\/07\/31\/bodnuti-do-srdce-klimatickeho-kultu-trump-prohlasuje-valku-s-co2-za-ukoncenou\/","title":{"rendered":"Bodnut\u00ed do srdce klimatick\u00e9ho kultu \u2013 Trump prohla\u0161uje v\u00e1lku s CO2 za ukon\u010denou"},"content":{"rendered":"<div id=\"fb-root\"><\/div>\n<p><strong><span dir=\"auto\">Americk\u00e1 Agentura pro ochranu \u017eivotn\u00edho prost\u0159ed\u00ed (EPA) je v hled\u00e1\u010dku Donalda Trumpa. Nejde j\u00ed o nic men\u0161\u00edho ne\u017e o ukon\u010den\u00ed \u0161\u00edlenstv\u00ed s CO2 a n\u00e1vrat k norm\u00e1lu. Jak m\u016f\u017eete v\u016fbec prohl\u00e1sit d\u016fle\u017eitou rostlinnou potravinu za \u201ezne\u010di\u0161\u0165ovatel ovzdu\u0161\u00ed\u201c? Ale klimati\u010dt\u00ed apokalyptici se nevzdaj\u00ed bez boje.<\/span><\/strong><\/p>\n<p><span dir=\"auto\">Bylo jen ot\u00e1zkou \u010dasu, ne\u017e Donald Trump spust\u00ed dal\u0161\u00ed \u010deln\u00ed \u00fatok na klimatick\u00fd kartel. Pot\u00e9, co odstoupil od Pa\u0159\u00ed\u017esk\u00e9 dohody a spojil s\u00edly s ropn\u00fdm a uheln\u00fdm pr\u016fmyslem, republik\u00e1nsk\u00fd prezident nyn\u00ed jde naplno: Americk\u00e1 Agentura pro ochranu \u017eivotn\u00edho prost\u0159ed\u00ed (EPA) by ji\u017e nem\u011bla klasifikovat sklen\u00edkov\u00e9 plyny jako \u0161kodliv\u00e9 pro zdrav\u00ed. \u201eStanoven\u00ed rizik\u201c z roku 2009 \u2013 tak\u0159\u00edkaj\u00edc posv\u00e1tn\u00e1 kr\u00e1va klimatick\u00e9 politiky \u2013 je p\u0159ipraveno k por\u00e1\u017ece. R\u00e1na do b\u0159icha klimatick\u00e9mu kultu, kter\u00fd po desetilet\u00ed zotro\u010duje cel\u00e1 pr\u016fmyslov\u00e1 odv\u011btv\u00ed obchodem s CO2. Nen\u00ed tedy divu, \u017ee i \u201einline\u201c n\u011bme\u010dt\u00ed mainstreamov\u00ed aktivist\u00e9 tyto zpr\u00e1vy\u00a0<\/span><a href=\"https:\/\/www.n-tv.de\/politik\/USA-wollen-Kampf-gegen-Erderwaermung-beenden-article25933148.html\"><span dir=\"auto\">ost\u0159e kritizuj\u00ed<\/span><\/a><span dir=\"auto\"> .<\/span><\/p>\n<p><span dir=\"auto\">Lee Zeldin, \u0161\u00e9f Trumpovy agentury EPA, tento krok bez ostychu naz\u00fdv\u00e1 \u201enejv\u011bt\u0161\u00edm deregula\u010dn\u00edm opat\u0159en\u00edm v historii USA\u201c. A skute\u010dn\u011b, pokud Kongres bude hr\u00e1t ruku v ruce, pr\u00e1vn\u00ed z\u00e1klad pro v\u011bt\u0161inu nesmysln\u00fdch klimatick\u00fdch p\u0159edpis\u016f \u2013 od emisn\u00edch norem a\u017e po p\u0159edpisy pro elektr\u00e1rny \u2013 se rozpadne. Poselstv\u00ed je jasn\u00e9: USA se vracej\u00ed do reality, zat\u00edmco Evropa nad\u00e1le uct\u00edv\u00e1 v\u011btrn\u00e9 turb\u00edny a sol\u00e1rn\u00ed panely jako ikony nov\u00e9ho klimatick\u00e9ho n\u00e1bo\u017eenstv\u00ed.<\/span><\/p>\n<h3 id=\"h-die-gefahrdungsfeststellung-dogma-eines-co\u2082-kults\" class=\"wp-block-heading\"><span dir=\"auto\">\u201eHodnocen\u00ed rizik\u201c \u2013 dogma kultu CO\u2082<\/span><\/h3>\n<p><span dir=\"auto\">Od roku 2009 je CO2 ve Spojen\u00fdch st\u00e1tech ofici\u00e1ln\u011b klasifikov\u00e1n jako zne\u010di\u0161\u0165ovatel ovzdu\u0161\u00ed \u2013 na z\u00e1klad\u011b pochybn\u00fdch v\u011bdeck\u00fdch p\u0159edsudk\u016f, kter\u00e9 se ji\u017e d\u00e1vno staly nov\u00fdm ortodoxn\u00edm n\u00e1zorem v politicky nabit\u00e9 debat\u011b o klimatu. V t\u00e9 dob\u011b Nejvy\u0161\u0161\u00ed soud na\u0159\u00eddil Agentu\u0159e pro ochranu \u017eivotn\u00edho prost\u0159ed\u00ed (EPA) regulovat sklen\u00edkov\u00e9 plyny, co\u017e bylo za Obamy provedeno s prakticky n\u00e1bo\u017eenskou horlivost\u00ed. Automobilky, elektr\u00e1rny a spot\u0159ebitel\u00e9 za to zaplatili cenu \u2013 miliardov\u00e9 n\u00e1klady a ekonomick\u00e1 omezen\u00ed.<\/span><\/p>\n<p><span dir=\"auto\">Zeldin chce tuto scestnou cestu ukon\u010dit. Skute\u010dnost, \u017ee CO2 je \u201emolekula \u017eivota\u201c \u2013 nezbytn\u00e1 pro fotosynt\u00e9zu, a tedy i pro rostlinn\u00fd sv\u011bt \u2013 byla klimatick\u00fdmi dogmatici v\u017edy ignorov\u00e1na. M\u00edsto toho navrhuj\u00ed apokalypsu a klimatick\u00fd kolaps, aby si zajistili politickou moc a toky dotac\u00ed. Nyn\u00ed by tato k\u0159\u00ed\u017eov\u00e1 v\u00fdprava proti uhl\u00edku mohla ztratit sv\u016fj pr\u00e1vn\u00ed z\u00e1klad.<\/span><\/p>\n<figure class=\"wp-block-embed is-type-rich is-provider-twitter wp-block-embed-twitter\">\n<div class=\"wp-block-embed__wrapper\">\n<div class=\"twitter-tweet twitter-tweet-rendered\"><iframe id=\"twitter-widget-0\" class=\"\" title=\"X P\u0159\u00edsp\u011bvek\" src=\"https:\/\/platform.twitter.com\/embed\/Tweet.html?dnt=true&amp;embedId=twitter-widget-0&amp;features=eyJ0ZndfdGltZWxpbmVfbGlzdCI6eyJidWNrZXQiOltdLCJ2ZXJzaW9uIjpudWxsfSwidGZ3X2ZvbGxvd2VyX2NvdW50X3N1bnNldCI6eyJidWNrZXQiOnRydWUsInZlcnNpb24iOm51bGx9LCJ0ZndfdHdlZXRfZWRpdF9iYWNrZW5kIjp7ImJ1Y2tldCI6Im9uIiwidmVyc2lvbiI6bnVsbH0sInRmd19yZWZzcmNfc2Vzc2lvbiI6eyJidWNrZXQiOiJvbiIsInZlcnNpb24iOm51bGx9LCJ0ZndfZm9zbnJfc29mdF9pbnRlcnZlbnRpb25zX2VuYWJsZWQiOnsiYnVja2V0Ijoib24iLCJ2ZXJzaW9uIjpudWxsfSwidGZ3X21peGVkX21lZGlhXzE1ODk3Ijp7ImJ1Y2tldCI6InRyZWF0bWVudCIsInZlcnNpb24iOm51bGx9LCJ0ZndfZXhwZXJpbWVudHNfY29va2llX2V4cGlyYXRpb24iOnsiYnVja2V0IjoxMjA5NjAwLCJ2ZXJzaW9uIjpudWxsfSwidGZ3X3Nob3dfYmlyZHdhdGNoX3Bpdm90c19lbmFibGVkIjp7ImJ1Y2tldCI6Im9uIiwidmVyc2lvbiI6bnVsbH0sInRmd19kdXBsaWNhdGVfc2NyaWJlc190b19zZXR0aW5ncyI6eyJidWNrZXQiOiJvbiIsInZlcnNpb24iOm51bGx9LCJ0ZndfdXNlX3Byb2ZpbGVfaW1hZ2Vfc2hhcGVfZW5hYmxlZCI6eyJidWNrZXQiOiJvbiIsInZlcnNpb24iOm51bGx9LCJ0ZndfdmlkZW9faGxzX2R5bmFtaWNfbWFuaWZlc3RzXzE1MDgyIjp7ImJ1Y2tldCI6InRydWVfYml0cmF0ZSIsInZlcnNpb24iOm51bGx9LCJ0ZndfbGVnYWN5X3RpbWVsaW5lX3N1bnNldCI6eyJidWNrZXQiOnRydWUsInZlcnNpb24iOm51bGx9LCJ0ZndfdHdlZXRfZWRpdF9mcm9udGVuZCI6eyJidWNrZXQiOiJvbiIsInZlcnNpb24iOm51bGx9fQ%3D%3D&amp;frame=false&amp;hideCard=false&amp;hideThread=false&amp;id=1950346740881609115&amp;lang=cs&amp;origin=https%3A%2F%2Freport24.news%2Fein-dolchstoss-ins-herz-der-klimasekte-trump-erklaert-den-co2-krieg-fuer-beendet%2F&amp;sessionId=92820987bde44e65d8ac3d1de4ad78cdf5df6c2c&amp;theme=light&amp;widgetsVersion=2615f7e52b7e0%3A1702314776716&amp;width=550px\" frameborder=\"0\" scrolling=\"no\" allowfullscreen=\"allowfullscreen\" data-tweet-id=\"1950346740881609115\" data-mce-fragment=\"1\"><\/iframe><\/div>\n<\/div>\n<\/figure>\n<h3 id=\"h-technologischer-fortschritt-statt-klima-bussergewand\" class=\"wp-block-heading\"><span dir=\"auto\">Technologick\u00fd pokrok m\u00edsto klimatick\u00fdch kaj\u00edcn\u00fdch rouch<\/span><\/h3>\n<p><span dir=\"auto\">Zeldin\u016fv argument: P\u016fvodn\u00ed \u201eZji\u0161t\u011bn\u00ed o ohro\u017een\u00ed\u201c je zalo\u017eeno na zastaral\u00fdch datech a ignoruje technologick\u00fd v\u00fdvoj. Modern\u00ed motory, filtra\u010dn\u00ed syst\u00e9my a vylep\u0161en\u00ed \u00fa\u010dinnosti zlep\u0161uj\u00ed kvalitu ovzdu\u0161\u00ed v USA po cel\u00e1 desetilet\u00ed \u2013 bez jak\u00e9hokoli povinn\u00e9ho \u0159\u00edzen\u00ed emis\u00ed CO2. Pro\u010d tedy d\u00e9monizovat molekulu, kter\u00e1 je p\u0159\u00edrodn\u00edho p\u016fvodu a jej\u00ed\u017e \u201e\u0161kodlivost\u201c je sp\u00ed\u0161e politick\u00fdm konsensem ne\u017e v\u011bdeck\u00fdm faktem?<\/span><\/p>\n<p><span dir=\"auto\">P\u0159edstava, \u017ee CO2 s\u00e1m o sob\u011b p\u0159edstavuje hrozbu pro ve\u0159ejn\u00e9 zdrav\u00ed, je ideologick\u00fd konstrukt. Skute\u010dnost, \u017ee tento m\u00fdtus je nyn\u00ed pr\u00e1vn\u011b zpochyb\u0148ov\u00e1n, roz\u010diluje klimatick\u00fd kult. Ekologick\u00e9 skupiny zu\u0159\u00ed, klimati\u010dt\u00ed aktivist\u00e9 volaj\u00ed po odporu a think tanky to naz\u00fdvaj\u00ed \u201esabot\u00e1\u017e\u00ed\u201c. Washington v\u0161ak jednodu\u0161e d\u011bl\u00e1 to, co m\u011bl u\u017e d\u00e1vno na spadnut\u00ed: zbavuje technokratickou agenturu, kter\u00e1 se pov\u00fd\u0161ila na klimatick\u00e9ho vy\u0161et\u0159ovatele.<\/span><\/p>\n<h3 id=\"h-gerichtsstreit-als-showdown-der-klima-ideologie\" class=\"wp-block-heading\"><span dir=\"auto\">Soudn\u00ed spor jako z\u00fa\u010dtov\u00e1n\u00ed klimatick\u00e9 ideologie<\/span><\/h3>\n<p><span dir=\"auto\">Zru\u0161en\u00ed \u201eur\u010den\u00ed ohro\u017een\u00ed\u201c samoz\u0159ejm\u011b neprojde bez boje. Do 45 dn\u016f mohou nevl\u00e1dn\u00ed organizace, pr\u016fmyslov\u00e1 sdru\u017een\u00ed a klimati\u010dt\u00ed proroci vyj\u00e1d\u0159it sv\u00e9 pobou\u0159en\u00ed v prohl\u00e1\u0161en\u00edch. A nejpozd\u011bji Nejvy\u0161\u0161\u00ed soud rozhodne, zda se USA mohou trvale emancipovat od klimatick\u00e9ho n\u00e1bo\u017eenstv\u00ed.<\/span><\/p>\n<p><span dir=\"auto\">Ale znamen\u00ed jsou dobr\u00e1. Nejvy\u0161\u0161\u00ed soud nyn\u00ed ovl\u00e1daj\u00ed konzervativci. Ji\u017e v roce 2024 soud rozhodl, \u017ee EPA si nem\u016f\u017ee vytv\u00e1\u0159et vlastn\u00ed pravomoci. Pr\u00e1vn\u00ed trn v oku regul\u00e1tor\u016f klimatu \u2013 nyn\u00ed by se to mohlo uk\u00e1zat jako osudn\u00e9.<\/span><\/p>\n<p><span dir=\"auto\">Zat\u00edmco eurokrat\u00e9 v Bruselu vym\u00fd\u0161lej\u00ed nov\u00e9 dan\u011b z CO2, cht\u011bj\u00ed zak\u00e1zat maso a postupn\u011b vyvlast\u0148uj\u00ed farm\u00e1\u0159e, USA se vyd\u00e1vaj\u00ed jinou cestou: n\u00e1vratem k racionalit\u011b. M\u016f\u017ee chv\u00edli trvat, ne\u017e padne posledn\u00ed ba\u0161ta zelen\u00e9 sekty. Ale n\u016f\u017e do zad byl zasa\u017een \u2013 p\u0159\u00edmo do srdce n\u00e1bo\u017eenstv\u00ed klimatick\u00fdch zm\u011bn.<\/span><\/p>\n<p><img decoding=\"async\" loading=\"lazy\" class=\"alignnone size-full wp-image-1185\" src=\"http:\/\/www.infokuryr.cz\/n\/wp-content\/uploads\/2021\/04\/kuryr-podpis.png\" alt=\"\" width=\"84\" height=\"24\" \/><\/p>\n<p>&nbsp;<\/p>\n","protected":false},"excerpt":{"rendered":"<p>Americk\u00e1 Agentura pro ochranu \u017eivotn\u00edho prost\u0159ed\u00ed (EPA) je v hled\u00e1\u010dku Donalda Trumpa. Nejde j\u00ed o&#8230;<\/p>\n","protected":false},"author":2,"featured_media":84681,"comment_status":"closed","ping_status":"closed","sticky":false,"template":"","format":"standard","meta":[],"categories":[7],"tags":[2692,873,452],"_links":{"self":[{"href":"https:\/\/www.infokuryr.cz\/n\/wp-json\/wp\/v2\/posts\/84680"}],"collection":[{"href":"https:\/\/www.infokuryr.cz\/n\/wp-json\/wp\/v2\/posts"}],"about":[{"href":"https:\/\/www.infokuryr.cz\/n\/wp-json\/wp\/v2\/types\/post"}],"author":[{"embeddable":true,"href":"https:\/\/www.infokuryr.cz\/n\/wp-json\/wp\/v2\/users\/2"}],"replies":[{"embeddable":true,"href":"https:\/\/www.infokuryr.cz\/n\/wp-json\/wp\/v2\/comments?post=84680"}],"version-history":[{"count":0,"href":"https:\/\/www.infokuryr.cz\/n\/wp-json\/wp\/v2\/posts\/84680\/revisions"}],"wp:featuredmedia":[{"embeddable":true,"href":"https:\/\/www.infokuryr.cz\/n\/wp-json\/wp\/v2\/media\/84681"}],"wp:attachment":[{"href":"https:\/\/www.infokuryr.cz\/n\/wp-json\/wp\/v2\/media?parent=84680"}],"wp:term":[{"taxonomy":"category","embeddable":true,"href":"https:\/\/www.infokuryr.cz\/n\/wp-json\/wp\/v2\/categories?post=84680"},{"taxonomy":"post_tag","embeddable":true,"href":"https:\/\/www.infokuryr.cz\/n\/wp-json\/wp\/v2\/tags?post=84680"}],"curies":[{"name":"wp","href":"https:\/\/api.w.org\/{rel}","templated":true}]}}