{"id":84664,"date":"2025-07-31T00:24:35","date_gmt":"2025-07-30T22:24:35","guid":{"rendered":"https:\/\/www.infokuryr.cz\/n\/?p=84664"},"modified":"2025-07-30T13:49:35","modified_gmt":"2025-07-30T11:49:35","slug":"marocan-uveznen-ve-francii-za-pobodani-spolubydliciho-ktery-prohlasil-piti-alkoholu-za-haram","status":"publish","type":"post","link":"https:\/\/www.infokuryr.cz\/n\/2025\/07\/31\/marocan-uveznen-ve-francii-za-pobodani-spolubydliciho-ktery-prohlasil-piti-alkoholu-za-haram\/","title":{"rendered":"Maro\u010dan uv\u011bzn\u011bn ve Francii za pobod\u00e1n\u00ed spolubydl\u00edc\u00edho, kter\u00fd prohl\u00e1sil pit\u00ed alkoholu za haram"},"content":{"rendered":"<div id=\"fb-root\"><\/div>\n<h3 class=\"s-tagline fw-tagline\"><span dir=\"auto\">K \u00fatoku do\u0161lo pot\u00e9, co ob\u011b\u0165 protestovala proti skladov\u00e1n\u00ed piva ve spole\u010dn\u00e9 lednici, co\u017e vyvolalo zu\u0159iv\u00fd \u00fatok no\u017eem.<\/span><\/h3>\n<p><span dir=\"auto\">Marock\u00fd st\u00e1tn\u00ed p\u0159\u00edslu\u0161n\u00edk byl odsouzen ke dv\u011bma let\u016fm v\u011bzen\u00ed a musel opustit Francii pot\u00e9, co b\u011bhem h\u00e1dky o alkoholu za\u00fato\u010dil no\u017eem na sv\u00e9ho spolubydl\u00edc\u00edho migranta, sly\u0161el ve \u010dtvrtek 24. \u010dervence soud v Libourne.<\/span><\/p>\n<p><span dir=\"auto\">K incidentu do\u0161lo v p\u00e1tek 27. \u010dervna ve\u010der na ulici Rue du Port-Coiff\u00e9 v Libourne.<\/span><\/p>\n<p><span dir=\"auto\">Z\u00e1chrann\u00e9 slo\u017eky reagovaly na hl\u00e1\u0161en\u00ed o bodnut\u00ed no\u017eem a nalezly ob\u011b\u0165 sed\u00edc\u00ed na zemi, t\u011b\u017ece zran\u011bnou a \u201ekoupaj\u00edc\u00ed se ve vlastn\u00ed krvi\u201c, shrnul soudu p\u0159edsedaj\u00edc\u00ed soudce. Ob\u011b\u0165 utrp\u011bla hlubok\u00e1 zran\u011bn\u00ed na z\u00e1dech, krku, ky\u010dli a p\u0159edlokt\u00ed, kter\u00e1 vy\u017eadovala nemocni\u010dn\u00ed o\u0161et\u0159en\u00ed a 12denn\u00ed pracovn\u00ed neschopnost.<\/span><\/p>\n<p><span dir=\"auto\">Jak informoval\u00a0<\/span><a href=\"https:\/\/www.sudouest.fr\/gironde\/libourne\/agression-a-l-arme-blanche-a-libourne-deux-ans-ferme-pour-le-prevenu-25360038.php\"><span dir=\"auto\">Sud Ouest<\/span><\/a><span dir=\"auto\">\u00a0, \u00fato\u010dn\u00edk, 26let\u00fd Maro\u010dan, kter\u00fd \u017eil ve stejn\u00e9m obydlen\u00e9m byt\u011b jako ob\u011b\u0165, utrp\u011bl tak\u00e9 zran\u011bn\u00ed, v\u010detn\u011b zlomen\u00e9ho nosu.<\/span><\/p>\n<p><span dir=\"auto\">Ob\u017ealovan\u00fd \u00fatok u soudu zpo\u010d\u00e1tku pop\u0159el s t\u00edm, \u017ee \u201ev\u0161echno, co jsem sly\u0161el, je le\u017e.\u201c Forenzn\u00ed d\u016fkazy v\u0161ak jeho tvrzen\u00ed vyvr\u00e1tily. Na sk\u0159\u00edni v jeho pokoji byl nalezen zakrv\u00e1cen\u00fd kuchy\u0148sk\u00fd n\u016f\u017e s jeho otisky prst\u016f. Tvrdil, \u017ee krev poch\u00e1z\u00ed z kr\u00e1jen\u00ed zeleniny p\u0159edchoz\u00edho dne, co\u017e soud vysv\u011btlen\u00ed nep\u0159ijal.<\/span><\/p>\n<p><span dir=\"auto\">Konfrontace za\u010dala, kdy\u017e ob\u017ealovan\u00fd um\u00edstil pivo do ledni\u010dky nach\u00e1zej\u00edc\u00ed se v pokoji ob\u011bti. Ob\u011b\u0165 protestovala s t\u00edm, \u017ee alkohol je \u201eharam\u201c, a proto je v isl\u00e1mu zak\u00e1zan\u00fd. H\u00e1dka se rychle vyhrotila. \u201eZak\u00e1zali mi p\u00edt alkohol, proto\u017ee je to haram,\u201c \u0159ekl ob\u017ealovan\u00fd soudu. Pot\u00e9 se k rva\u010dce p\u0159iznal, ale pop\u0159el, \u017ee by pou\u017eil n\u016f\u017e, a trval na tom: \u201eOn to za\u010dal. Neuhodil jsem ho no\u017eem.\u201c<\/span><\/p>\n<p><span dir=\"auto\">Soud sly\u0161el, \u017ee dvojice pat\u0159ila k 16 migrant\u016fm \u017eij\u00edc\u00edm v st\u00edsn\u011bn\u00e9m byt\u011b o rozloze 65 metr\u016f \u010dtvere\u010dn\u00edch, p\u0159i\u010dem\u017e ka\u017ed\u00fd platil n\u00e1jemn\u00e9 ve v\u00fd\u0161i 100 a\u017e 300 eur. Obhajoba argumentovala, \u017ee p\u0159epln\u011bn\u00e9 podm\u00ednky a nedostatek vybaven\u00ed vedly k nap\u011bt\u00ed, kter\u00e9ho \u00famysln\u011b zneu\u017e\u00edval m\u00edstn\u00ed pronaj\u00edmatel slumu, kter\u00fd je vy\u0161et\u0159ov\u00e1n pro obchodov\u00e1n\u00ed s lidmi.<\/span><\/p>\n<p><span dir=\"auto\">Ledni\u010dka byla \u00fadajn\u011b p\u0159em\u00edst\u011bna do pokoje ob\u011bti, aby vyvolala konflikt a uvolnila m\u00edsto pro nov\u00e9 n\u00e1jemn\u00edky, tvrdila obhajoba.<\/span><\/p>\n<p><span dir=\"auto\">P\u0159esto\u017ee soud zam\u00edtl z\u00e1va\u017en\u011bj\u0161\u00ed obvin\u011bn\u00ed z pokusu o vra\u017edu, shledal ob\u017ealovan\u00e9ho vinn\u00fdm z t\u011b\u017ek\u00e9ho ubl\u00ed\u017een\u00ed na zdrav\u00ed se zbran\u00ed. Krom\u011b trestu odn\u011bt\u00ed svobody a p\u0159\u00edkazu k deportaci mu byl na 10 let zak\u00e1z\u00e1n op\u011btovn\u00fd vstup do Francie a na p\u011bt let dr\u017een\u00ed zbran\u011b.<\/span><\/p>\n<p><span dir=\"auto\">Pr\u00e1vn\u00edk ob\u011bti popsal sc\u00e9nu jako \u201ehoror\u201c a \u0159ekl, \u017ee jeho klient je hluboce traumatizov\u00e1n a boj\u00ed se vr\u00e1tit do Libourne.<\/span><\/p>\n<p><img decoding=\"async\" loading=\"lazy\" class=\"alignnone size-full wp-image-1185\" src=\"http:\/\/www.infokuryr.cz\/n\/wp-content\/uploads\/2021\/04\/kuryr-podpis.png\" alt=\"\" width=\"84\" height=\"24\" \/><\/p>\n<p>&nbsp;<\/p>\n","protected":false},"excerpt":{"rendered":"<p>K \u00fatoku do\u0161lo pot\u00e9, co ob\u011b\u0165 protestovala proti skladov\u00e1n\u00ed piva ve spole\u010dn\u00e9 lednici, co\u017e vyvolalo&#8230;<\/p>\n","protected":false},"author":2,"featured_media":84665,"comment_status":"closed","ping_status":"closed","sticky":false,"template":"","format":"standard","meta":[],"categories":[7],"tags":[130,551,324],"_links":{"self":[{"href":"https:\/\/www.infokuryr.cz\/n\/wp-json\/wp\/v2\/posts\/84664"}],"collection":[{"href":"https:\/\/www.infokuryr.cz\/n\/wp-json\/wp\/v2\/posts"}],"about":[{"href":"https:\/\/www.infokuryr.cz\/n\/wp-json\/wp\/v2\/types\/post"}],"author":[{"embeddable":true,"href":"https:\/\/www.infokuryr.cz\/n\/wp-json\/wp\/v2\/users\/2"}],"replies":[{"embeddable":true,"href":"https:\/\/www.infokuryr.cz\/n\/wp-json\/wp\/v2\/comments?post=84664"}],"version-history":[{"count":0,"href":"https:\/\/www.infokuryr.cz\/n\/wp-json\/wp\/v2\/posts\/84664\/revisions"}],"wp:featuredmedia":[{"embeddable":true,"href":"https:\/\/www.infokuryr.cz\/n\/wp-json\/wp\/v2\/media\/84665"}],"wp:attachment":[{"href":"https:\/\/www.infokuryr.cz\/n\/wp-json\/wp\/v2\/media?parent=84664"}],"wp:term":[{"taxonomy":"category","embeddable":true,"href":"https:\/\/www.infokuryr.cz\/n\/wp-json\/wp\/v2\/categories?post=84664"},{"taxonomy":"post_tag","embeddable":true,"href":"https:\/\/www.infokuryr.cz\/n\/wp-json\/wp\/v2\/tags?post=84664"}],"curies":[{"name":"wp","href":"https:\/\/api.w.org\/{rel}","templated":true}]}}