{"id":84662,"date":"2025-07-31T00:24:34","date_gmt":"2025-07-30T22:24:34","guid":{"rendered":"https:\/\/www.infokuryr.cz\/n\/?p=84662"},"modified":"2025-07-30T13:15:38","modified_gmt":"2025-07-30T11:15:38","slug":"dalsi-klimaticka-pohadka-podzemni-voda-se-bude-zahrivat-bublat-a-vyparovat","status":"publish","type":"post","link":"https:\/\/www.infokuryr.cz\/n\/2025\/07\/31\/dalsi-klimaticka-pohadka-podzemni-voda-se-bude-zahrivat-bublat-a-vyparovat\/","title":{"rendered":"Dal\u0161\u00ed klimatick\u00e1 poh\u00e1dka: Podzemn\u00ed voda se bude zah\u0159\u00edvat, bublat a vypa\u0159ovat"},"content":{"rendered":"<div id=\"fb-root\"><\/div>\n<p><strong><span dir=\"auto\">Stejn\u011b jako u v\u0161ech globalistick\u00fdch p\u0159\u00edb\u011bh\u016f, nej\u00fasp\u011b\u0161n\u011bj\u0161\u00ed jsou ty, u kter\u00fdch si jednotliv\u00fd ob\u010dan nem\u016f\u017ee s\u00e1m ov\u011b\u0159it pravdivost. Zku\u0161enosti ukazuj\u00ed, \u017ee neviditeln\u00fd nep\u0159\u00edtel funguje dob\u0159e. Proto\u017ee po\u010das\u00ed nep\u0159eje spaluj\u00edc\u00edmu horku, jednodu\u0161e ho p\u0159em\u00edst\u00ed do zemsk\u00e9ho j\u00e1dra. Kampa\u0148, kter\u00e1 tvrd\u00ed, \u017ee se podzemn\u00ed voda rychle a nebezpe\u010dn\u011b otepluje, se nyn\u00ed dostala i do mal\u00e9ho Rakouska, i kdy\u017e s n\u011bkolika lety pozd\u011bji. V\u00edde\u0148 by byla obzvl\u00e1\u0161t\u011b posti\u017eena&#8230;<\/span><\/strong><\/p>\n<p><span dir=\"auto\">N\u011bkte\u0159\u00ed z n\u00e1s m\u011bli to \u0161t\u011bst\u00ed chodit do \u0161koly, kde jsme se nau\u010dili v\u00edc ne\u017e jen genderov\u00e9 symboly, barevn\u00e9 vlajky, zp\u011bv a tanec. P\u0159ed n\u011bkolika des\u00edtkami let bylo je\u0161t\u011b v\u0161eobecn\u011b zn\u00e1mo, \u017ee teplota Zem\u011b z\u016fst\u00e1v\u00e1 nad ur\u010ditou hloubkou konstantn\u00ed. Nap\u0159\u00edklad teplota zem\u011b v Rakousku v hloubce 10 metr\u016f je stabiln\u00ed na p\u0159ibli\u017en\u011b 10 stupn\u00edch Celsia \u2013 po cel\u00fd rok. Samoz\u0159ejm\u011b je t\u0159eba vz\u00edt v \u00favahu podm\u00ednky v pod povrchem, ale je to dobr\u00fd n\u00e1vod. V t\u00e9to hloubce lze p\u0159edpokl\u00e1dat pr\u016fm\u011brnou ro\u010dn\u00ed teplotu povrchu.<\/span><\/p>\n<p><span dir=\"auto\">Abyste tomuto t\u00e9matu porozum\u011bli, pot\u0159ebujete v\u011bd\u011bt: V z\u00e1vislosti na p\u016fdn\u00edch podm\u00ednk\u00e1ch trv\u00e1 vod\u011b ur\u010ditou dobu, ne\u017e se dostane do podzemn\u00ed vody. Tato doba se naz\u00fdv\u00e1 doba infiltrace. V p\u00eds\u010dit\u00e9m podlo\u017e\u00ed nebo v\u00e1penci trv\u00e1 tento p\u0159echod jen n\u011bkolik t\u00fddn\u016f; v hlinit\u00fdch p\u016fd\u00e1ch a j\u00edlovit\u00fdch vrstv\u00e1ch to m\u016f\u017ee trvat roky. V uzav\u0159en\u00fdch povr\u0161\u00edch, jako jsou m\u011bsta, se voda do podzemn\u00ed vody ji\u017e v\u016fbec nedost\u00e1v\u00e1; je odv\u00e1d\u011bna r\u016fzn\u00fdmi um\u011bl\u00fdmi dren\u00e1\u017en\u00edmi syst\u00e9my.<\/span><\/p>\n<p><span dir=\"auto\">Na z\u00e1klad\u011b t\u011bchto dvou faktor\u016f lze p\u0159edpokl\u00e1dat, \u017ee podzemn\u00ed voda v Rakousku si udr\u017euje konstantn\u00ed teplotu. Jak\u00e1koli zm\u011bna klimatu se tam projev\u00ed velmi pozd\u011b a nem\u016f\u017ee zp\u016fsobit v\u00fdznamn\u00e9 teplotn\u00ed zm\u011bny.<\/span><\/p>\n<p><span dir=\"auto\">Narativ o oh\u0159\u00edv\u00e1n\u00ed podzemn\u00ed vody \u0161\u00ed\u0159\u00ed mimo jin\u00e9\u00a0<\/span><a href=\"https:\/\/wien.orf.at\/stories\/3315487\/\" target=\"_blank\" rel=\"noreferrer noopener\"><span dir=\"auto\">ORF (<\/span><\/a><span dir=\"auto\">\u00a0Rakousk\u00e9 rozhlasov\u00e9 a televizn\u00ed vys\u00edl\u00e1n\u00ed) a r\u016fzn\u00e9 st\u00e1tem financovan\u00e9 mainstreamov\u00e9 medi\u00e1ln\u00ed spole\u010dnosti. Fellnerovo \u201eRakousko\u201c op\u011bt strhlo v\u00edt\u011bzn\u00fd titul:\u00a0<\/span><a href=\"https:\/\/www.oe24.at\/oesterreich\/chronik\/wien\/news\/experten-schlagen-alarm-wiens-grundwasser-ist-zu-warm\/642491371\" target=\"_blank\" rel=\"noreferrer noopener\"><span dir=\"auto\">Obavy o klima \u2013 Odborn\u00edci bij\u00ed na poplach: V\u00edde\u0148sk\u00e1 podzemn\u00ed voda je p\u0159\u00edli\u0161 tepl\u00e1<\/span><\/a><span dir=\"auto\"> . Spou\u0161t\u011b\u010dem t\u00e9to panick\u00e9 report\u00e1\u017ee je ned\u00e1vn\u00e1 studie BOKU \u2013 Univerzity p\u0159\u00edrodn\u00edch zdroj\u016f a biologick\u00fdch v\u011bd ve V\u00eddni.<\/span><\/p>\n<p><span dir=\"auto\">Tento \u010dl\u00e1nek (\u00a0<\/span><a href=\"https:\/\/onlinelibrary.wiley.com\/doi\/full\/10.1002\/hyp.70076\" target=\"_blank\" rel=\"noreferrer noopener\"><span dir=\"auto\">Rostouc\u00ed trendy oteplov\u00e1n\u00ed m\u011blk\u00fdch podzemn\u00edch vod ve v\u00edde\u0148sk\u00fdch m\u011bstsk\u00fdch zvodn\u011bl\u00fdch vrstv\u00e1ch<\/span><\/a><span dir=\"auto\">\u00a0) publikoval v \u00fanoru \u010dasopis Wiley \u2013 Hydrological Processes (zaveden\u00fd, recenzovan\u00fd \u010dasopis s dobrou pov\u011bst\u00ed). \u00danor je v\u0161ak na stra\u0161en\u00ed klimatem opravdu p\u0159\u00edli\u0161 chladn\u00fd; museli bychom po\u010dkat do \u010dervence.<\/span><\/p>\n<p><span dir=\"auto\">Nejprve zp\u011bt k informov\u00e1n\u00ed o klimatu. Pokud jde o Rakousko, \u010dteme:<\/span><\/p>\n<p><em><span dir=\"auto\">Ve V\u00eddni letn\u00ed horko nezp\u016fsobuje probl\u00e9my jen na ulic\u00edch a v dom\u00e1cnostech, ale tak\u00e9 bubl\u00e1 v podzem\u00ed. Nov\u00e1 studie Univerzity p\u0159\u00edrodn\u00edch zdroj\u016f a biologick\u00fdch v\u011bd (BOKU) ukazuje, \u017ee v\u00edde\u0148sk\u00e1 podzemn\u00ed voda se v d\u016fsledku klimatick\u00fdch zm\u011bn st\u00e1le v\u00edce oh\u0159\u00edv\u00e1 \u2013 co\u017e m\u00e1 n\u011bkdy v\u00e1\u017en\u00e9 d\u016fsledky pro \u017eivotn\u00ed prost\u0159ed\u00ed, kvalitu vody a dokonce i pro z\u00e1sobov\u00e1n\u00ed energi\u00ed.\u00a0<\/span><\/em><\/p>\n<p><span dir=\"auto\">Z nezn\u00e1m\u00fdch d\u016fvod\u016f, zejm\u00e9na s ohledem na citace jin\u00fdch zdroj\u016f, v\u00fd\u0161e citovan\u00e1 studie prezentovala\u00a0<\/span><a href=\"https:\/\/boku.ac.at\/oeffentlichkeitsarbeit\/hitze-in-der-stadt-staedte-im-hitzestress\/wiens-grundwasser-wird-waermer-appell-fuer-eine-unterirdische-raumplanung\" target=\"_blank\" rel=\"noreferrer noopener\"><span dir=\"auto\">zm\u011bnu klimatu jako jednu z p\u0159\u00ed\u010din<\/span><\/a><span dir=\"auto\"> . ORF p\u0159irozen\u011b tak\u00e9 tento n\u00e1zor zaujala:<\/span><\/p>\n<p><em><span dir=\"auto\">Podzemn\u00ed voda se v d\u016fsledku klimatick\u00fdch zm\u011bn st\u00e1le v\u00edce otepluje. To je patrn\u00e9 zejm\u00e9na ve m\u011bstech. Ve V\u00eddni se pr\u016fm\u011brn\u00e1 teplota podzemn\u00ed vody mezi lety 2001 a 2010 zv\u00fd\u0161ila o 0,9 stupn\u011b Celsia a mezi lety 2011 a 2020 o 1,4 stupn\u011b Celsia. To ukazuje, \u017ee n\u00e1r\u016fst nen\u00ed line\u00e1rn\u00ed.\u00a0<\/span><\/em><\/p>\n<p><span dir=\"auto\">Oteplov\u00e1n\u00ed podzemn\u00ed vody pod V\u00eddn\u00ed sice m\u016f\u017ee b\u00fdt skute\u010dn\u00e9, ale se zbytkem Rakouska m\u00e1 stejn\u011b m\u00e1lo spole\u010dn\u00e9ho jako se zm\u011bnou klimatu. P\u0159\u00ed\u010dinou je \u00fapln\u00e9 zakryt\u00ed ter\u00e9nu. Tento jev je dob\u0159e prozkoum\u00e1n a zdokumentov\u00e1n a naz\u00fdv\u00e1 se \u201etepeln\u00fd ostrov m\u011bstsk\u00e9 podzemn\u00ed vody\u201c. Podzemn\u00ed voda pod m\u011bsty, zejm\u00e9na velk\u00fdmi m\u011bsty, je a\u017e o deset stup\u0148\u016f Celsia teplej\u0161\u00ed, ne\u017e by se bez zakryt\u00ed o\u010dek\u00e1valo.<\/span><\/p>\n<p><span dir=\"auto\">V \u0159ad\u011b evropsk\u00fdch m\u011bst ji\u017e byl zaznamen\u00e1n v\u00fdznamn\u00fd n\u00e1r\u016fst teploty podzemn\u00ed vody. V Kol\u00edn\u011b nad R\u00fdnem, D\u00fcsseldorfu a Berl\u00edn\u011b byly zji\u0161t\u011bny odchylky o 5 stup\u0148\u016f Celsia, zat\u00edmco v Curychu byly nam\u011b\u0159eny rozd\u00edly a\u017e o 6 stup\u0148\u016f Celsia. V asijsk\u00fdch metropol\u00edch, jako je Tokio a \u00d3saka, se teploty pod povrchem na n\u011bkter\u00fdch m\u00edstech zvy\u0161uj\u00ed o v\u00edce ne\u017e 10 stup\u0148\u016f Celsia. Tento efekt je obzvl\u00e1\u0161t\u011b v\u00fdrazn\u00fd v hloubk\u00e1ch mezi deseti a pades\u00e1ti metry, kde teplo p\u0159etrv\u00e1v\u00e1 po cel\u00e1 desetilet\u00ed.<\/span><\/p>\n<p><span dir=\"auto\">V ka\u017ed\u00e9m p\u0159\u00edpad\u011b podzemn\u00ed voda pod V\u00eddn\u00ed ani nev\u0159e ani nebubl\u00e1, jak se n\u00e1m sna\u017e\u00ed vnutit mainstreamov\u00e1 m\u00e9dia podle osv\u011bd\u010den\u00e9ho motta \u201eHloup\u00fd dob\u0159e klik\u00e1\u201c. Pr\u016fm\u011brn\u00e9 teploty v okrajov\u00fdch oblastech V\u00eddn\u011b se pohybuj\u00ed kolem 9\u201310 stup\u0148\u016f Celsia o\u010dek\u00e1van\u00fdch pro Rakousko, 15 stup\u0148\u016f Celsia v uzav\u0159en\u00fdch oblastech a 16 stup\u0148\u016f Celsia v \u201eobzvl\u00e1\u0161t\u011b tepeln\u011b posti\u017een\u00fdch oblastech\u201c. Na\u0161t\u011bst\u00ed voda v\u0159e pouze p\u0159i 100 stupn\u00edch Celsia, ale ne\u017e se to stane, je\u0161t\u011b n\u011bjakou dobu potrv\u00e1. <\/span><strong><span dir=\"auto\">Pravda ve zkratce: Teploty v\u00edde\u0148sk\u00fdch z\u00e1sob\u00e1ren podzemn\u00ed vody se v d\u016fsledku uzav\u0159en\u00ed a m\u011bstsk\u00e9 infrastruktury lok\u00e1ln\u011b zv\u00fd\u0161ily o n\u011bkolik stup\u0148\u016f.<\/span><\/strong><\/p>\n<p><span dir=\"auto\">Nikdo se nemus\u00ed ob\u00e1vat, \u017ee by pitn\u00e1 voda byla ohro\u017eena hrozn\u00fdm horkem. V\u00edde\u0148 nez\u00edsk\u00e1v\u00e1 pitnou vodu z podzemn\u00ed vody, ale ze dvou horsk\u00fdch pramenn\u00fdch potrub\u00ed. V\u00edde\u0148sk\u00e1 voda poch\u00e1z\u00ed ze \u0160t\u00fdrska (Rax, Scheeberg, Hochschwab). Mimochodem, tepeln\u00e1 \u010derpadla na podzemn\u00ed vodu tak\u00e9 p\u0159isp\u00edvaj\u00ed k oteplov\u00e1n\u00ed podzemn\u00ed vody \u2013 kdo by to byl \u0159ekl? Pokud pou\u017eijete chladn\u011bj\u0161\u00ed podzemn\u00ed vodu a oh\u0159\u00e1tou vodu na\u010derp\u00e1te zp\u011bt, abyste to kompenzovali \u2013 co by se mohlo st\u00e1t? To samoz\u0159ejm\u011b tak\u00e9 nem\u00e1 nic spole\u010dn\u00e9ho se zm\u011bnou klimatu. Ale pravd\u011bpodobn\u011b neexistuj\u00ed \u017e\u00e1dn\u00e9 v\u00fdzkumn\u00e9 finance pro studie, kter\u00e9 neobsahuj\u00ed slovo \u201ezm\u011bna klimatu\u201c. Stejn\u011b jako neexistuj\u00ed ve\u0159ejn\u00e9 finance pro m\u00e9dia, kter\u00e1 \u201epop\u00edraj\u00ed zm\u011bnu klimatu\u201c.<\/span><\/p>\n<p><span dir=\"auto\">Mimochodem, kampa\u0148 za \u00fadajn\u00e9 zv\u00fd\u0161en\u00ed teploty podzemn\u00ed vody se ji\u017e pokusila spustit i v jin\u00fdch zem\u00edch \u2013 jako v\u017edy se takov\u00e9 trendy do Rakouska dost\u00e1vaj\u00ed pozd\u011b:<\/span><\/p>\n<ul>\n<li><a href=\"https:\/\/www.newsweek.com\/groundwater-too-hot-future-drinking-water-1921518\" target=\"_blank\" rel=\"noreferrer noopener\"><span dir=\"auto\">Podzemn\u00ed voda by mohla b\u00fdt do roku 2100 pro 75 milion\u016f lid\u00ed p\u0159\u00edli\u0161 hork\u00e1 na pit\u00ed<\/span><\/a><\/li>\n<li><a href=\"https:\/\/www.nature.com\/articles\/s41561-024-01453-x\" target=\"_blank\" rel=\"noreferrer noopener\"><span dir=\"auto\">Glob\u00e1ln\u00ed oteplov\u00e1n\u00ed podzemn\u00edch vod v d\u016fsledku klimatick\u00fdch zm\u011bn<\/span><\/a><\/li>\n<li><a href=\"https:\/\/theconversation.com\/groundwater-is-heating-up-threatening-life-below-and-above-the-surface-229177\"><span dir=\"auto\">Podzemn\u00ed voda se oh\u0159\u00edv\u00e1 a ohro\u017euje \u017eivot pod povrchem i nad n\u00edm.<\/span><\/a><\/li>\n<\/ul>\n<p><img decoding=\"async\" loading=\"lazy\" class=\"alignnone size-full wp-image-1185\" src=\"http:\/\/www.infokuryr.cz\/n\/wp-content\/uploads\/2021\/04\/kuryr-podpis.png\" alt=\"\" width=\"84\" height=\"24\" \/><\/p>\n<p>&nbsp;<\/p>\n","protected":false},"excerpt":{"rendered":"<p>Stejn\u011b jako u v\u0161ech globalistick\u00fdch p\u0159\u00edb\u011bh\u016f, nej\u00fasp\u011b\u0161n\u011bj\u0161\u00ed jsou ty, u kter\u00fdch si jednotliv\u00fd ob\u010dan nem\u016f\u017ee&#8230;<\/p>\n","protected":false},"author":2,"featured_media":84663,"comment_status":"closed","ping_status":"closed","sticky":false,"template":"","format":"standard","meta":[],"categories":[7],"tags":[873,9568,3335,1106],"_links":{"self":[{"href":"https:\/\/www.infokuryr.cz\/n\/wp-json\/wp\/v2\/posts\/84662"}],"collection":[{"href":"https:\/\/www.infokuryr.cz\/n\/wp-json\/wp\/v2\/posts"}],"about":[{"href":"https:\/\/www.infokuryr.cz\/n\/wp-json\/wp\/v2\/types\/post"}],"author":[{"embeddable":true,"href":"https:\/\/www.infokuryr.cz\/n\/wp-json\/wp\/v2\/users\/2"}],"replies":[{"embeddable":true,"href":"https:\/\/www.infokuryr.cz\/n\/wp-json\/wp\/v2\/comments?post=84662"}],"version-history":[{"count":0,"href":"https:\/\/www.infokuryr.cz\/n\/wp-json\/wp\/v2\/posts\/84662\/revisions"}],"wp:featuredmedia":[{"embeddable":true,"href":"https:\/\/www.infokuryr.cz\/n\/wp-json\/wp\/v2\/media\/84663"}],"wp:attachment":[{"href":"https:\/\/www.infokuryr.cz\/n\/wp-json\/wp\/v2\/media?parent=84662"}],"wp:term":[{"taxonomy":"category","embeddable":true,"href":"https:\/\/www.infokuryr.cz\/n\/wp-json\/wp\/v2\/categories?post=84662"},{"taxonomy":"post_tag","embeddable":true,"href":"https:\/\/www.infokuryr.cz\/n\/wp-json\/wp\/v2\/tags?post=84662"}],"curies":[{"name":"wp","href":"https:\/\/api.w.org\/{rel}","templated":true}]}}