{"id":84661,"date":"2025-07-31T00:23:07","date_gmt":"2025-07-30T22:23:07","guid":{"rendered":"https:\/\/www.infokuryr.cz\/n\/?p=84661"},"modified":"2025-07-30T13:10:30","modified_gmt":"2025-07-30T11:10:30","slug":"globalni-ockovani-sazi-na-mrna-bill-gates-planuje-novou-velkou-ofenzivu-navzdory-rostoucim-dukazum-o-rizicich-a-selhanich","status":"publish","type":"post","link":"https:\/\/www.infokuryr.cz\/n\/2025\/07\/31\/globalni-ockovani-sazi-na-mrna-bill-gates-planuje-novou-velkou-ofenzivu-navzdory-rostoucim-dukazum-o-rizicich-a-selhanich\/","title":{"rendered":"Glob\u00e1ln\u00ed o\u010dkov\u00e1n\u00ed \u201es\u00e1z\u00ed\u201c na mRNA: Bill Gates pl\u00e1nuje novou velkou ofenzivu \u2013 navzdory rostouc\u00edm d\u016fkaz\u016fm o rizic\u00edch a selh\u00e1n\u00edch"},"content":{"rendered":"<div id=\"fb-root\"><\/div>\n<p><span dir=\"auto\">Zat\u00edmco tis\u00edce studi\u00ed po cel\u00e9m sv\u011bt\u011b st\u00e1le v\u00edce zpochyb\u0148uj\u00ed \u00fa\u010dinnost, bezpe\u010dnost a nezbytnost mRNA vakc\u00edn proti COVID-19, Bill Gates se op\u011bt prezentuje jako architekt biopolitick\u00e9 budoucnosti \u2013 s odzbrojuj\u00edc\u00ed, ale z\u00e1rove\u0148 alarmuj\u00edc\u00ed otev\u0159enost\u00ed.<\/span><\/p>\n<p><span dir=\"auto\">V ned\u00e1vn\u00e9 ve\u0159ejn\u00e9 konverzaci Gates \u0159ekl:<\/span><br \/>\n<strong><span dir=\"auto\">\u201eV\u00fdroba mRNA je opravdu snadn\u00e1 a opravdu levn\u00e1, a v tom je jej\u00ed kouzlo. (&#8230;) Ale nen\u00ed pochyb o tom, \u017ee v p\u0159\u00ed\u0161t\u00edch p\u011bti letech budeme muset jen trochu experimentovat.\u201c<\/span><\/strong><\/p>\n<div class=\"twitter-tweet twitter-tweet-rendered\"><iframe id=\"twitter-widget-0\" class=\"\" title=\"X Post\" src=\"https:\/\/platform.twitter.com\/embed\/Tweet.html?dnt=false&amp;embedId=twitter-widget-0&amp;features=eyJ0ZndfdGltZWxpbmVfbGlzdCI6eyJidWNrZXQiOltdLCJ2ZXJzaW9uIjpudWxsfSwidGZ3X2ZvbGxvd2VyX2NvdW50X3N1bnNldCI6eyJidWNrZXQiOnRydWUsInZlcnNpb24iOm51bGx9LCJ0ZndfdHdlZXRfZWRpdF9iYWNrZW5kIjp7ImJ1Y2tldCI6Im9uIiwidmVyc2lvbiI6bnVsbH0sInRmd19yZWZzcmNfc2Vzc2lvbiI6eyJidWNrZXQiOiJvbiIsInZlcnNpb24iOm51bGx9LCJ0ZndfZm9zbnJfc29mdF9pbnRlcnZlbnRpb25zX2VuYWJsZWQiOnsiYnVja2V0Ijoib24iLCJ2ZXJzaW9uIjpudWxsfSwidGZ3X21peGVkX21lZGlhXzE1ODk3Ijp7ImJ1Y2tldCI6InRyZWF0bWVudCIsInZlcnNpb24iOm51bGx9LCJ0ZndfZXhwZXJpbWVudHNfY29va2llX2V4cGlyYXRpb24iOnsiYnVja2V0IjoxMjA5NjAwLCJ2ZXJzaW9uIjpudWxsfSwidGZ3X3Nob3dfYmlyZHdhdGNoX3Bpdm90c19lbmFibGVkIjp7ImJ1Y2tldCI6Im9uIiwidmVyc2lvbiI6bnVsbH0sInRmd19kdXBsaWNhdGVfc2NyaWJlc190b19zZXR0aW5ncyI6eyJidWNrZXQiOiJvbiIsInZlcnNpb24iOm51bGx9LCJ0ZndfdXNlX3Byb2ZpbGVfaW1hZ2Vfc2hhcGVfZW5hYmxlZCI6eyJidWNrZXQiOiJvbiIsInZlcnNpb24iOm51bGx9LCJ0ZndfdmlkZW9faGxzX2R5bmFtaWNfbWFuaWZlc3RzXzE1MDgyIjp7ImJ1Y2tldCI6InRydWVfYml0cmF0ZSIsInZlcnNpb24iOm51bGx9LCJ0ZndfbGVnYWN5X3RpbWVsaW5lX3N1bnNldCI6eyJidWNrZXQiOnRydWUsInZlcnNpb24iOm51bGx9LCJ0ZndfdHdlZXRfZWRpdF9mcm9udGVuZCI6eyJidWNrZXQiOiJvbiIsInZlcnNpb24iOm51bGx9fQ%3D%3D&amp;frame=false&amp;hideCard=false&amp;hideThread=false&amp;id=1950435088485011879&amp;lang=cs&amp;origin=https%3A%2F%2Funcutnews.ch%2Fglobale-impf-wetten-auf-mrna-bill-gates-plant-neue-grossoffensive-trotz-wachsender-evidenz-ueber-risiken-und-versagen%2F&amp;sessionId=114badc516c3ad8cbabd4aa1cf33749244fe503d&amp;theme=light&amp;widgetsVersion=2615f7e52b7e0%3A1702314776716&amp;width=550px\" frameborder=\"0\" scrolling=\"no\" allowfullscreen=\"allowfullscreen\" data-tweet-id=\"1950435088485011879\" data-mce-fragment=\"1\"><\/iframe><\/div>\n<h3 class=\"wp-block-heading\"><span dir=\"auto\">\u201eExperimentov\u00e1n\u00ed\u201c na lidech?<\/span><\/h3>\n<p><span dir=\"auto\">Gates hovo\u0159\u00ed o lipidov\u00fdch nano\u010d\u00e1stic\u00edch, nov\u00fdch p\u0159\u00edstupech k l\u00e9\u010db\u011b HIV, mal\u00e1rie a tuberkul\u00f3zy \u2013 to v\u0161e na z\u00e1klad\u011b mRNA. Oznamuje glob\u00e1ln\u00ed tov\u00e1rny, kter\u00e9 budou vyr\u00e1b\u011bt \u201edvoudolarov\u00e9 vakc\u00edny\u201c rychleji ne\u017e kdykoli p\u0159edt\u00edm. Ka\u017ed\u00fd \u010dlov\u011bk, ka\u017ed\u00e1 nemoc, ka\u017ed\u00fd region \u2013 mRNA je nyn\u00ed univerz\u00e1ln\u00edm \u0159e\u0161en\u00edm. To, co v tomto jazyce zn\u00ed jako pokrok, je ve skute\u010dnosti ozn\u00e1men\u00edm glob\u00e1ln\u00ed ter\u00e9nn\u00ed studie.<\/span><\/p>\n<p><span dir=\"auto\">Proto\u017ee:\u00a0<\/span><strong><span dir=\"auto\">Nyn\u00ed v\u00edme, jak\u00e1 je realita t\u00e9to \u201etechnologick\u00e9 ofenzivy\u201c.<\/span><\/strong><\/p>\n<h3 class=\"wp-block-heading\"><span dir=\"auto\">V\u011bdeck\u00e1 kritika: Studie mluv\u00ed jin\u00fdm jazykem<\/span><\/h3>\n<p><span dir=\"auto\">\u010cetn\u00e9 nez\u00e1visl\u00e9 anal\u00fdzy a metastudie prokazuj\u00ed masivn\u00ed nedostatky ve strategii o\u010dkov\u00e1n\u00ed proti COVID-19 s mRNA:<\/span><\/p>\n<ul>\n<li><strong><span dir=\"auto\">Pokles \u00fa\u010dinnosti po n\u011bkolika m\u011bs\u00edc\u00edch<\/span><\/strong><span dir=\"auto\">\u00a0\u2013 podle\u00a0<\/span><em><span dir=\"auto\">\u010dasopisu The Lancet<\/span><\/em><span dir=\"auto\">\u00a0(\u0159\u00edjen 2022) se ochrana proti infekci v\u00fdrazn\u011b sni\u017euje ji\u017e po 8\u201312 t\u00fddnech.<\/span><\/li>\n<li><strong><span dir=\"auto\">\u017d\u00e1dn\u00e1 steriln\u00ed imunita<\/span><\/strong><span dir=\"auto\">\u00a0\u2013 O\u010dkovan\u00ed lid\u00e9 p\u0159en\u00e1\u0161ej\u00ed virus ve stejn\u00e9 m\u00ed\u0159e jako neo\u010dkovan\u00ed lid\u00e9 (CDC, 2022; Nature Medicine, 2023).<\/span><\/li>\n<li><strong><span dir=\"auto\">Rizika myokarditidy u mlad\u00fdch mu\u017e\u016f<\/span><\/strong><span dir=\"auto\">\u00a0, zejm\u00e9na po posilovac\u00edch d\u00e1vk\u00e1ch \u2013 potvrzeno studiemi z D\u00e1nska, Izraele a USA.<\/span><\/li>\n<li><strong><span dir=\"auto\">Nadm\u011brn\u00e1 \u00famrtnost po vln\u00e1ch o\u010dkov\u00e1n\u00ed<\/span><\/strong><span dir=\"auto\">\u00a0, pozorovan\u00e1 mimo jin\u00e9 v Austr\u00e1lii, N\u011bmecku, Portugalsku (Eurostat; Australsk\u00fd statistick\u00fd \u00fa\u0159ad, 2023).<\/span><\/li>\n<li><strong><span dir=\"auto\">Dlouhodob\u00e9 \u00fadaje kontrolovan\u00e9 placebem st\u00e1le chyb\u00ed<\/span><\/strong><span dir=\"auto\">\u00a0, a\u010dkoli miliony lid\u00ed ji\u017e byly n\u011bkolikr\u00e1t o\u010dkov\u00e1ny.<\/span><\/li>\n<li><strong><span dir=\"auto\">Otev\u0159en\u00e9 ot\u00e1zky t\u00fdkaj\u00edc\u00ed se autoimunitn\u00edch reakc\u00ed a dlouhodob\u00fdch \u00fa\u010dink\u016f<\/span><\/strong><span dir=\"auto\">\u00a0lipidov\u00fdch nano\u010d\u00e1stic (LNP) \u2013 v\u010detn\u011b studi\u00ed o POTS, syndromu chronick\u00e9 \u00fanavy (CFS\/ME) a neuroz\u00e1n\u011btu.<\/span><\/li>\n<li><strong><span dir=\"auto\">Masivn\u00ed st\u0159ety z\u00e1jm\u016f<\/span><\/strong><span dir=\"auto\">\u00a0ve schvalovac\u00edch studi\u00edch (Pfizer\/BioNTech, Moderna) a regula\u010dn\u00ed slepota v FDA, EMA, WHO.<\/span><\/li>\n<\/ul>\n<p><span dir=\"auto\">Kritika nep\u0159ich\u00e1z\u00ed jen od jednotlivc\u016f, ale i od respektovan\u00fdch v\u011bdc\u016f: Dr. Petera McCullougha, prof. Paula Alexandera, Dr. Aseema Malhotry, prof. Sucharita Bhakdiho \u2013 v\u0161ichni zve\u0159ejnili opodstatn\u011bn\u00e9 l\u00e9ka\u0159sk\u00e9 pochybnosti, \u010dasto s velk\u00fdm osobn\u00edm i profesn\u00edm rizikem.<\/span><\/p>\n<h3 class=\"wp-block-heading\"><span dir=\"auto\">Zdravotn\u00ed politika bez demokratick\u00e9 legitimity<\/span><\/h3>\n<p><strong><span dir=\"auto\">Navzdory t\u011bmto zji\u0161t\u011bn\u00edm chce Gates masivn\u011b roz\u0161\u00ed\u0159it<\/span><\/strong><span dir=\"auto\">\u00a0platformu mRNA\u00a0\u2013 nikoli na z\u00e1klad\u011b ve\u0159ejn\u00e9 debaty nebo epidemiologick\u00e9 nutnosti, ale sp\u00ed\u0161e na principu technokratick\u00e9ho vynucov\u00e1n\u00ed. \u201eS\u00e1z\u00edme,\u201c \u0159\u00edk\u00e1 \u2013 s odkazem na s\u00edt\u011b Gatesovy nadace, GAVI, CEPI a WHO.<\/span><\/p>\n<p><span dir=\"auto\">Tohle nen\u00ed medic\u00edna \u2013 to je\u00a0<\/span><strong><span dir=\"auto\">bioekonomick\u00e1 kontrola<\/span><\/strong><span dir=\"auto\">\u00a0glob\u00e1ln\u00ed populace prost\u0159ednictv\u00edm standardizovan\u00fdch genov\u00fdch platforem. \u00dadajn\u00e9 \u201emagie\u201c mRNA je ve skute\u010dnosti obchodn\u00ed model s glob\u00e1ln\u00edm dosahem \u2013\u00a0<\/span><strong><span dir=\"auto\">ovladateln\u00fd, patentovateln\u00fd, \u0161k\u00e1lovateln\u00fd<\/span><\/strong><span dir=\"auto\">\u00a0. A zakotven\u00fd v ideologicky nabit\u00e9 byrokracii zdravotnictv\u00ed, kter\u00e1 se st\u00e1le v\u00edce distancuje od v\u011bdy a pr\u00e1vn\u00edho st\u00e1tu.<\/span><\/p>\n<h3 class=\"wp-block-heading\"><span dir=\"auto\">Povinn\u00e9 o\u010dkov\u00e1n\u00ed zadn\u00edmi dve\u0159mi<\/span><\/h3>\n<p><span dir=\"auto\">Co Gates ne\u0159\u00edk\u00e1: Zav\u00e1d\u011bn\u00ed mRNA prob\u00edh\u00e1 v prost\u0159ed\u00ed, kde lid\u00e9 maj\u00ed jen malou skute\u010dnou svobodu volby. P\u0159\u00edstup k cestov\u00e1n\u00ed, pr\u00e1ci, vzd\u011bl\u00e1n\u00ed a l\u00e9ka\u0159sk\u00e9 p\u00e9\u010di \u2013 to v\u0161e je st\u00e1le v\u00edce v\u00e1z\u00e1no na digit\u00e1ln\u00ed z\u00e1znamy o o\u010dkov\u00e1n\u00ed, zdravotn\u00ed certifik\u00e1ty WHO a centralizovan\u00e9 datov\u00e9 \u00falo\u017ei\u0161t\u011b. Ti, kte\u0159\u00ed nedodr\u017euj\u00ed pravidla, jsou vylou\u010deni \u2013 ne z\u00e1kony, ale infrastrukturou.<\/span><\/p>\n<h3 class=\"wp-block-heading\"><span dir=\"auto\">Z\u00e1v\u011br: \u201eS\u00e1zky\u201c p\u0159edstavuj\u00ed riziko pro svobodu<\/span><\/h3>\n<p><span dir=\"auto\">Bill Gates nemluv\u00ed o ve\u0159ejn\u00e9m dohledu, odpov\u011bdnosti ani demokratick\u00e9 \u00fa\u010dasti \u2013 hovo\u0159\u00ed o v\u00fdrobn\u00edch kapacit\u00e1ch, \u010dasov\u00fdch r\u00e1mc\u00edch a nano\u010d\u00e1stic\u00edch. Lidsk\u00e1 integrita, princip informovan\u00e9ho souhlasu a princip p\u0159edb\u011b\u017en\u00e9 opatrnosti \u2013 ty v t\u00e9to vizi ji\u017e nehraj\u00ed roli.<\/span><\/p>\n<p><strong><span dir=\"auto\">To, co za\u017e\u00edv\u00e1me, nen\u00ed podpora zdrav\u00ed, ale syst\u00e9mov\u00e1 restrukturalizace. Biopolitick\u00fd kontroln\u00ed syst\u00e9m s mRNA jako kl\u00ed\u010dovou technologi\u00ed. A miliard\u00e1\u0159, kter\u00fd otev\u0159en\u011b prohla\u0161uje, \u017ee bychom se v\u0161ichni m\u011bli st\u00e1t sou\u010d\u00e1st\u00ed nov\u00e9ho \u201eexperimentu\u201c.<\/span><\/strong><\/p>\n<p><span dir=\"auto\">Odpov\u011b\u010f m\u016f\u017ee b\u00fdt jedin\u00e1:\u00a0<\/span><strong><span dir=\"auto\">Ne \u2013 znovu ne.<\/span><\/strong><br \/>\n<span dir=\"auto\">\u017d\u00e1dn\u00e9 mRNA testy bez \u00fapln\u00e9ho zve\u0159ejn\u011bn\u00ed, transparentn\u00edch studi\u00ed, nez\u00e1visl\u00e9ho dohledu \u2013 a skute\u010dn\u00e9 svobody volby.<\/span><\/p>\n<p><img decoding=\"async\" loading=\"lazy\" class=\"alignnone size-full wp-image-1185\" src=\"http:\/\/www.infokuryr.cz\/n\/wp-content\/uploads\/2021\/04\/kuryr-podpis.png\" alt=\"\" width=\"84\" height=\"24\" \/><\/p>\n<p>&nbsp;<\/p>\n","protected":false},"excerpt":{"rendered":"<p>Zat\u00edmco tis\u00edce studi\u00ed po cel\u00e9m sv\u011bt\u011b st\u00e1le v\u00edce zpochyb\u0148uj\u00ed \u00fa\u010dinnost, bezpe\u010dnost a nezbytnost mRNA vakc\u00edn&#8230;<\/p>\n","protected":false},"author":2,"featured_media":58518,"comment_status":"closed","ping_status":"closed","sticky":false,"template":"","format":"standard","meta":[],"categories":[7],"tags":[511,694,213,651],"_links":{"self":[{"href":"https:\/\/www.infokuryr.cz\/n\/wp-json\/wp\/v2\/posts\/84661"}],"collection":[{"href":"https:\/\/www.infokuryr.cz\/n\/wp-json\/wp\/v2\/posts"}],"about":[{"href":"https:\/\/www.infokuryr.cz\/n\/wp-json\/wp\/v2\/types\/post"}],"author":[{"embeddable":true,"href":"https:\/\/www.infokuryr.cz\/n\/wp-json\/wp\/v2\/users\/2"}],"replies":[{"embeddable":true,"href":"https:\/\/www.infokuryr.cz\/n\/wp-json\/wp\/v2\/comments?post=84661"}],"version-history":[{"count":0,"href":"https:\/\/www.infokuryr.cz\/n\/wp-json\/wp\/v2\/posts\/84661\/revisions"}],"wp:featuredmedia":[{"embeddable":true,"href":"https:\/\/www.infokuryr.cz\/n\/wp-json\/wp\/v2\/media\/58518"}],"wp:attachment":[{"href":"https:\/\/www.infokuryr.cz\/n\/wp-json\/wp\/v2\/media?parent=84661"}],"wp:term":[{"taxonomy":"category","embeddable":true,"href":"https:\/\/www.infokuryr.cz\/n\/wp-json\/wp\/v2\/categories?post=84661"},{"taxonomy":"post_tag","embeddable":true,"href":"https:\/\/www.infokuryr.cz\/n\/wp-json\/wp\/v2\/tags?post=84661"}],"curies":[{"name":"wp","href":"https:\/\/api.w.org\/{rel}","templated":true}]}}