{"id":84655,"date":"2025-07-31T00:19:41","date_gmt":"2025-07-30T22:19:41","guid":{"rendered":"https:\/\/www.infokuryr.cz\/n\/?p=84655"},"modified":"2025-07-30T12:59:35","modified_gmt":"2025-07-30T10:59:35","slug":"prohlaseni-patriarchu-a-predstavitelu-mistnich-cirkvi-jeruzalema-krestane-ve-svate-zemi-v-akutnim-nebezpeci","status":"publish","type":"post","link":"https:\/\/www.infokuryr.cz\/n\/2025\/07\/31\/prohlaseni-patriarchu-a-predstavitelu-mistnich-cirkvi-jeruzalema-krestane-ve-svate-zemi-v-akutnim-nebezpeci\/","title":{"rendered":"Prohl\u00e1\u0161en\u00ed patriarch\u016f a p\u0159edstavitel\u016f m\u00edstn\u00edch c\u00edrkv\u00ed Jeruzal\u00e9ma \u2013 K\u0159es\u0165an\u00e9 ve Svat\u00e9 zemi v akutn\u00edm nebezpe\u010d\u00ed"},"content":{"rendered":"<div id=\"fb-root\"><\/div>\n<h4><span dir=\"auto\">Vedouc\u00ed p\u0159edstavitel\u00e9 jeruzal\u00e9msk\u00e9 c\u00edrkve odsuzuj\u00ed \u017eidovsko-izraelsk\u00e9 teroristick\u00e9 \u00fatoky \u201ev Kristov\u011b zemi\u201c, odsuzuj\u00ed bombov\u00e9 \u00fatoky aut v Tajbe jako \u201esystematick\u00e9 zastra\u0161ov\u00e1n\u00ed\u201c k\u0159es\u0165an\u016f a kritizuj\u00ed izraelskou policii a skupiny osadn\u00edk\u016f za bagatelizov\u00e1n\u00ed n\u00e1sil\u00ed prost\u0159ednictv\u00edm \u201edezinforma\u010dn\u00edch kampan\u00ed\u201c.<\/span><\/h4>\n<p><img decoding=\"async\" loading=\"lazy\" class=\"aligncenter\" src=\"https:\/\/pbs.twimg.com\/media\/GxCB_s-WUAEGOYS?format=png&amp;name=medium\" alt=\"Prohl\u00e1\u0161en\u00ed patriarch\u016f a p\u0159edstavitel\u016f m\u00edstn\u00edch c\u00edrkv\u00ed Jeruzal\u00e9ma \u2013 K\u0159es\u0165an\u00e9 ve Svat\u00e9 zemi v akutn\u00edm nebezpe\u010d\u00ed\" width=\"819\" height=\"1013\" \/><\/p>\n<div class=\"twitter-tweet twitter-tweet-rendered\"><iframe id=\"twitter-widget-0\" class=\"\" title=\"X P\u0159\u00edsp\u011bvek\" src=\"https:\/\/platform.twitter.com\/embed\/Tweet.html?dnt=false&amp;embedId=twitter-widget-0&amp;features=eyJ0ZndfdGltZWxpbmVfbGlzdCI6eyJidWNrZXQiOltdLCJ2ZXJzaW9uIjpudWxsfSwidGZ3X2ZvbGxvd2VyX2NvdW50X3N1bnNldCI6eyJidWNrZXQiOnRydWUsInZlcnNpb24iOm51bGx9LCJ0ZndfdHdlZXRfZWRpdF9iYWNrZW5kIjp7ImJ1Y2tldCI6Im9uIiwidmVyc2lvbiI6bnVsbH0sInRmd19yZWZzcmNfc2Vzc2lvbiI6eyJidWNrZXQiOiJvbiIsInZlcnNpb24iOm51bGx9LCJ0ZndfZm9zbnJfc29mdF9pbnRlcnZlbnRpb25zX2VuYWJsZWQiOnsiYnVja2V0Ijoib24iLCJ2ZXJzaW9uIjpudWxsfSwidGZ3X21peGVkX21lZGlhXzE1ODk3Ijp7ImJ1Y2tldCI6InRyZWF0bWVudCIsInZlcnNpb24iOm51bGx9LCJ0ZndfZXhwZXJpbWVudHNfY29va2llX2V4cGlyYXRpb24iOnsiYnVja2V0IjoxMjA5NjAwLCJ2ZXJzaW9uIjpudWxsfSwidGZ3X3Nob3dfYmlyZHdhdGNoX3Bpdm90c19lbmFibGVkIjp7ImJ1Y2tldCI6Im9uIiwidmVyc2lvbiI6bnVsbH0sInRmd19kdXBsaWNhdGVfc2NyaWJlc190b19zZXR0aW5ncyI6eyJidWNrZXQiOiJvbiIsInZlcnNpb24iOm51bGx9LCJ0ZndfdXNlX3Byb2ZpbGVfaW1hZ2Vfc2hhcGVfZW5hYmxlZCI6eyJidWNrZXQiOiJvbiIsInZlcnNpb24iOm51bGx9LCJ0ZndfdmlkZW9faGxzX2R5bmFtaWNfbWFuaWZlc3RzXzE1MDgyIjp7ImJ1Y2tldCI6InRydWVfYml0cmF0ZSIsInZlcnNpb24iOm51bGx9LCJ0ZndfbGVnYWN5X3RpbWVsaW5lX3N1bnNldCI6eyJidWNrZXQiOnRydWUsInZlcnNpb24iOm51bGx9LCJ0ZndfdHdlZXRfZWRpdF9mcm9udGVuZCI6eyJidWNrZXQiOiJvbiIsInZlcnNpb24iOm51bGx9fQ%3D%3D&amp;frame=false&amp;hideCard=false&amp;hideThread=false&amp;id=1950204331786908132&amp;lang=de&amp;origin=https%3A%2F%2Funcutnews.ch%2Ferklaerung-der-patriarchen-und-kirchenoberhaeuptern-der-ortskirchen-von-jerusalem-christen-im-heiligen-land-in-akuter-gefahr%2F&amp;sessionId=07fd89698cb7ebec3f06eafb48909bf0c79abae6&amp;theme=light&amp;widgetsVersion=2615f7e52b7e0%3A1702314776716&amp;width=550px\" frameborder=\"0\" scrolling=\"no\" allowfullscreen=\"allowfullscreen\" data-tweet-id=\"1950204331786908132\" data-mce-fragment=\"1\"><\/iframe><\/div>\n<p><span dir=\"auto\">Kompletn\u00ed <\/span><strong><span dir=\"auto\">p\u0159eklad<\/span><\/strong><span dir=\"auto\"> textu:\u00a0<\/span><\/p>\n<h3><strong><span dir=\"auto\">Prohl\u00e1\u0161en\u00ed PATRIARCH\u016e A HLAVOV\u00ddCH M\u00cdSTN\u00cdCH C\u00cdRKV\u00cd JERUZAL\u00c9MU<\/span><\/strong><br \/>\n<strong><span dir=\"auto\">k \u00fatoku na k\u0159es\u0165ansk\u00e9 m\u011bsto Tajbe<\/span><\/strong><span dir=\"auto\">, Jeruzal\u00e9m, 29. \u010dervence 2025<\/span><\/h3>\n<p><span dir=\"auto\">My, patriarchov\u00e9 a hlavy c\u00edrkv\u00ed v Jeruzal\u00e9m\u011b, vyjad\u0159ujeme hlubok\u00e9 znepokojen\u00ed a neochv\u011bjn\u00e9 odsouzen\u00ed\u00a0<\/span><strong><span dir=\"auto\">dal\u0161\u00edho n\u00e1siln\u00e9ho \u00fatoku nam\u00ed\u0159en\u00e9ho proti k\u0159es\u0165ansk\u00e9mu m\u011bstu Tajbeh na Z\u00e1padn\u00edm b\u0159ehu Jord\u00e1nu. Bylo zap\u00e1leno n\u011bkolik vozidel a nast\u0159\u00edk\u00e1no nen\u00e1vistn\u00e9 graffiti \u2013 jasn\u00fd akt zastra\u0161ov\u00e1n\u00ed nam\u00ed\u0159en\u00fd proti m\u00edrumilovn\u00e9mu a v\u011b\u0159\u00edc\u00edmu spole\u010denstv\u00ed zako\u0159en\u011bn\u00e9mu v Kristov\u011b zemi.<\/span><\/strong><\/p>\n<p><span dir=\"auto\">Tento z\u00e1va\u017en\u00fd incident nen\u00ed ojedin\u011bl\u00fd. Je sou\u010d\u00e1st\u00ed alarmuj\u00edc\u00edho vzorce n\u00e1sil\u00ed osadn\u00edk\u016f proti komunit\u00e1m na Z\u00e1padn\u00edm b\u0159ehu Jord\u00e1nu, v\u010detn\u011b jejich domov\u016f, posv\u00e1tn\u00fdch m\u00edst a zp\u016fsobu \u017eivota.\u00a0<\/span><strong><span dir=\"auto\">Jen p\u0159ed n\u011bkolika dny osadn\u00edci n\u00e1siln\u011b vnikli do Tajbehu a nahnali dobytek do centra m\u011bsta. Maskovan\u00e9 osoby \u2013 n\u011bkter\u00e9 ozbrojen\u00e9, jin\u00e9 na kon\u00edch \u2013 se potulovaly ulicemi, \u0161\u00ed\u0159ily strach a ohro\u017eovaly posv\u00e1tnost ka\u017edodenn\u00edho \u017eivota.<\/span><\/strong><span dir=\"auto\">\u00a0Ohe\u0148 dos\u00e1hl zd\u00ed starobyl\u00e9ho kostela, kter\u00fd je \u017eivouc\u00edm sv\u011bdectv\u00edm o trval\u00e9 p\u0159\u00edtomnosti k\u0159es\u0165ansk\u00e9 v\u00edry ve Svat\u00e9 zemi.<\/span><\/p>\n<p><strong><span dir=\"auto\">Litujeme, \u017ee ofici\u00e1ln\u00ed prohl\u00e1\u0161en\u00ed izraelsk\u00e9 policie zredukovala p\u0159\u00edpad na \u0161kody na majetku a ignorovala \u0161ir\u0161\u00ed kontext systematick\u00e9ho zastra\u0161ov\u00e1n\u00ed a zneu\u017e\u00edv\u00e1n\u00ed.<\/span><\/strong><span dir=\"auto\">\u00a0Takov\u00e1 opomenut\u00ed zkresluj\u00ed pravdu a ne\u0159e\u0161\u00ed poru\u0161ov\u00e1n\u00ed mezin\u00e1rodn\u00edho humanit\u00e1rn\u00edho pr\u00e1va a lidsk\u00fdch pr\u00e1v \u2013 v\u010detn\u011b svobody n\u00e1bo\u017eensk\u00e9ho vyzn\u00e1n\u00ed a ochrany kulturn\u00edho d\u011bdictv\u00ed.<\/span><\/p>\n<p><strong><span dir=\"auto\">Obzvl\u00e1\u0161t\u011b znepokojiv\u00e1 je reak\u010dn\u00ed dezinforma\u010dn\u00ed kampa\u0148 proizraelsk\u00fdch osadnick\u00fdch skupin, kter\u00e1 byla zah\u00e1jena po ned\u00e1vn\u00fdch diplomatick\u00fdch n\u00e1v\u0161t\u011bv\u00e1ch Tajbehu.<\/span><\/strong><span dir=\"auto\">\u00a0M\u00edsto aby se tyto narativy zab\u00fdvaly z\u00e1va\u017en\u00fdm poru\u0161ov\u00e1n\u00edm lidsk\u00fdch pr\u00e1v, k n\u011bmu\u017e v ter\u00e9nu doch\u00e1z\u00ed,\u00a0<\/span><strong><span dir=\"auto\">sna\u017e\u00ed se zdiskreditovat ob\u011bti a podkopat v\u00fdznam mezin\u00e1rodn\u00ed solidarity. Takov\u00e9 zkreslov\u00e1n\u00ed m\u00e1 za c\u00edl odv\u00e9st pozornost od krimin\u00e1ln\u00edho chov\u00e1n\u00ed a poru\u0161ov\u00e1n\u00ed mezin\u00e1rodn\u00edho pr\u00e1va.<\/span><\/strong><\/p>\n<p><span dir=\"auto\">Jsme hluboce znepokojeni p\u0159evl\u00e1daj\u00edc\u00edm klimatem beztrestnosti, kter\u00e9 podkop\u00e1v\u00e1 pr\u00e1vn\u00ed st\u00e1t a ohro\u017euje m\u00edrov\u00e9 sou\u017eit\u00ed v Zemi vzk\u0159\u00ed\u0161en\u00ed. Nedostatek odpov\u011bdnosti nejen ohro\u017euje k\u0159es\u0165ansk\u00e9 komunity, ale tak\u00e9 oslabuje mor\u00e1ln\u00ed a pr\u00e1vn\u00ed z\u00e1klady, kter\u00e9 maj\u00ed zajistit m\u00edr a spravedlnost pro v\u0161echny.<\/span><\/p>\n<p><strong><span dir=\"auto\">Vyz\u00fdv\u00e1me izraelskou vl\u00e1du, aby jednala s mor\u00e1ln\u00ed jasnost\u00ed a odhodl\u00e1n\u00edm:<\/span><\/strong><\/p>\n<p><span dir=\"auto\">\u2013 Bezodkladn\u011b postavit osoby odpov\u011bdn\u00e9 za tyto zlo\u010diny p\u0159ed soud;<\/span><br \/>\n<span dir=\"auto\">\u2013 Zajistit \u00fa\u010dinnou a konzistentn\u00ed ochranu obyvatel Tajbehu a v\u0161ech zraniteln\u00fdch komunit;<\/span><br \/>\n<span dir=\"auto\">\u2013 Dodr\u017eovat sv\u00e9 z\u00e1vazky podle mezin\u00e1rodn\u00edho pr\u00e1va a zaru\u010dit rovnost p\u0159ed z\u00e1konem.<\/span><\/p>\n<p><span dir=\"auto\">Up\u0159\u00edmn\u011b d\u011bkujeme diplomatick\u00fdm mis\u00edm a mezin\u00e1rodn\u00edm partner\u016fm, kte\u0159\u00ed nav\u0161t\u00edvili Tajbeh a vyj\u00e1d\u0159ili solidaritu s tamn\u00edmi obyvateli. Va\u0161e p\u0159\u00edtomnost p\u0159in\u00e1\u0161\u00ed nad\u011bji a mor\u00e1ln\u00ed s\u00edlu. Nal\u00e9hav\u011b v\u00e1s \u017e\u00e1d\u00e1me, abyste i nad\u00e1le poskytovali podporu. Agrese pokra\u010duje \u2013 proto mus\u00edme z\u016fstat ostra\u017eit\u00ed a modlit se za m\u00edr zako\u0159en\u011bn\u00fd ve spravedlnosti.<\/span><\/p>\n<p><strong><span dir=\"auto\">Patriarchov\u00e9 a c\u00edrkevn\u00ed p\u0159edstavitel\u00e9 v Jeruzal\u00e9m\u011b<\/span><\/strong><\/p>\n<p><img decoding=\"async\" loading=\"lazy\" class=\"alignnone size-full wp-image-1185\" src=\"http:\/\/www.infokuryr.cz\/n\/wp-content\/uploads\/2021\/04\/kuryr-podpis.png\" alt=\"\" width=\"84\" height=\"24\" \/><\/p>\n<p>&nbsp;<\/p>\n","protected":false},"excerpt":{"rendered":"<p>Vedouc\u00ed p\u0159edstavitel\u00e9 jeruzal\u00e9msk\u00e9 c\u00edrkve odsuzuj\u00ed \u017eidovsko-izraelsk\u00e9 teroristick\u00e9 \u00fatoky \u201ev Kristov\u011b zemi\u201c, odsuzuj\u00ed bombov\u00e9 \u00fatoky aut&#8230;<\/p>\n","protected":false},"author":2,"featured_media":84656,"comment_status":"closed","ping_status":"closed","sticky":false,"template":"","format":"standard","meta":[],"categories":[7],"tags":[9565,178,107,2210,9566,811],"_links":{"self":[{"href":"https:\/\/www.infokuryr.cz\/n\/wp-json\/wp\/v2\/posts\/84655"}],"collection":[{"href":"https:\/\/www.infokuryr.cz\/n\/wp-json\/wp\/v2\/posts"}],"about":[{"href":"https:\/\/www.infokuryr.cz\/n\/wp-json\/wp\/v2\/types\/post"}],"author":[{"embeddable":true,"href":"https:\/\/www.infokuryr.cz\/n\/wp-json\/wp\/v2\/users\/2"}],"replies":[{"embeddable":true,"href":"https:\/\/www.infokuryr.cz\/n\/wp-json\/wp\/v2\/comments?post=84655"}],"version-history":[{"count":0,"href":"https:\/\/www.infokuryr.cz\/n\/wp-json\/wp\/v2\/posts\/84655\/revisions"}],"wp:featuredmedia":[{"embeddable":true,"href":"https:\/\/www.infokuryr.cz\/n\/wp-json\/wp\/v2\/media\/84656"}],"wp:attachment":[{"href":"https:\/\/www.infokuryr.cz\/n\/wp-json\/wp\/v2\/media?parent=84655"}],"wp:term":[{"taxonomy":"category","embeddable":true,"href":"https:\/\/www.infokuryr.cz\/n\/wp-json\/wp\/v2\/categories?post=84655"},{"taxonomy":"post_tag","embeddable":true,"href":"https:\/\/www.infokuryr.cz\/n\/wp-json\/wp\/v2\/tags?post=84655"}],"curies":[{"name":"wp","href":"https:\/\/api.w.org\/{rel}","templated":true}]}}