{"id":84653,"date":"2025-07-31T00:18:18","date_gmt":"2025-07-30T22:18:18","guid":{"rendered":"https:\/\/www.infokuryr.cz\/n\/?p=84653"},"modified":"2025-07-30T12:53:09","modified_gmt":"2025-07-30T10:53:09","slug":"krok-k-valce-kreml-odmita-trumpovo-ultimatum-a-zahajuje-nove-smrtici-raketove-utoky-na-ukrajinu","status":"publish","type":"post","link":"https:\/\/www.infokuryr.cz\/n\/2025\/07\/31\/krok-k-valce-kreml-odmita-trumpovo-ultimatum-a-zahajuje-nove-smrtici-raketove-utoky-na-ukrajinu\/","title":{"rendered":"\u201eKrok k v\u00e1lce\u201c \u2013 Kreml odm\u00edt\u00e1 Trumpovo ultim\u00e1tum a zahajuje nov\u00e9 smrt\u00edc\u00ed raketov\u00e9 \u00fatoky na Ukrajinu"},"content":{"rendered":"<div id=\"fb-root\"><\/div>\n<div class=\"elementor-element elementor-element-1fb4c2c elementor-widget elementor-widget-theme-post-content\" data-id=\"1fb4c2c\" data-element_type=\"widget\" data-widget_type=\"theme-post-content.default\">\n<div class=\"elementor-widget-container\">\n<p><span dir=\"auto\">B\u00fdval\u00fd rusk\u00fd prezident Dmitrij Medved\u011bv zve\u0159ejnil reakci Kremlu na ozn\u00e1men\u00ed prezidenta Trumpa, \u017ee zkr\u00e1t\u00ed lh\u016ftu pro m\u00edrov\u00e9 urovn\u00e1n\u00ed v\u00e1lky na Ukrajin\u011b z p\u016fvodn\u00edch 50 dn\u016f na pouh\u00fdch 10 a\u017e 12 dn\u016f. Prohl\u00e1\u0161en\u00ed zazn\u011blo v pond\u011bl\u00ed pot\u00e9, co Trump ozn\u00e1mil nov\u00e9 ultim\u00e1tum ve Skotsku.<\/span><\/p>\n<p><span dir=\"auto\">Medved\u011bv, sou\u010dasn\u00fd m\u00edstop\u0159edseda rusk\u00e9 Bezpe\u010dnostn\u00ed rady, na serveru X napsal, \u017ee americk\u00fd prezident hraje s Moskvou, jadern\u011b vyzbrojen\u00fdm st\u00e1tem, \u201ehru ultim\u00e1ta\u201c. Ka\u017ed\u00e1 nov\u00e1 hrozba je proto podle n\u011bj \u201ekrokem k v\u00e1lce\u201c.<\/span><\/p>\n<p><span dir=\"auto\">Doslova varoval: \u201eRusko nen\u00ed Izrael ani \u00cdr\u00e1n.\u201c A d\u00e1le: \u201eKa\u017ed\u00e9 nov\u00e9 ultim\u00e1tum je hrozbou a krokem k v\u00e1lce. Ne mezi Ruskem a Ukrajinou, ale s (Trumpovou) vlastn\u00ed zem\u00ed.\u201c<\/span><\/p>\n<p><span dir=\"auto\">Ve stejn\u00fd den americk\u00fd sen\u00e1tor Lindsey Graham, zn\u00e1m\u00fd zast\u00e1nce tvrd\u00e9 linie v zahrani\u010dn\u00ed politice, reagoval na X svou vlastn\u00ed v\u00fdzvou. Napsal:<\/span><br \/>\n<em><span dir=\"auto\">\u201eT\u011bm v Rusku, kte\u0159\u00ed v\u011b\u0159\u00ed, \u017ee prezident Trump to s ukon\u010den\u00edm krveprolit\u00ed mezi Ruskem a Ukrajinou nemysl\u00ed v\u00e1\u017en\u011b: Vy a va\u0161i klienti se brzy hluboce m\u00fdl\u00edte.\u00a0<\/span><span dir=\"auto\">Brzy tak\u00e9 uvid\u00edte, \u017ee Joe Biden u\u017e nen\u00ed prezidentem&#8230;<\/span><span dir=\"auto\">\u00a0Jd\u011bte k m\u00edrov\u00e9mu stolu.\u201c<\/span><\/em><\/p>\n<p><span dir=\"auto\">Medved\u011bv posm\u011b\u0161n\u011b odpov\u011bd\u011bl: \u201eJedn\u00e1n\u00ed skon\u010d\u00ed, a\u017e bude dosa\u017eeno v\u0161ech c\u00edl\u016f na\u0161\u00ed vojensk\u00e9 operace. Pracujte nejd\u0159\u00edv na Americe, d\u011bde\u010dku!\u201c<\/span><\/p>\n<p><span dir=\"auto\">Trumpovo nov\u00e9 ultim\u00e1tum by mohlo znamenat, \u017ee nov\u00e9 sankce budou v\u016f\u010di Rusku uvaleny od 7. do 9. srpna \u2013 v\u00fdrazn\u011b d\u0159\u00edve ne\u017e p\u016fvodn\u011b pl\u00e1novan\u00fd konec 50denn\u00ed lh\u016fty 2. z\u00e1\u0159\u00ed.<\/span><\/p>\n<p><span dir=\"auto\">Rusk\u00e1 st\u00e1tn\u00ed televize RT o t\u00e9to debat\u011b rozs\u00e1hle informovala. Prezident Zelenskyj Trumpovu novou tvrdost uv\u00edtal a na Telegramu prohl\u00e1sil: \u201eV\u0161ichni pot\u0159ebuj\u00ed m\u00edr \u2013 Ukrajina, Evropa, Spojen\u00e9 st\u00e1ty a zodpov\u011bdn\u00ed politici po cel\u00e9m sv\u011bt\u011b. V\u0161ichni krom\u011b Ruska.\u201c<\/span><\/p>\n<p dir=\"ltr\" lang=\"en\"><em><span dir=\"auto\">\u201eD\u011aDA\u201c Lindsey Graham se sna\u017e\u00ed diktovat m\u00edr<\/span><\/em><\/p>\n<p><em><span dir=\"auto\">B\u00fdval\u00fd prezident Medved\u011bv mu \u0159\u00edk\u00e1, ABY SI SEDL<\/span><\/em><\/p>\n<p><em><span dir=\"auto\">\u201eNen\u00ed na tob\u011b ani Trumpovi, abyste DIKTOVALI, kdy m\u00e1 \u201esed\u011bt u m\u00edrov\u00e9ho stolu\u201c<\/span><\/em><\/p>\n<p><em><span dir=\"auto\">\u201eNejd\u0159\u00edve pracujte na Americe\u201c\u00a0<\/span><a href=\"https:\/\/t.co\/8HHtxX211I\"><span dir=\"auto\">https:\/\/t.co\/8HHtxX211I\u00a0<\/span><\/a><a href=\"https:\/\/t.co\/MUOJJYalCn\"><span dir=\"auto\">pic.twitter.com\/MUOJJYalCn<\/span><\/a><\/em><\/p>\n<p><em><span dir=\"auto\">\u2014 RT (@RT_com)\u00a0<\/span><a href=\"https:\/\/twitter.com\/RT_com\/status\/1949953834077274587?ref_src=twsrc%5Etfw\"><span dir=\"auto\">28. \u010dervence 2025<\/span><\/a><\/em><span dir=\"auto\">Zelenskyj v \u00fater\u00fd zm\u00ednil ned\u00e1vn\u00e9 rusk\u00e9 \u00fatoky, p\u0159i kter\u00fdch byly podle ukrajinsk\u00fdch zdroj\u016f pou\u017eity nejm\u00e9n\u011b dv\u011b balistick\u00e9 rakety Iskander-M, 37 bojov\u00fdch dron\u016f \u0160ahed a n\u00e1vnady. Mimo jin\u00e9 byla zasa\u017eena Bilenkivsk\u00e1 v\u011bznice \u2013 zem\u0159elo nejm\u00e9n\u011b 17 lid\u00ed a v\u00edce ne\u017e 40 bylo hospitalizov\u00e1no.<\/span><\/p>\n<p><span dir=\"auto\">Zelenskyj celkem ozn\u00e1mil 22 \u00famrt\u00ed p\u0159i no\u010dn\u00edch \u00fatoc\u00edch na des\u00edtky m\u011bst a vesnic. Zd\u016fraznil: \u201eJednalo se o \u00famysln\u00e9, z\u00e1m\u011brn\u00e9 \u00fatoky \u2013 ne o nehody.\u201c Jeho volba slov zn\u011bla jako p\u0159\u00edm\u00e1 prosba Trumpa, aby ud\u011blal v\u00edce.<\/span><\/p>\n<p><span dir=\"auto\">Nicm\u00e9n\u011b i Ukrajina m\u00e1 pot\u00ed\u017ee \u2013 p\u0159edev\u0161\u00edm kv\u016fli kontroverzn\u00edmu rozhodnut\u00ed prezidenta Zelensk\u00e9ho, kter\u00e9 je vn\u00edm\u00e1no jako podkop\u00e1v\u00e1n\u00ed dohledu nad korupc\u00ed. EU reaguje jasn\u00fdmi hrozbami.<\/span><\/p>\n<p><span dir=\"auto\">\u00da\u0159edn\u00edk EU\u00a0<\/span><em><span dir=\"auto\">listu Evropsk\u00e9 pravd\u011b<\/span><\/em><span dir=\"auto\">\u00a0sd\u011blil , \u017ee Brusel ji\u017e Kyjevu dal jasn\u00e9 varov\u00e1n\u00ed: \u201eAno, EU Kyjev varovala. Pokud z\u00e1kon nebude schv\u00e1len, budou zastaveny p\u016fj\u010dky financovan\u00e9 z p\u0159\u00edjm\u016f ze zmrazen\u00fdch rusk\u00fdch aktiv v r\u00e1mci programu ERA \u2013 jednodu\u0161e je p\u0159estaneme vypl\u00e1cet. Financov\u00e1n\u00ed ze strany EBRD a EIB bude tak\u00e9 pozastaveno.\u201c Pozad\u00edm je \u00fadajn\u00e9 oslaben\u00ed centr\u00e1ln\u00edch kontroln\u00edch org\u00e1n\u016f Zelensk\u00fdm, co\u017e ohro\u017euje podm\u00ednky pro mezin\u00e1rodn\u00ed pomoc.<\/span><\/p>\n<\/div>\n<\/div>\n<div class=\"elementor-element elementor-element-8c57238 quelle dc-has-condition dc-condition-empty elementor-widget elementor-widget-heading\" data-id=\"8c57238\" data-element_type=\"widget\" data-widget_type=\"heading.default\">\n<div class=\"elementor-widget-container\">\n<h3 class=\"elementor-heading-title elementor-size-default\"><span style=\"font-size: 10pt;\"><a href=\"https:\/\/www.zerohedge.com\/geopolitical\/step-towards-war-kremlin-slams-trump-threats-unleashes-more-deadly-missile-attacks\" target=\"_blank\" rel=\"nofollow noopener\"><span dir=\"auto\">Zdroj<\/span><\/a><\/span><\/h3>\n<p>&nbsp;<\/p>\n<\/div>\n<\/div>\n","protected":false},"excerpt":{"rendered":"<p>B\u00fdval\u00fd rusk\u00fd prezident Dmitrij Medved\u011bv zve\u0159ejnil reakci Kremlu na ozn\u00e1men\u00ed prezidenta Trumpa, \u017ee zkr\u00e1t\u00ed lh\u016ftu&#8230;<\/p>\n","protected":false},"author":2,"featured_media":84654,"comment_status":"closed","ping_status":"closed","sticky":false,"template":"","format":"standard","meta":[],"categories":[7],"tags":[1503,214,6646,452,3487],"_links":{"self":[{"href":"https:\/\/www.infokuryr.cz\/n\/wp-json\/wp\/v2\/posts\/84653"}],"collection":[{"href":"https:\/\/www.infokuryr.cz\/n\/wp-json\/wp\/v2\/posts"}],"about":[{"href":"https:\/\/www.infokuryr.cz\/n\/wp-json\/wp\/v2\/types\/post"}],"author":[{"embeddable":true,"href":"https:\/\/www.infokuryr.cz\/n\/wp-json\/wp\/v2\/users\/2"}],"replies":[{"embeddable":true,"href":"https:\/\/www.infokuryr.cz\/n\/wp-json\/wp\/v2\/comments?post=84653"}],"version-history":[{"count":0,"href":"https:\/\/www.infokuryr.cz\/n\/wp-json\/wp\/v2\/posts\/84653\/revisions"}],"wp:featuredmedia":[{"embeddable":true,"href":"https:\/\/www.infokuryr.cz\/n\/wp-json\/wp\/v2\/media\/84654"}],"wp:attachment":[{"href":"https:\/\/www.infokuryr.cz\/n\/wp-json\/wp\/v2\/media?parent=84653"}],"wp:term":[{"taxonomy":"category","embeddable":true,"href":"https:\/\/www.infokuryr.cz\/n\/wp-json\/wp\/v2\/categories?post=84653"},{"taxonomy":"post_tag","embeddable":true,"href":"https:\/\/www.infokuryr.cz\/n\/wp-json\/wp\/v2\/tags?post=84653"}],"curies":[{"name":"wp","href":"https:\/\/api.w.org\/{rel}","templated":true}]}}