{"id":84648,"date":"2025-07-31T00:14:09","date_gmt":"2025-07-30T22:14:09","guid":{"rendered":"https:\/\/www.infokuryr.cz\/n\/?p=84648"},"modified":"2025-07-30T12:45:53","modified_gmt":"2025-07-30T10:45:53","slug":"pravda-kterou-skryvaji-jeffrey-sachs-o-globalnich-konfliktech-a-krizi-vedy","status":"publish","type":"post","link":"https:\/\/www.infokuryr.cz\/n\/2025\/07\/31\/pravda-kterou-skryvaji-jeffrey-sachs-o-globalnich-konfliktech-a-krizi-vedy\/","title":{"rendered":"Pravda, kterou skr\u00fdvaj\u00ed: Jeffrey Sachs o glob\u00e1ln\u00edch konfliktech a krizi v\u011bdy"},"content":{"rendered":"<div id=\"fb-root\"><\/div>\n<p><span dir=\"auto\">V ned\u00e1vn\u00e9m rozhovoru s profesorem Jeffreym Sachsem, renomovan\u00fdm odborn\u00edkem na udr\u017eiteln\u00fd rozvoj a profesorem na Kolumbijsk\u00e9 univerzit\u011b, se diskutovala kontroverzn\u00ed t\u00e9mata, jako je ukrajinsk\u00e1 krize, konflikt na Tchaj-wanu, situace na Bl\u00edzk\u00e9m v\u00fdchod\u011b a v\u00fdzvy, kter\u00fdm \u010del\u00ed akademick\u00e1 obec. Sachs osv\u011btluje z\u00e1kladn\u00ed p\u0159\u00ed\u010diny glob\u00e1ln\u00edch konflikt\u016f a kritizuje vliv z\u00e1padn\u00edch mocnost\u00ed, zejm\u00e9na Spojen\u00fdch st\u00e1t\u016f, a tak\u00e9 komercializaci v\u011bdy. N\u00ed\u017ee je uveden \u010dl\u00e1nek shrnuj\u00edc\u00ed kl\u00ed\u010dov\u00e9 body rozhovoru, zalo\u017een\u00fd na poskytnut\u00e9m p\u0159episu.<\/span><\/p>\n<figure class=\"wp-block-embed is-type-video is-provider-youtube wp-block-embed-youtube wp-embed-aspect-16-9 wp-has-aspect-ratio\">\n<div class=\"wp-block-embed__wrapper\"><iframe loading=\"lazy\" title=\"Co v\u00e1m ne\u0159\u00edkaj\u00ed, je OBROVSK\u00c9\u2026 | Prof. Jeffrey Sachs\" src=\"https:\/\/www.youtube.com\/embed\/ZFuPHgx0OX0?feature=oembed\" width=\"800\" height=\"450\" frameborder=\"0\" allowfullscreen=\"allowfullscreen\" data-mce-fragment=\"1\"><\/iframe><\/div>\n<\/figure>\n<h3 class=\"wp-block-heading\"><strong><span dir=\"auto\">Ukrajinsk\u00e1 krize: Konflikt, kter\u00e9mu se dalo p\u0159edej\u00edt<\/span><\/strong><\/h3>\n<p><span dir=\"auto\">Jeffrey Sachs zd\u016fraznil, \u017ee ukrajinsk\u00e9 krizi se dalo p\u0159edej\u00edt, kdyby NATO neprov\u00e1d\u011blo expanzivn\u00ed politiku v\u016f\u010di Ukrajin\u011b. \u0158ekl:<\/span><\/p>\n<p><em><span dir=\"auto\">\u201eKdyby nedo\u0161lo\u00a0k tlaku NATO na Ukrajinu, nebyla by \u017e\u00e1dn\u00e1 v\u00e1lka\u00a0.<\/span><span dir=\"auto\">\u201c<\/span><\/em><\/p>\n<p><span dir=\"auto\">Sachs tvrd\u00ed, \u017ee jasn\u00fd diplomatick\u00fd postoj a zamezen\u00ed hromad\u011bn\u00ed vojensk\u00fdch sil mohly eskalaci zastavit. Tato perspektiva podtrhuje jeho p\u0159esv\u011bd\u010den\u00ed, \u017ee mnoha geopolitick\u00fdm konflikt\u016fm se lze vyhnout jednoduch\u00fdmi, ale odv\u00e1\u017en\u00fdmi rozhodnut\u00edmi.<\/span><\/p>\n<h3 class=\"wp-block-heading\"><strong><span dir=\"auto\">Tchaj-wan: \u017d\u00e1dn\u00e1 v\u00e1lka s jasnou politikou<\/span><\/strong><\/h3>\n<p><span dir=\"auto\">Sachs vid\u00ed situaci s Tchaj-wanem podobn\u011b. Zd\u016fraznil, \u017ee USA by mohly zabr\u00e1nit konfliktu t\u00edm, \u017ee by jasn\u011b uznaly Tchaj-wan jako sou\u010d\u00e1st \u010c\u00edny a zastavily by dod\u00e1vky zbran\u00ed na Tchaj-wan:<\/span><\/p>\n<p><em><span dir=\"auto\">\u201ePokud Spojen\u00e9 st\u00e1ty \u0159eknou: \u201aPod\u00edvejte, Tchaj-wan je sou\u010d\u00e1st\u00ed \u010c\u00edny a my nebudeme Tchaj-wan vyzbrojovat, proto\u017ee Tchaj-wan je sou\u010d\u00e1st\u00ed \u010c\u00edny,\u2018 a Peking \u0159ekne: \u201aNevyzbrojujte Tchaj-wan,\u2018 t\u00e9to v\u00e1lce se zabr\u00e1n\u00ed.\u201c<\/span><\/em><br \/>\n<em><span dir=\"auto\">(\u00a0<\/span><span dir=\"auto\">\u201ePokud Spojen\u00e9 st\u00e1ty \u0159eknou: \u201aPod\u00edvejte, Tchaj-wan je sou\u010d\u00e1st\u00ed \u010c\u00edny a my nebudeme Tchaj-wan vyzbrojovat, proto\u017ee Tchaj-wan je sou\u010d\u00e1st\u00ed \u010c\u00edny, Peking \u0159\u00edk\u00e1, nevyzbrojujte Tchaj-wan,\u2018 t\u00e9to v\u00e1lce se zabr\u00e1n\u00ed.\u201c<\/span><span dir=\"auto\">\u00a0)<\/span><\/em><\/p>\n<p><span dir=\"auto\">Sachs to pova\u017euje za jednoduch\u00e9 \u0159e\u0161en\u00ed, kter\u00e9 v\u0161ak vy\u017eaduje politickou odvahu a odklon od sou\u010dasn\u00e9 politiky konfrontace.<\/span><\/p>\n<h3 class=\"wp-block-heading\"><strong><span dir=\"auto\">Bl\u00edzk\u00fd v\u00fdchod: \u0158e\u0161en\u00ed dvou st\u00e1t\u016f jako glob\u00e1ln\u00ed konsenzus<\/span><\/strong><\/h3>\n<p><span dir=\"auto\">Pokud jde o bl\u00edzkov\u00fdchodn\u00ed konflikt, Sachs se zasazuje o \u0159e\u0161en\u00ed dvou st\u00e1t\u016f na z\u00e1klad\u011b hranic ze 4. \u010dervna 1967, kter\u00e9 podporuje mezin\u00e1rodn\u00ed spole\u010denstv\u00ed. Pouk\u00e1zal na to, \u017ee toto \u0159e\u0161en\u00ed podporuje drtiv\u00e1 v\u011bt\u0161ina mezin\u00e1rodn\u00edho spole\u010denstv\u00ed:<\/span><\/p>\n<p><em><span dir=\"auto\">\u201eMus\u00ed existovat st\u00e1t Palestina vedle st\u00e1tu Izrael na hranic\u00edch ze 4. \u010dervna 1967. A to je to, co \u0159ekl Mezin\u00e1rodn\u00ed soudn\u00ed dv\u016fr, Rada bezpe\u010dnosti OSN, Valn\u00e9 shrom\u00e1\u017ed\u011bn\u00ed OSN, Liga arabsk\u00fdch st\u00e1t\u016f, Organizace isl\u00e1msk\u00e9 spolupr\u00e1ce, BRICS a v podstat\u011b ka\u017ed\u00e1 jin\u00e1 \u010d\u00e1st sv\u011bta krom\u011b Izraele a Spojen\u00fdch<\/span><\/em><br \/>\n<em><span dir=\"auto\">st\u00e1t\u016f\u00a0<\/span><span dir=\"auto\">.<\/span><span dir=\"auto\">\u00a0\u201c<\/span><\/em><\/p>\n<p><span dir=\"auto\">Sachs zd\u016fraznil, \u017ee 180 zem\u00ed ve Valn\u00e9m shrom\u00e1\u017ed\u011bn\u00ed OSN podporuje \u0159e\u0161en\u00ed dvou st\u00e1t\u016f, zat\u00edmco jen hrstka zem\u00ed, v \u010dele se Spojen\u00fdmi st\u00e1ty a Izraelem, se proti n\u011bmu stav\u00ed. Kritizoval pr\u00e1vo veta USA v Rad\u011b bezpe\u010dnosti OSN, kter\u00e9 v roce 2024 zablokovalo p\u0159ijet\u00ed Palestiny jako 194. \u010dlensk\u00e9ho st\u00e1tu OSN:<\/span><\/p>\n<p><span dir=\"auto\">\u201ePro vstup Palestiny do OSN jako 194. \u010dlensk\u00e9ho st\u00e1tu OSN bylo vyd\u00e1no 12 hlas\u016f. Dva \u010dlenov\u00e9 se zdr\u017eeli hlasov\u00e1n\u00ed, Spojen\u00e9 kr\u00e1lovstv\u00ed a \u0160v\u00fdcarsko, a jeden \u010dlen m\u011bl veto, Spojen\u00e9 st\u00e1ty\u00a0<em>americk\u00e9<\/em><\/span><span dir=\"auto\">.\u00a0\u201c<\/span><\/p>\n<p><span dir=\"auto\">Sachs vn\u00edm\u00e1 americkou politiku na Bl\u00edzk\u00e9m v\u00fdchod\u011b jako ovl\u00e1dnutou izraelskou lobby, kter\u00e1 korumpuje politiku prost\u0159ednictv\u00edm finan\u010dn\u00edho vlivu. Tento vliv ozna\u010dil za \u201e\u0161okuj\u00edc\u00ed\u201c a pouk\u00e1zal na roli k\u0159es\u0165ansk\u00e9ho sionismu v USA, kter\u00fd je zalo\u017een na fundamentalistick\u00fdch p\u0159esv\u011bd\u010den\u00edch:<\/span><\/p>\n<p><em><span dir=\"auto\">\u201eJe to naprosto \u0161okuj\u00edc\u00ed korupce, kolik pen\u011bz jde od proizraelsk\u00fdch skupin do Kongresu a kupuje je. Velk\u00e1 \u010d\u00e1st z toho je k\u0159es\u0165ansk\u00fd sionismus, extremismus, fundamentalismus a biblick\u00e9<\/span><\/em><br \/>\n<em><span dir=\"auto\">literalismu\u00a0<\/span><span dir=\"auto\">.<\/span><span dir=\"auto\">\u00a0\u201c<\/span><\/em><\/p>\n<h3 class=\"wp-block-heading\"><strong><span dir=\"auto\">Cenzura a zneu\u017e\u00edv\u00e1n\u00ed moci v Evrop\u011b<\/span><\/strong><\/h3>\n<p><span dir=\"auto\">Sachs tak\u00e9 kritizoval postoj n\u011bkter\u00fdch evropsk\u00fdch zem\u00ed, zejm\u00e9na N\u011bmecka, kter\u00e9 ost\u0159e odsoudil za omezov\u00e1n\u00ed svobody projevu v kontextu palestinsk\u00e9ho konfliktu. Uvedl p\u0159\u00edklad, kdy Svobodn\u00e1 univerzita v Berl\u00edn\u011b zru\u0161ila akci se zvl\u00e1\u0161tn\u00edm zpravodajem OSN pro Palestinu pot\u00e9, co zas\u00e1hl izraelsk\u00fd velvyslanec:<\/span><\/p>\n<p><em><span dir=\"auto\">\u201eIzraelsk\u00fd velvyslanec v N\u011bmecku zavolal na Svobodnou univerzitu v Berl\u00edn\u011b a \u0159ekl, \u017ee nem\u016f\u017eete nechat zvl\u00e1\u0161tn\u00edho zpravodaje OSN pro Palestinu p\u0159edn\u00e1\u0161et, a oni ji zru\u0161ili. Je to tak vulg\u00e1rn\u00ed, \u017ee je to<\/span><\/em><br \/>\n<em><span dir=\"auto\">\u0161okuj\u00edc\u00ed\u00a0<\/span><span dir=\"auto\">.<\/span><span dir=\"auto\">\u00a0\u201c<\/span><\/em><\/p>\n<p><span dir=\"auto\">Podle Sachse tento incident demonstruje \u201evulg\u00e1rn\u00ed zneu\u017eit\u00ed moci\u201c, kter\u00e9 podkop\u00e1v\u00e1 svobodu projevu v Evrop\u011b a potla\u010duje diskusi o Palestin\u011b.<\/span><\/p>\n<h3 class=\"wp-block-heading\"><strong><span dir=\"auto\">Klimatick\u00e1 krize: \u010cas vypr\u0161el<\/span><\/strong><\/h3>\n<p><span dir=\"auto\">Dal\u0161\u00edm \u00fast\u0159edn\u00edm t\u00e9matem rozhovoru byla klimatick\u00e1 krize. Sachs, kter\u00fd 14 let vedl Institut Zem\u011b na Kolumbijsk\u00e9 univerzit\u011b, varoval, \u017ee \u010das na spln\u011bn\u00ed klimatick\u00fdch c\u00edl\u016f Pa\u0159\u00ed\u017esk\u00e9 dohody vypr\u0161el:<\/span><\/p>\n<p><em><span dir=\"auto\">\u201e\u010cas vypr\u0161el. U\u017e jsme dos\u00e1hli hranice 1,5 stupn\u011b. Jsme v mimo\u0159\u00e1dn\u011b nebezpe\u010dn\u00e9m obdob\u00ed, kdy teplota rychle stoup\u00e1\u00a0, mnohem rychleji ne\u017e p\u0159ed 30 lety<\/span><span dir=\"auto\">.\u00a0\u201c<\/span><\/em><\/p>\n<p><span dir=\"auto\">Zd\u016fraznil, \u017ee sv\u011bt se nach\u00e1z\u00ed na bodech zlomu, jako je nap\u0159\u00edklad zastaven\u00ed cirkulace oce\u00e1n\u016f, co\u017e by m\u011blo katastrof\u00e1ln\u00ed d\u016fsledky. Sachs nicm\u00e9n\u011b vid\u00ed nad\u011bji v \u010c\u00edn\u011b, kter\u00e1 je v \u010dele rozvoje bezuhl\u00edkov\u00e9 energie:<\/span><\/p>\n<p><em><span dir=\"auto\">\u201e\u010c\u00edna je l\u00eddrem v oblasti sol\u00e1rn\u00ed a v\u011btrn\u00e9 energie, jadern\u00e9 energie \u010dtvrt\u00e9 generace, vod\u00edku, elektromobil\u016f, dodavatelsk\u00fdch \u0159et\u011bzc\u016f bateri\u00ed a digit\u00e1ln\u00ed infrastruktury. \u010c\u00edna m\u00e1 kapacitu, kterou sv\u011bt pot\u0159ebuje k tomu, aby toho skute\u010dn\u011b<\/span><\/em><br \/>\n<em><span dir=\"auto\">dos\u00e1hla\u00a0<\/span><span dir=\"auto\">.<\/span><span dir=\"auto\">\u00a0\u201c<\/span><\/em><\/p>\n<p><span dir=\"auto\">Naproti tomu kritizoval USA, zejm\u00e9na politiku Donalda Trumpa, kter\u00e9 dominuje pr\u016fmysl fosiln\u00edch paliv:<\/span><\/p>\n<p><em><span dir=\"auto\">\u201eTrump je v tomhle evidentn\u011b idiot a \u201adrill baby drill\u2018 nen\u00ed jen lobbying, on tomu opravdu v\u011b\u0159\u00ed. Nedok\u00e1\u017ee pochopit\u00a0koncept, \u017ee by se bohatstv\u00ed nechalo pod zem\u00ed<\/span><span dir=\"auto\">.\u00a0\u201c<\/span><\/em><\/p>\n<h3 class=\"wp-block-heading\"><strong><span dir=\"auto\">Krize akademick\u00e9ho sv\u011bta<\/span><\/strong><\/h3>\n<p><span dir=\"auto\">Na z\u00e1v\u011br Sachs hovo\u0159il o zm\u011bn\u00e1ch v akademick\u00e9 sf\u00e9\u0159e, kter\u00e1 je ovlivn\u011bna komercializac\u00ed a politick\u00fdm tlakem. Na\u0159\u00edkal nad trendem, kdy se univerzity st\u00e1le v\u00edce chovaj\u00ed jako podniky:<\/span><\/p>\n<p><span dir=\"auto\"><em>\u201eJe depresivn\u00ed sledovat ,<\/em>\u00a0jak\u00a0se univerzita chov\u00e1 jako korporace, kter\u00e1 se sna\u017e\u00ed jen o PR<\/span><span dir=\"auto\">. \u201c<\/span><\/p>\n<p><span dir=\"auto\">Navzdory t\u011bmto v\u00fdzv\u00e1m z\u016fst\u00e1v\u00e1 Sachs optimistick\u00fd a zd\u016fraz\u0148uje kr\u00e1su akademick\u00e9 tradice, kter\u00e1 sah\u00e1 a\u017e k Aristotelovi. Povzbuzoval mlad\u00e9 lidi, aby na\u0161li zp\u016fsoby, jak se v tomto sv\u011bt\u011b orientovat, a zd\u016fraz\u0148oval pot\u0159ebu br\u00e1nit akademickou svobodu:<\/span><\/p>\n<p><em><span dir=\"auto\">\u201eNa takov\u00e9m \u017eivot\u011b je n\u011bco naprosto \u00fa\u017easn\u00e9ho. Mus\u00edme se v zb\u00fdvaj\u00edc\u00edch letech sna\u017eit, aby v\u0161ichni ostatn\u00ed m\u011bli v\u00fdsadu akademick\u00e9ho<\/span><\/em><br \/>\n<em><span dir=\"auto\">\u017eivota\u00a0<\/span><span dir=\"auto\">.<\/span><span dir=\"auto\">\u00a0\u201c<\/span><\/em><\/p>\n<h3 class=\"wp-block-heading\"><strong><span dir=\"auto\">Z\u00e1v\u011br: V\u00fdzva k akci<\/span><\/strong><\/h3>\n<p><span dir=\"auto\">V tomto rozhovoru Jeffrey Sachs poskytl jasnou anal\u00fdzu glob\u00e1ln\u00edch konflikt\u016f a klimatick\u00e9 krize a zd\u016fraznil odpov\u011bdnost Spojen\u00fdch st\u00e1t\u016f a jejich spojenc\u016f za eskalaci mnoha probl\u00e9m\u016f. Jeho v\u00fdzva k \u0159e\u0161en\u00ed Bl\u00edzk\u00e9ho v\u00fdchodu formou dvou st\u00e1t\u016f, k deeskala\u010dn\u00ed politice na Ukrajin\u011b a Tchaj-wanu a k glob\u00e1ln\u00ed spolupr\u00e1ci v oblasti klimatick\u00e9 krize ukazuje na cestu z aktu\u00e1ln\u00ed krize. Z\u00e1rove\u0148 varoval p\u0159ed korupc\u00ed ze strany z\u00e1jmov\u00fdch skupin a eroz\u00ed akademick\u00e9 svobody. Navzdory t\u011bmto v\u00fdzv\u00e1m z\u016fst\u00e1v\u00e1 Sachs optimistick\u00fd a vyz\u00fdv\u00e1 k p\u0159ehodnocen\u00ed glob\u00e1ln\u00edch priorit s \u010c\u00ednou jako \u00fast\u0159edn\u00edm hr\u00e1\u010dem v klimatick\u00e9 transformaci a k siln\u011bj\u0161\u00ed mezin\u00e1rodn\u00ed spolupr\u00e1ci pro m\u00edr a udr\u017eitelnost.<\/span><\/p>\n<p><img decoding=\"async\" loading=\"lazy\" class=\"alignnone size-full wp-image-1185\" src=\"http:\/\/www.infokuryr.cz\/n\/wp-content\/uploads\/2021\/04\/kuryr-podpis.png\" alt=\"\" width=\"84\" height=\"24\" \/><\/p>\n<p>&nbsp;<\/p>\n","protected":false},"excerpt":{"rendered":"<p>V ned\u00e1vn\u00e9m rozhovoru s profesorem Jeffreym Sachsem, renomovan\u00fdm odborn\u00edkem na udr\u017eiteln\u00fd rozvoj a profesorem na&#8230;<\/p>\n","protected":false},"author":2,"featured_media":84649,"comment_status":"closed","ping_status":"closed","sticky":false,"template":"","format":"standard","meta":[],"categories":[7],"tags":[1042,2181,37,889],"_links":{"self":[{"href":"https:\/\/www.infokuryr.cz\/n\/wp-json\/wp\/v2\/posts\/84648"}],"collection":[{"href":"https:\/\/www.infokuryr.cz\/n\/wp-json\/wp\/v2\/posts"}],"about":[{"href":"https:\/\/www.infokuryr.cz\/n\/wp-json\/wp\/v2\/types\/post"}],"author":[{"embeddable":true,"href":"https:\/\/www.infokuryr.cz\/n\/wp-json\/wp\/v2\/users\/2"}],"replies":[{"embeddable":true,"href":"https:\/\/www.infokuryr.cz\/n\/wp-json\/wp\/v2\/comments?post=84648"}],"version-history":[{"count":0,"href":"https:\/\/www.infokuryr.cz\/n\/wp-json\/wp\/v2\/posts\/84648\/revisions"}],"wp:featuredmedia":[{"embeddable":true,"href":"https:\/\/www.infokuryr.cz\/n\/wp-json\/wp\/v2\/media\/84649"}],"wp:attachment":[{"href":"https:\/\/www.infokuryr.cz\/n\/wp-json\/wp\/v2\/media?parent=84648"}],"wp:term":[{"taxonomy":"category","embeddable":true,"href":"https:\/\/www.infokuryr.cz\/n\/wp-json\/wp\/v2\/categories?post=84648"},{"taxonomy":"post_tag","embeddable":true,"href":"https:\/\/www.infokuryr.cz\/n\/wp-json\/wp\/v2\/tags?post=84648"}],"curies":[{"name":"wp","href":"https:\/\/api.w.org\/{rel}","templated":true}]}}