{"id":84646,"date":"2025-07-31T00:12:38","date_gmt":"2025-07-30T22:12:38","guid":{"rendered":"https:\/\/www.infokuryr.cz\/n\/?p=84646"},"modified":"2025-07-30T12:40:21","modified_gmt":"2025-07-30T10:40:21","slug":"paul-craig-roberts-co-se-deje-s-ruskem","status":"publish","type":"post","link":"https:\/\/www.infokuryr.cz\/n\/2025\/07\/31\/paul-craig-roberts-co-se-deje-s-ruskem\/","title":{"rendered":"Paul Craig Roberts: Co se d\u011bje s Ruskem?"},"content":{"rendered":"<div id=\"fb-root\"><\/div>\n<div class=\"elementor-element elementor-element-1fb4c2c elementor-widget elementor-widget-theme-post-content\" data-id=\"1fb4c2c\" data-element_type=\"widget\" data-widget_type=\"theme-post-content.default\">\n<div class=\"elementor-widget-container\">\n<p><span dir=\"auto\">Rusk\u00fd nedostatek kontaktu s realitou je z\u00e1hadn\u00fd. Nejde jen o Putinovu neschopnost pochopit, \u017ee t\u00edm, \u017ee odm\u00edtl konflikt po t\u0159ech a p\u016fl letech vyhr\u00e1t, sp\u00ed\u0161e dovolil, aby se vymkl kontrole. Nyn\u00ed je Putin konfrontov\u00e1n s faktem, \u017ee cel\u00e1 Evropa podporuje z\u00e1stupnou v\u00e1lku Z\u00e1padu proti Rusku n\u00e1kupem a dod\u00e1vkami americk\u00fdch zbran\u00ed Ukrajin\u011b. Trump a N\u011bmecko signalizovaly, \u017ee dal\u0161\u00ed eskalac\u00ed bude raketov\u00fd \u00fatok na Moskvu.<\/span><\/p>\n<p><span dir=\"auto\">Rusov\u00e9 se zjevn\u011b st\u00e1le nic nenau\u010dili. Ivan Timofejev, programov\u00fd \u0159editel Valdajsk\u00e9ho klubu, \u0159\u00edk\u00e1: \u201eJsme na pokraji v\u00e1lky, kterou nikdo nechce, ale na kterou se v\u0161ichni p\u0159ipravuj\u00ed.\u201c M\u00fdl\u00ed se. Izrael chce americkou v\u00e1lku s \u00cdr\u00e1nem. Zelenskyj chce evropskou v\u00e1lku s Ruskem. Sionisti\u010dt\u00ed neokonzervativci cht\u011bj\u00ed dal\u0161\u00ed barevn\u00e9 revoluce, aby vyprovokovali v\u00e1lku proti Rusku. CIA chce oslabit zem\u011b BRICS t\u00edm, \u017ee proti sob\u011b postav\u00ed Indii a \u010c\u00ednu.<\/span><\/p>\n<p><span dir=\"auto\">S\u00e1m Putin ud\u011blal je\u0161t\u011b v\u00edce pro zaji\u0161t\u011bn\u00ed budouc\u00edch konflikt\u016f t\u00edm, \u017ee odm\u00edtl pou\u017e\u00edt dostate\u010dnou s\u00edlu k ukon\u010den\u00ed konfliktu na Ukrajin\u011b d\u0159\u00edve, ne\u017e se vymkne kontrole.<\/span><\/p>\n<p><span dir=\"auto\">Timofejev skute\u010dn\u011b v\u011b\u0159\u00ed, s Bo\u017e\u00ed pomoc\u00ed, \u017ee Trump se zasazoval o m\u00edr na Ukrajin\u011b. Jak m\u016f\u017ee Trump prosazovat m\u00edr, kdy\u017e vojensko-bezpe\u010dnostn\u00ed komplex pot\u0159ebuje rusk\u00e9ho nep\u0159\u00edtele, bez kter\u00e9ho je jeho rozpo\u010det a moc oslabena? Trump neodm\u00edtl Wolfowitzovu doktr\u00ednu americk\u00e9 hegemonie. Trump se s Putinem nesetkal. Vzhledem k tomu, \u017ee ukrajinsk\u00fd konflikt je z\u00e1stupnou v\u00e1lkou Washingtonu proti Rusku, mohou jej vy\u0159e\u0161it pouze Trump a Putin.<\/span><\/p>\n<p><span dir=\"auto\">Trump se o vy\u0159e\u0161en\u00ed probl\u00e9mu nijak nepokusil. P\u0159edal ho Zelensk\u00e9mu, kter\u00fd ho vy\u0159e\u0161it nem\u016f\u017ee, proto\u017ee je to v\u00e1lka Washingtonu.<\/span><\/p>\n<p><span dir=\"auto\">Z\u00e1padn\u00ed sv\u011bt nesly\u0161el ani slovo z toho, co Putin \u0159ekl. Putin opakovan\u011b zd\u016fraz\u0148oval, \u017ee v\u00e1lku nelze vy\u0159e\u0161it bez \u0159e\u0161en\u00ed jej\u00ed z\u00e1kladn\u00ed p\u0159\u00ed\u010diny, a to absence dohody o vz\u00e1jemn\u00e9 bezpe\u010dnosti.<\/span><\/p>\n<p><span dir=\"auto\">Z\u00e1pad dal jasn\u011b najevo, \u017ee si nep\u0159eje dohodu o vz\u00e1jemn\u00e9 bezpe\u010dnosti s Ruskem. Co jin\u00e9ho by vysv\u011btlovalo, pro\u010d Washington zneu\u017e\u00edv\u00e1 konflikt k roz\u0161\u00ed\u0159en\u00ed NATO o Finsko a \u0160v\u00e9dsko, militarizaci Moldavska a podn\u011bcov\u00e1n\u00ed protirusk\u00fdch nepokoj\u016f v b\u00fdval\u00e9 sov\u011btsk\u00e9 St\u0159edn\u00ed Asii?<\/span><\/p>\n<p><span dir=\"auto\">Je udivuj\u00edc\u00ed, \u017ee \u2013 s v\u00fdjimkou novin\u00e1\u0159ky Sputniku Jekat\u011briny Blinovov\u00e9 \u2013 nikdy nenajdeme inteligentn\u00ed anal\u00fdzu rusk\u00e9ho koment\u00e1tora v angli\u010dtin\u011b. Nepochybn\u011b existuj\u00ed rusk\u00e9 diskuse, kter\u00e9 jsou n\u00e1m up\u00edr\u00e1ny.<\/span><\/p>\n<p><span dir=\"auto\">Dal\u0161\u00edm p\u0159\u00edkladem neopatrnosti Kremlu je prohl\u00e1\u0161en\u00ed mluv\u010d\u00edho Kremlu Dmitrije Peskova z minul\u00e9ho p\u00e1tku: \u201eJedin\u00fdm zp\u016fsobem, jak vy\u0159e\u0161it konflikt na Bl\u00edzk\u00e9m v\u00fdchod\u011b, je vytvo\u0159en\u00ed palestinsk\u00e9ho st\u00e1tu po boku Izraele.\u201c<\/span><\/p>\n<p><span dir=\"auto\">Zde m\u00e1me op\u011bt \u201e\u0159e\u0161en\u00ed dvou st\u00e1t\u016f\u201c, kter\u00e9 slou\u017e\u00ed jako z\u00e1st\u011brka pro izraelskou kr\u00e1de\u017e Palestiny od roku 1947. Ka\u017ed\u00fd rok Izrael krade o trochu v\u00edce Palestiny a spolupachatelsk\u00fd Z\u00e1pad hovo\u0159\u00ed o \u201e\u0159e\u0161en\u00ed dvou st\u00e1t\u016f\u201c.<\/span><\/p>\n<p><span dir=\"auto\">Kreml si na ni st\u00e1le n\u00e1rokuje, p\u0159esto\u017ee v Gaze nez\u016fstala jedin\u00e1 budova a izraelsk\u00fd ministr prohl\u00e1sil, \u017ee izraelsk\u00fd parlament fakticky anektoval nepatrn\u00e9 zbytky Z\u00e1padn\u00edho b\u0159ehu Jord\u00e1nu. Trump si na Gazu ji\u017e n\u00e1rokoval, tak\u017ee kde je Palestina? Je to zem\u011b, kter\u00e1 u\u017e neexistuje. Amerika a Izrael ji smazali z planety.<\/span><\/p>\n<p><span dir=\"auto\">Prohl\u00e1\u0161en\u00ed izraelsk\u00e9 vl\u00e1dy uv\u00e1d\u00ed: \u201eVznik palestinsk\u00e9ho st\u00e1tu p\u0159edstavuje smrtelnou hrozbu pro existenci Izraele. Knesset prohla\u0161uje, \u017ee St\u00e1t Izrael m\u00e1 p\u0159irozen\u00e9, historick\u00e9 a z\u00e1konn\u00e9 pr\u00e1vo na v\u0161echny \u010d\u00e1sti Zem\u011b Izrael.\u201c Jin\u00fdmi slovy: Palestina neexistuje.<\/span><\/p>\n<p><span dir=\"auto\">Vzhledem k tomuto jasn\u00e9mu prohl\u00e1\u0161en\u00ed izraelsk\u00e9 vl\u00e1dy Kreml tvrd\u00ed, \u017ee \u0159e\u0161en\u00edm je existence dvou st\u00e1t\u016f.<\/span><\/p>\n<p><span dir=\"auto\">Co v\u00edc je pot\u0159eba k uv\u011bdom\u011bn\u00ed si, \u017ee Rusko ztratilo kontakt s realitou, nech\u00e1pe, co se d\u011bje, a sv\u00fdm neschopnost\u00ed p\u0159evz\u00edt v\u016fd\u010d\u00ed roli uvrhlo sv\u011bt do t\u0159et\u00ed sv\u011btov\u00e9 v\u00e1lky.<\/span><\/p>\n<\/div>\n<\/div>\n<div class=\"elementor-element elementor-element-8c57238 quelle dc-has-condition dc-condition-empty elementor-widget elementor-widget-heading\" data-id=\"8c57238\" data-element_type=\"widget\" data-widget_type=\"heading.default\">\n<div class=\"elementor-widget-container\">\n<h3 class=\"elementor-heading-title elementor-size-default\"><span style=\"font-size: 10pt;\"><a href=\"https:\/\/www.paulcraigroberts.org\/2025\/07\/27\/what-is-it-with-russia\/\" target=\"_blank\" rel=\"nofollow noopener\"><span dir=\"auto\">Zdroj<\/span><\/a><\/span><\/h3>\n<p>&nbsp;<\/p>\n<\/div>\n<\/div>\n","protected":false},"excerpt":{"rendered":"<p>Rusk\u00fd nedostatek kontaktu s realitou je z\u00e1hadn\u00fd. Nejde jen o Putinovu neschopnost pochopit, \u017ee t\u00edm,&#8230;<\/p>\n","protected":false},"author":2,"featured_media":810,"comment_status":"closed","ping_status":"closed","sticky":false,"template":"","format":"standard","meta":[],"categories":[7],"tags":[107,1503,22,365],"_links":{"self":[{"href":"https:\/\/www.infokuryr.cz\/n\/wp-json\/wp\/v2\/posts\/84646"}],"collection":[{"href":"https:\/\/www.infokuryr.cz\/n\/wp-json\/wp\/v2\/posts"}],"about":[{"href":"https:\/\/www.infokuryr.cz\/n\/wp-json\/wp\/v2\/types\/post"}],"author":[{"embeddable":true,"href":"https:\/\/www.infokuryr.cz\/n\/wp-json\/wp\/v2\/users\/2"}],"replies":[{"embeddable":true,"href":"https:\/\/www.infokuryr.cz\/n\/wp-json\/wp\/v2\/comments?post=84646"}],"version-history":[{"count":0,"href":"https:\/\/www.infokuryr.cz\/n\/wp-json\/wp\/v2\/posts\/84646\/revisions"}],"wp:featuredmedia":[{"embeddable":true,"href":"https:\/\/www.infokuryr.cz\/n\/wp-json\/wp\/v2\/media\/810"}],"wp:attachment":[{"href":"https:\/\/www.infokuryr.cz\/n\/wp-json\/wp\/v2\/media?parent=84646"}],"wp:term":[{"taxonomy":"category","embeddable":true,"href":"https:\/\/www.infokuryr.cz\/n\/wp-json\/wp\/v2\/categories?post=84646"},{"taxonomy":"post_tag","embeddable":true,"href":"https:\/\/www.infokuryr.cz\/n\/wp-json\/wp\/v2\/tags?post=84646"}],"curies":[{"name":"wp","href":"https:\/\/api.w.org\/{rel}","templated":true}]}}