{"id":84623,"date":"2025-07-30T00:35:56","date_gmt":"2025-07-29T22:35:56","guid":{"rendered":"https:\/\/www.infokuryr.cz\/n\/?p=84623"},"modified":"2025-07-29T16:17:37","modified_gmt":"2025-07-29T14:17:37","slug":"philippe-rosenthal-je-obchodni-dohoda-mezi-washingtonem-a-bruselem-fiaskem-pro-evropu","status":"publish","type":"post","link":"https:\/\/www.infokuryr.cz\/n\/2025\/07\/30\/philippe-rosenthal-je-obchodni-dohoda-mezi-washingtonem-a-bruselem-fiaskem-pro-evropu\/","title":{"rendered":"Philippe Rosenthal: Je obchodn\u00ed dohoda mezi Washingtonem a Bruselem fiaskem pro Evropu?"},"content":{"rendered":"<div id=\"fb-root\"><\/div>\n<p><strong><span dir=\"auto\">Spojen\u00e9 st\u00e1ty za\u010dnou pumpovat pen\u00edze z Evropy. Donald Trump ozn\u00e1mil novou obchodn\u00ed dohodu. Spojen\u00e9 st\u00e1ty zavedou z\u00e1kladn\u00ed clo ve v\u00fd\u0161i 15 % na zbo\u017e\u00ed z EU.\u00a0<\/span><\/strong><\/p>\n<p><span dir=\"auto\">Ve snaze sn\u00ed\u017eit americk\u00e1 cla Evropsk\u00e1 komise, konkr\u00e9tn\u011b Ursula von der Leyenov\u00e1, sl\u00edbila Spojen\u00fdm st\u00e1t\u016fm, \u017ee ruskou ropu a plyn zcela nahrad\u00ed americk\u00fdm LNG a jadern\u00fdm palivem. \u201eN\u00e1kupy americk\u00fdch energetick\u00fdch produkt\u016f diverzifikuj\u00ed na\u0161e zdroje dod\u00e1vek a p\u0159isp\u011bj\u00ed k energetick\u00e9 bezpe\u010dnosti Evropy. Rusk\u00fd plyn a ropu nahrad\u00edme v\u00fdznamn\u00fdmi n\u00e1kupy americk\u00e9ho LNG, ropy a jadern\u00e9ho paliva,\u201c\u00a0<\/span><a href=\"https:\/\/ec.europa.eu\/commission\/presscorner\/detail\/fr\/statement_25_1915\" target=\"_blank\" rel=\"noopener\"><span dir=\"auto\">uvedla<\/span><\/a><span dir=\"auto\">\u00a0\u00a0na sv\u00e9 tiskov\u00e9 konferenci.<\/span><\/p>\n<p><span dir=\"auto\">Americk\u00fd prezident Donald Trump\u00a0<\/span><a href=\"https:\/\/www.bfmtv.com\/economie\/750-milliards-de-dollars-l-ue-va-acheter-des-quantites-significatives-de-petrole-et-de-gaz-americain-pour-remplacer-ceux-de-la-russie_AD-202507270312.html\" target=\"_blank\" rel=\"noopener\"><span dir=\"auto\">ozn\u00e1mil<\/span><\/a><span dir=\"auto\">\u00a0, \u017ee se Evropsk\u00e1 unie zav\u00e1zala k n\u00e1kupu energie od Spojen\u00fdch st\u00e1t\u016f v hodnot\u011b 750 miliard dolar\u016f. Poznamenal tak\u00e9, \u017ee EU souhlasila s investicemi ve Spojen\u00fdch st\u00e1tech v hodnot\u011b 600 miliard dolar\u016f.\u00a0<\/span><\/p>\n<p><span dir=\"auto\">\u201eTouto dohodou si zaji\u0161\u0165ujeme p\u0159\u00edstup na n\u00e1\u0161 nejv\u011bt\u0161\u00ed exportn\u00ed trh,\u201c domn\u00edv\u00e1 se Ursula von der Leyenov\u00e1 a z\u00e1rove\u0148 informuje: \u201eDohodli jsme se na jednotn\u00e9 celn\u00ed sazb\u011b ve v\u00fd\u0161i 15 % pro drtivou v\u011bt\u0161inu v\u00fdvozu EU\u201c a \u017ee \u201etato sazba plat\u00ed ve v\u011bt\u0161in\u011b odv\u011btv\u00ed, v\u010detn\u011b automobilov\u00e9ho pr\u016fmyslu, polovodi\u010d\u016f a farmaceutick\u00fdch v\u00fdrobk\u016f.\u201c<\/span><\/p>\n<p><span dir=\"auto\">Von der Leyenov\u00e1 je z dohody s Donaldem Trumpem nad\u0161en\u00e1, zat\u00edmco francouzsk\u00fd tisk, nap\u0159\u00edklad\u00a0\u00a0<\/span><em><span dir=\"auto\">France Bleu,\u00a0<\/span><\/em>\u00a0<a href=\"https:\/\/www.francebleu.fr\/infos\/economie-social\/droits-de-douane-les-etats-unis-et-l-ue-ont-conclu-un-accord-annoncent-trump-et-von-der-leyen-8177611\" target=\"_blank\" rel=\"noopener\"><span dir=\"auto\">ozna\u010duje<\/span><\/a><span dir=\"auto\">\u00a0\u00a0dohodu za neomezen\u00fd americk\u00fd protekcionismus: \u201eDohoda z Turnberry potvrzuje, \u017ee transatlantick\u00fd obchod vstoupil do nov\u00e9 \u00e9ry, \u00e9ry neomezen\u00e9ho americk\u00e9ho protekcionismu: \u201eDokud se Donald Trump nevr\u00e1til k moci, vyzna\u010doval se pr\u016fm\u011brnou \u00farovn\u00ed americk\u00fdch cel ve v\u00fd\u0161i 4,8 %.\u201c\u00a0<\/span><\/p>\n<p><span dir=\"auto\">Pro von der Leyen \u201edohoda dosa\u017een\u00e1 dnes p\u0159in\u00e1\u0161\u00ed jistotu v dob\u00e1ch nejistoty\u201c. Podle analytik\u016f spole\u010dnosti BofA Securities v\u0161ak \u201etato dohoda\u00a0<\/span><a href=\"https:\/\/fr.finance.yahoo.com\/actualites\/l-accord-commercial-%C3%A9tats-unis-105943601.html\" target=\"_blank\" rel=\"noopener\"><span dir=\"auto\">pravd\u011bpodobn\u011b<\/span><\/a><span dir=\"auto\">\u00a0zcela neodstran\u00ed ekonomickou nejistotu\u201c, proto\u017ee existuj\u00ed ur\u010dit\u00e9 v\u00fdjimky, jako nap\u0159\u00edklad 50% da\u0148 z oceli a hlin\u00edku, kter\u00e9 z\u016fstanou v platnosti.\u00a0<\/span><\/p>\n<p><span dir=\"auto\">Pro p\u0159ipomenut\u00ed, americk\u00fd prezident Donald Trump podepsal 3. \u010dervna 2025 v\u00fdkonn\u00fd p\u0159\u00edkaz, kter\u00fdm zv\u00fd\u0161il cla na dovoz t\u011bchto dvou materi\u00e1l\u016f z 25 % na 50 %. \u201eV pozn\u00e1mce zve\u0159ejn\u011bn\u00e9 v pond\u011bl\u00ed v reakci na toto ozn\u00e1men\u00ed analytici BofA v \u010dele s Adityou Bhavem ozna\u010dili dohodu za nestabiln\u00ed a varovali, \u017ee nejasn\u00fd v\u00fdhled je zapomenut, ale ne pry\u010d,\u201c pokra\u010duje\u00a0<\/span><em><span dir=\"auto\">\u00a0Yahoo Finance<\/span><\/em><span dir=\"auto\">\u00a0.\u00a0<\/span><\/p>\n<p><span dir=\"auto\">\u201ePodrobnosti [dohody] je\u0161t\u011b nejsou dohodnuty, p\u0159ijat\u00e9 z\u00e1vazky mus\u00ed b\u00fdt podpo\u0159eny ka\u017edou zem\u00ed a co je pro n\u00e1s nejd\u016fle\u017eit\u011bj\u0161\u00ed, dohoda ukazuje, \u017ee kdy\u017e je EU zahn\u00e1na do kouta, postr\u00e1d\u00e1 agilitu a s\u00edlu strategicky vyjedn\u00e1vat,\u201c\u00a0<\/span><a href=\"https:\/\/www.investing.com\/news\/economy-news\/useu-trade-deal-means-uncertainty-is-forgotten-but-not-gone-bofa-says-4154738\" target=\"_blank\" rel=\"noopener\"><span dir=\"auto\">napsala<\/span><\/a><span dir=\"auto\">\u00a0makl\u00e9\u0159sk\u00e1 firma Adityi Bhaveho. \u201eCelkov\u00e1 dohoda zahrnuje v\u00fdznamn\u00e9 n\u00e1kupy americk\u00e9 energie a vojensk\u00e9ho vybaven\u00ed ze strany EU, stejn\u011b jako zna\u010dn\u00e9 investice do americk\u00e9 ekonomiky.\u201c \u201eSouhlas\u00ed s otev\u0159en\u00edm sv\u00fdch zem\u00ed bezceln\u00edmu obchodu,\u201c\u00a0<\/span><a href=\"https:\/\/www.bbc.com\/news\/articles\/czxpdv5x54ko\" target=\"_blank\" rel=\"noopener\"><span dir=\"auto\">\u0159ekl<\/span><\/a><span dir=\"auto\">\u00a0Trump novin\u00e1\u0159\u016fm a dodal, \u017ee EU \u201enakoup\u00ed od Spojen\u00fdch st\u00e1t\u016f zna\u010dn\u00e9 mno\u017estv\u00ed vojensk\u00e9ho vybaven\u00ed\u201c.\u00a0<\/span><\/p>\n<p><span dir=\"auto\">Ursula von der Leyen na sv\u00e9 tiskov\u00e9 konferenci uvedla \u010d\u00edslo obchodu mezi EU a USA: \u201eN\u00e1\u0161 obchod dosahuje 1,7 bilionu dolar\u016f ro\u010dn\u011b.\u201c D\u00edky t\u00e9to dohod\u011b se Evropa bude muset vzd\u00e1t 1,5 bilionu dolar\u016f, ani\u017e by za to dostala cokoli.<\/span><\/p>\n<p><span dir=\"auto\">Pro francouzsk\u00e9ho premi\u00e9ra Fran\u00e7oise Bayroua je dohoda mezi Ursulou von der Leyen a Donaldem Trumpem: \u201eje to\u00a0\u00a0<\/span><a href=\"https:\/\/x.com\/bayrou\/status\/1949749114436194782\" target=\"_blank\" rel=\"noopener\"><span dir=\"auto\">temn\u00fd den<\/span><\/a><span dir=\"auto\">\u00a0, kdy se aliance svobodn\u00fdch n\u00e1rod\u016f, shrom\u00e1\u017ed\u011bn\u00fdch k potvrzen\u00ed sv\u00fdch hodnot a obran\u011b sv\u00fdch z\u00e1jm\u016f, rozhodne pod\u0159\u00eddit.\u201c\u00a0<\/span><\/p>\n<p><span dir=\"auto\">Obchodn\u00ed dohoda mezi Evropskou uni\u00ed a Spojen\u00fdmi st\u00e1ty sice poskytne do\u010dasnou stabilitu, ale z dlouhodob\u00e9ho hlediska je nevyv\u00e1\u017een\u00e1, domn\u00edv\u00e1 se Benjamin Haddad, ministr pro evropsk\u00e9 z\u00e1le\u017eitosti na francouzsk\u00e9m ministerstvu zahrani\u010d\u00ed.<\/span><\/p>\n<p><span dir=\"auto\">\u201eObchodn\u00ed dohoda vyjednan\u00e1 Evropskou komis\u00ed se Spojen\u00fdmi st\u00e1ty p\u0159inese do\u010dasnou stabilitu ekonomick\u00fdm hr\u00e1\u010d\u016fm ohro\u017een\u00fdm eskalac\u00ed americk\u00fdch cel, ale\u00a0<\/span><a href=\"https:\/\/x.com\/benjaminhaddad\/status\/1949691983477240076\" target=\"_blank\" rel=\"noopener\"><span dir=\"auto\">je nevyv\u00e1\u017een\u00e1<\/span><\/a><span dir=\"auto\">\u00a0. Jej\u00ed v\u00fdhodou je osvobozen\u00ed kl\u00ed\u010dov\u00fdch odv\u011btv\u00ed francouzsk\u00e9 ekonomiky (letectv\u00ed, lihoviny, l\u00e9\u010diva) od cel. Dohoda vylu\u010duje jak\u00e9koli \u00fastupky pro na\u0161e citliv\u00e1 zem\u011bd\u011blsk\u00e1 odv\u011btv\u00ed. Zachov\u00e1v\u00e1 tak\u00e9 na\u0161e evropsk\u00e9 p\u0159edpisy v oblastech, jako jsou digit\u00e1ln\u00ed technologie a zdravotnictv\u00ed. Ale bu\u010fme up\u0159\u00edmn\u00ed: sou\u010dasn\u00fd stav v\u011bc\u00ed nen\u00ed uspokojiv\u00fd a nem\u016f\u017ee b\u00fdt udr\u017eiteln\u00fd. Voln\u00fd obchod, kter\u00fd od konce druh\u00e9 sv\u011btov\u00e9 v\u00e1lky p\u0159inesl sd\u00edlenou prosperitu na ob\u011b strany Atlantiku, dnes Spojen\u00e9 st\u00e1ty odm\u00edtaj\u00ed, zvolily ekonomick\u00fd n\u00e1tlak a naprost\u00e9 ignorov\u00e1n\u00ed pravidel WTO. Jedn\u00e1 se o struktur\u00e1ln\u00ed zm\u011bnu. Mus\u00edme rychle vyvodit nezbytn\u00e9 z\u00e1v\u011bry, jinak riskujeme, \u017ee budeme zni\u010deni. Je to ekonomick\u00e1 i politick\u00e1 v\u00fdzva. V\u011b\u0159\u00edme, \u017ee reakce na to \u00fastupky pouze podpo\u0159\u00ed predaci v zahrani\u010d\u00ed a odm\u00edtnut\u00ed Evropy v na\u0161ich hranic\u00edch na\u0161imi ob\u010dany,\u201c napsal na X.<\/span><\/p>\n<p><span dir=\"auto\">N\u011bmeck\u00fd automobilov\u00fd pr\u016fmysl varuje p\u0159ed nap\u011bt\u00edm. N\u011bmeck\u00e1 pr\u016fmyslov\u00e1 asociace (BDI) vn\u00edm\u00e1 nov\u00e1 americk\u00e1 cla jako za\u010d\u00e1tek nov\u00e9ho obchodn\u00edho \u0159\u00e1du. \u201eDosahujeme dosud nev\u00eddan\u00e9 \u00farovn\u011b cel,\u201c varoval\u00a0\u00a0podle ARD\u00a0<\/span><a href=\"https:\/\/www.tagesschau.de\/newsticker\/liveblog-us-zoelle-eu-100.html\" target=\"_blank\" rel=\"noopener\"><span dir=\"auto\">novin\u00e1\u0159e v Berl\u00edn\u011b lobbista BDI Wolfgang Niedermark\u00a0<\/span><\/a><em><span dir=\"auto\">.<\/span><\/em><span dir=\"auto\">\u00a0Ozna\u010duje to za velkou r\u00e1nu a \u0161patn\u00fd den pro ekonomiku: \u201eO\u010dek\u00e1v\u00e1me zna\u010dn\u00e9 ztr\u00e1ty r\u016fstu na\u0161eho pr\u016fmyslu.\u201c \u201eEvropa nebyla v siln\u00e9 vyjedn\u00e1vac\u00ed pozici a nal\u00e9hav\u011b pot\u0159ebuje pos\u00edlit svou konkurenceschopnost, aby dos\u00e1hla lep\u0161\u00edch v\u00fdsledk\u016f. Dohoda nab\u00edz\u00ed pouze zd\u00e1nlivou jistotu, i kdy\u017e m\u00e1 v\u00fdhody pro ur\u010dit\u00e1 odv\u011btv\u00ed a obecn\u011b br\u00e1n\u00ed eskalaci obchodn\u00edho konfliktu,\u201c uzav\u0159el.\u00a0<\/span><\/p>\n<p><span dir=\"auto\">\u201eN\u011bmeck\u00fd farmaceutick\u00fd pr\u016fmysl kritizuje navrhovan\u00e9 15% americk\u00e9 clo na farmaceutick\u00e9 v\u00fdrobky. Asociace farmaceutick\u00fdch spole\u010dnost\u00ed zalo\u017een\u00fdch na v\u00fdzkumu (VFA) to pova\u017euje za v\u00e1\u017en\u00fd krok zp\u011bt, kter\u00fd poru\u0161uje des\u00edtky let starou z\u00e1sadu bezceln\u00edho prodeje farmaceutick\u00fdch v\u00fdrobk\u016f,\u201c pokra\u010duj\u00ed n\u011bmeck\u00e1 m\u00e9dia s odvol\u00e1n\u00edm na \u00fa\u0159edn\u00edka EU: \u201eV budoucnu by m\u011blo b\u00fdt mo\u017en\u00e9 do Evropsk\u00e9 unie dov\u00e1\u017eet automobily z USA bez dan\u011b,\u201c zat\u00edmco \u201epro automobily ze zem\u00ed EU bude v budoucnu platit vy\u0161\u0161\u00ed celn\u00ed sazba ve v\u00fd\u0161i 15 % pro dovoz do USA.\u201c\u00a0<\/span><\/p>\n<p><span dir=\"auto\">\u201eObchodn\u00ed dohoda, kterou uzav\u0159ela Ursula von der Leyen s Donaldem Trumpem, je\u00a0<\/span><a href=\"https:\/\/x.com\/MLP_officiel\/status\/1949543453060186459\" target=\"_blank\" rel=\"noopener\"><span dir=\"auto\">politick\u00e9, ekonomick\u00e9 a mor\u00e1ln\u00ed fiasko<\/span><\/a><span dir=\"auto\">\u00a0,\u201c napsala Marine Le Pen na X: \u201ePolitick\u00e9, proto\u017ee Evropsk\u00e1 unie se sv\u00fdmi 27 \u010dlensk\u00fdmi st\u00e1ty z\u00edskala hor\u0161\u00ed podm\u00ednky ne\u017e Spojen\u00e9 kr\u00e1lovstv\u00ed. Suverenity se v obchodn\u00edch z\u00e1le\u017eitostech nes\u010d\u00edtaj\u00ed: jsou oslabov\u00e1ny, nebo se v tomto p\u0159\u00edpad\u011b dokonce navz\u00e1jem ru\u0161\u00ed, pod t\u00edhou bruselsk\u00e9 byrokracie. Ekonomick\u00e9, proto\u017ee Komise p\u0159ijala asymetrick\u00e9 klauzule, kter\u00e9 by sama Francie, \u0159\u00edzen\u00e1 vlasteneckou exekutivou, nikdy nep\u0159ijala. Stovky miliard eur na plyn, stejn\u011b jako zbran\u011b, budou muset b\u00fdt ka\u017edoro\u010dn\u011b dov\u00e1\u017eeny ze Spojen\u00fdch st\u00e1t\u016f. To je naprost\u00e1 kapitulace francouzsk\u00e9ho pr\u016fmyslu a na\u0161\u00ed energetick\u00e9 a vojensk\u00e9 suverenity.\u201c Mor\u00e1ln\u00ed fiasko, kone\u010dn\u011b, proto\u017ee francouz\u0161t\u00ed farm\u00e1\u0159i byli op\u011bt ob\u011btov\u00e1ni na olt\u00e1\u0159i n\u011bmeck\u00e9ho pr\u016fmyslu s klauzulami, kter\u00e9 n\u00e1s nut\u00ed d\u00e1le otev\u00edrat jednotn\u00fd trh americk\u00e9 zem\u011bd\u011blsk\u00e9 produkci v\u00fdm\u011bnou za sn\u00ed\u017een\u00ed dan\u00ed z n\u011bmeck\u00e9ho automobilov\u00e9ho exportu.\u201c\u00a0<\/span><\/p>\n<p><span dir=\"auto\">\u201eTato globalizace, kter\u00e1 pop\u00edr\u00e1 a ni\u010d\u00ed suverenitu, je ji\u017e mnoho let zastaral\u00e1. Je nejvy\u0161\u0161\u00ed \u010das, aby se tato informace dostala k Evropsk\u00e9 komisi. A mezit\u00edm je to nejmen\u0161\u00ed, co m\u016f\u017eeme ud\u011blat, uznat toto ho\u0159k\u00e9 selh\u00e1n\u00ed, sp\u00ed\u0161e ne\u017e \u017e\u00e1dat Francouze, kte\u0159\u00ed budou jeho prvn\u00edmi ob\u011b\u0165mi, aby se radovali,\u201c uzav\u00edr\u00e1 p\u0159edseda skupiny RN v N\u00e1rodn\u00edm shrom\u00e1\u017ed\u011bn\u00ed.\u00a0<\/span><\/p>\n<p><em><span dir=\"auto\">Philippe Rosenthal<\/span><\/em><\/p>\n<p>&nbsp;<\/p>\n","protected":false},"excerpt":{"rendered":"<p>Spojen\u00e9 st\u00e1ty za\u010dnou pumpovat pen\u00edze z Evropy. Donald Trump ozn\u00e1mil novou obchodn\u00ed dohodu. Spojen\u00e9 st\u00e1ty&#8230;<\/p>\n","protected":false},"author":2,"featured_media":84624,"comment_status":"closed","ping_status":"closed","sticky":false,"template":"","format":"standard","meta":[],"categories":[7],"tags":[1042,924,41,37],"_links":{"self":[{"href":"https:\/\/www.infokuryr.cz\/n\/wp-json\/wp\/v2\/posts\/84623"}],"collection":[{"href":"https:\/\/www.infokuryr.cz\/n\/wp-json\/wp\/v2\/posts"}],"about":[{"href":"https:\/\/www.infokuryr.cz\/n\/wp-json\/wp\/v2\/types\/post"}],"author":[{"embeddable":true,"href":"https:\/\/www.infokuryr.cz\/n\/wp-json\/wp\/v2\/users\/2"}],"replies":[{"embeddable":true,"href":"https:\/\/www.infokuryr.cz\/n\/wp-json\/wp\/v2\/comments?post=84623"}],"version-history":[{"count":0,"href":"https:\/\/www.infokuryr.cz\/n\/wp-json\/wp\/v2\/posts\/84623\/revisions"}],"wp:featuredmedia":[{"embeddable":true,"href":"https:\/\/www.infokuryr.cz\/n\/wp-json\/wp\/v2\/media\/84624"}],"wp:attachment":[{"href":"https:\/\/www.infokuryr.cz\/n\/wp-json\/wp\/v2\/media?parent=84623"}],"wp:term":[{"taxonomy":"category","embeddable":true,"href":"https:\/\/www.infokuryr.cz\/n\/wp-json\/wp\/v2\/categories?post=84623"},{"taxonomy":"post_tag","embeddable":true,"href":"https:\/\/www.infokuryr.cz\/n\/wp-json\/wp\/v2\/tags?post=84623"}],"curies":[{"name":"wp","href":"https:\/\/api.w.org\/{rel}","templated":true}]}}