{"id":84618,"date":"2025-07-30T00:33:07","date_gmt":"2025-07-29T22:33:07","guid":{"rendered":"https:\/\/www.infokuryr.cz\/n\/?p=84618"},"modified":"2025-07-29T16:08:31","modified_gmt":"2025-07-29T14:08:31","slug":"putin-telefonicky-jednal-s-netanjahuem-o-syrii-a-iranu","status":"publish","type":"post","link":"https:\/\/www.infokuryr.cz\/n\/2025\/07\/30\/putin-telefonicky-jednal-s-netanjahuem-o-syrii-a-iranu\/","title":{"rendered":"Putin telefonicky jednal s Netanjahuem o S\u00fdrii a \u00cdr\u00e1nu"},"content":{"rendered":"<div id=\"fb-root\"><\/div>\n<p><strong><span dir=\"auto\">Rusk\u00fd prezident Vladimir Putin hovo\u0159il 28. \u010dervence telefonicky s izraelsk\u00fdm premi\u00e9rem Benjaminem Netanjahuem, aby projednali r\u016fzn\u00fd v\u00fdvoj na Bl\u00edzk\u00e9m v\u00fdchod\u011b, v\u010detn\u011b ned\u00e1vn\u00e9ho sekt\u00e1\u0159sk\u00e9ho n\u00e1sil\u00ed v S\u00fdrii a \u00edr\u00e1nsk\u00e9ho jadern\u00e9ho programu.<\/span><\/strong><\/p>\n<p><span dir=\"auto\">B\u011bhem hovoru Putin \u201ezd\u016fraznil d\u016fle\u017eitost podpory jednoty, suverenity a \u00fazemn\u00ed celistvosti\u201c S\u00fdrie, uvedl Kreml v prohl\u00e1\u0161en\u00ed.<\/span><\/p>\n<p><span dir=\"auto\">Rusk\u00fd v\u016fdce dodal, \u017ee politick\u00e9 stability v zemi mus\u00ed b\u00fdt dosa\u017eeno respektov\u00e1n\u00edm \u201ez\u00e1jm\u016f v\u0161ech etnick\u00fdch a n\u00e1bo\u017eensk\u00fdch skupin\u201c.<\/span><\/p>\n<p><span dir=\"auto\">Podle dostupn\u00fdch informac\u00ed bylo za\u010d\u00e1tkem tohoto m\u011bs\u00edce p\u0159i sekt\u00e1\u0159sk\u00fdch st\u0159etech mezi silami loaj\u00e1ln\u00edmi syrsk\u00e9 islamistick\u00e9 vl\u00e1d\u011b a dr\u00fazsk\u00fdmi bojovn\u00edky v as-Suvajd\u011b v ji\u017en\u00ed S\u00fdrii zabito v\u00edce ne\u017e 1400 lid\u00ed. Izrael zas\u00e1hl na podporu dr\u00faz\u016f s odvol\u00e1n\u00edm na sv\u00e9 historick\u00e9 vazby s touto n\u00e1bo\u017eenskou men\u0161inovou skupinou a donutil vl\u00e1du k p\u0159ijet\u00ed dohody o p\u0159\u00edm\u011b\u0159\u00ed.<\/span><\/p>\n<p><span dir=\"auto\">Rusko si dodnes udr\u017euje dv\u011b z\u00e1kladny v Lat\u00e1kii a Tartusu na syrsk\u00e9m pob\u0159e\u017e\u00ed, kde si sekt\u00e1\u0159sky podn\u00edcen\u00fd vl\u00e1dn\u00ed z\u00e1sah v b\u0159eznu lo\u0148sk\u00e9ho roku vy\u017e\u00e1dal \u017eivoty v\u00edce ne\u017e 1600 civilist\u016f z alavitsk\u00e9 n\u00e1bo\u017eensk\u00e9 men\u0161iny. Sekt\u00e1\u0159sk\u00e9 nap\u011bt\u00ed tam z\u016fst\u00e1v\u00e1 vysok\u00e9.<\/span><\/p>\n<p><span dir=\"auto\">B\u011bhem hovoru Putin znovu nab\u00eddl, \u017ee bude zprost\u0159edkovat rozhovory o \u00edr\u00e1nsk\u00e9m jadern\u00e9m programu pot\u00e9, co se jedn\u00e1n\u00ed minul\u00fd m\u011bs\u00edc zastavila, kdy\u017e Izrael zah\u00e1jil p\u0159ekvapiv\u00fd \u00fatok na \u00edr\u00e1nskou isl\u00e1mskou republiku.<\/span><\/p>\n<p><span dir=\"auto\">Rusko a Izrael ji\u017e l\u00e9ta udr\u017euj\u00ed kontakty na vysok\u00e9 \u00farovni s c\u00edlem deeskalat nap\u011bt\u00ed na Bl\u00edzk\u00e9m v\u00fdchod\u011b. Izraelsk\u00e1 ve\u0159ejnopr\u00e1vn\u00ed stanice Kan v \u010dervenci lo\u0148sk\u00e9ho roku informovala, \u017ee Izrael vede s Ruskem tajn\u00e9 diplomatick\u00e9 rozhovory ohledn\u011b S\u00fdrie i \u00cdr\u00e1nu.<\/span><\/p>\n<p><img decoding=\"async\" loading=\"lazy\" class=\"alignnone size-full wp-image-1185\" src=\"http:\/\/www.infokuryr.cz\/n\/wp-content\/uploads\/2021\/04\/kuryr-podpis.png\" alt=\"\" width=\"84\" height=\"24\" \/><\/p>\n<p>&nbsp;<\/p>\n","protected":false},"excerpt":{"rendered":"<p>Rusk\u00fd prezident Vladimir Putin hovo\u0159il 28. \u010dervence telefonicky s izraelsk\u00fdm premi\u00e9rem Benjaminem Netanjahuem, aby projednali&#8230;<\/p>\n","protected":false},"author":2,"featured_media":84619,"comment_status":"closed","ping_status":"closed","sticky":false,"template":"","format":"standard","meta":[],"categories":[7],"tags":[4537,1882,102],"_links":{"self":[{"href":"https:\/\/www.infokuryr.cz\/n\/wp-json\/wp\/v2\/posts\/84618"}],"collection":[{"href":"https:\/\/www.infokuryr.cz\/n\/wp-json\/wp\/v2\/posts"}],"about":[{"href":"https:\/\/www.infokuryr.cz\/n\/wp-json\/wp\/v2\/types\/post"}],"author":[{"embeddable":true,"href":"https:\/\/www.infokuryr.cz\/n\/wp-json\/wp\/v2\/users\/2"}],"replies":[{"embeddable":true,"href":"https:\/\/www.infokuryr.cz\/n\/wp-json\/wp\/v2\/comments?post=84618"}],"version-history":[{"count":0,"href":"https:\/\/www.infokuryr.cz\/n\/wp-json\/wp\/v2\/posts\/84618\/revisions"}],"wp:featuredmedia":[{"embeddable":true,"href":"https:\/\/www.infokuryr.cz\/n\/wp-json\/wp\/v2\/media\/84619"}],"wp:attachment":[{"href":"https:\/\/www.infokuryr.cz\/n\/wp-json\/wp\/v2\/media?parent=84618"}],"wp:term":[{"taxonomy":"category","embeddable":true,"href":"https:\/\/www.infokuryr.cz\/n\/wp-json\/wp\/v2\/categories?post=84618"},{"taxonomy":"post_tag","embeddable":true,"href":"https:\/\/www.infokuryr.cz\/n\/wp-json\/wp\/v2\/tags?post=84618"}],"curies":[{"name":"wp","href":"https:\/\/api.w.org\/{rel}","templated":true}]}}