{"id":84617,"date":"2025-07-30T00:32:33","date_gmt":"2025-07-29T22:32:33","guid":{"rendered":"https:\/\/www.infokuryr.cz\/n\/?p=84617"},"modified":"2025-07-29T16:06:49","modified_gmt":"2025-07-29T14:06:49","slug":"iran-slibuje-rozhodnejsi-reakci-na-jakykoli-utok-usa-a-izraele","status":"publish","type":"post","link":"https:\/\/www.infokuryr.cz\/n\/2025\/07\/30\/iran-slibuje-rozhodnejsi-reakci-na-jakykoli-utok-usa-a-izraele\/","title":{"rendered":"\u00cdr\u00e1n slibuje rozhodn\u011bj\u0161\u00ed reakci na jak\u00fdkoli \u00fatok USA a Izraele"},"content":{"rendered":"<div id=\"fb-root\"><\/div>\n<p><strong><span dir=\"auto\">\u00cdr\u00e1nsk\u00fd ministr zahrani\u010d\u00ed Abb\u00e1s Arag\u010d\u010d\u00ed 28. \u010dervence varoval, \u017ee \u00cdr\u00e1nsk\u00e1 isl\u00e1msk\u00e1 republika zareaguje na jak\u00fdkoli nov\u00fd \u00fatok Spojen\u00fdch st\u00e1t\u016f a Izraele \u201erozhodn\u011bj\u0161\u00edm zp\u016fsobem\u201c.<\/span><\/strong><\/p>\n<p><span dir=\"auto\">Izrael 13. \u010dervna p\u0159ekvapiv\u011b za\u00fato\u010dil na \u00cdr\u00e1n s t\u00edm, \u017ee jeho c\u00edlem je ochromit \u00edr\u00e1nsk\u00fd jadern\u00fd program. P\u0159\u00edm\u011b\u0159\u00ed bylo n\u00e1hle vyhl\u00e1\u0161eno 24. \u010dervna, pouh\u00e9 dva dny pot\u00e9, co se do v\u00e1lky zapojily USA \u00fatokem na t\u0159i kl\u00ed\u010dov\u00e1 jadern\u00e1 za\u0159\u00edzen\u00ed.<\/span><\/p>\n<p><span dir=\"auto\">Izraelsk\u00fd \u00fatok na \u00cdr\u00e1n si vy\u017e\u00e1dal v\u00edce ne\u017e 1 000 \u017eivot\u016f. \u00cdr\u00e1n reagoval s\u00e9ri\u00ed smrt\u00edc\u00edch \u00fatok\u016f balistick\u00fdmi raketami, kter\u00e9 v Izraeli zabily 28 lid\u00ed.<\/span><\/p>\n<p><span dir=\"auto\">Aragh\u010di z\u0159ejm\u011b reagoval na ned\u00e1vn\u00e1 prohl\u00e1\u0161en\u00ed americk\u00e9ho prezidenta Donalda Trumpa, kter\u00fd d\u0159\u00edve b\u011bhem dne pohrozil, \u017ee \u201ezni\u010d\u00ed\u201c \u00edr\u00e1nsk\u00fd jadern\u00fd program, pokud \u00cdr\u00e1n obnov\u00ed jadern\u00e9 aktivity.<\/span><\/p>\n<p><em><span dir=\"auto\">\u201e\u00cdr\u00e1n p\u0159esn\u011b v\u00ed, co se stalo b\u011bhem ned\u00e1vn\u00e9 americko-izraelsk\u00e9 agrese, a to jak n\u00e1m, tak na\u0161im protivn\u00edk\u016fm \u2013 v\u010detn\u011b rozsahu \u00fader\u016f, kter\u00e9 jsou st\u00e1le cenzurov\u00e1ny. Pokud se agrese bude opakovat, nebudeme v\u00e1hat reagovat rozhodn\u011bj\u0161\u00edm zp\u016fsobem a zp\u016fsobem, kter\u00fd bude NEMO\u017dN\u00c9 utajit,\u201c uvedl Araghchi v p\u0159\u00edsp\u011bvku pro X.<\/span><\/em><\/p>\n<p><em><span dir=\"auto\">\u201eNikdo p\u0159i zdrav\u00e9m rozumu by se nevzdal plod\u016f obrovsk\u00fdch investic do dom\u00e1c\u00edch a m\u00edrov\u00fdch technologi\u00ed, kter\u00e9 zachra\u0148uj\u00ed \u017eivoty \u2013 a to jednodu\u0161e proto, \u017ee to vy\u017eaduj\u00ed \u0161ikanuj\u00edc\u00ed cizinci,\u201c pokra\u010doval.<\/span><\/em><\/p>\n<p><em><span dir=\"auto\">\u201eV\u0161ichni by m\u011bli v\u011bd\u011bt, \u017ee my, \u00cdr\u00e1nci, jsme si n\u00e1\u0161 m\u00edrov\u00fd jadern\u00fd program NEKOUPILI; VYBUDOVALI jsme HO KRV\u00cd, POTEM A SLZAMI. Technologie a know-how, kter\u00e9 si na\u0161e OBROVSK\u00c9 lidsk\u00e9 zdroje vybudovaly, NELZE zni\u010dit bombardov\u00e1n\u00edm. Ano, na\u0161e za\u0159\u00edzen\u00ed na obohacov\u00e1n\u00ed uranu jsou v\u00e1\u017en\u011b po\u0161kozena, ale na\u0161e ODHODL\u00c1N\u00cd NEN\u00cd,\u201c dodal.<\/span><\/em><\/p>\n<p><span dir=\"auto\">B\u011bhem n\u00e1v\u0161t\u011bvy Skotska 28. \u010dervence Trump prohl\u00e1sil, \u017ee p\u0159edchoz\u00ed \u00fatoky na \u00cdr\u00e1n \u201ezni\u010dily jeho jadern\u00fd potenci\u00e1l\u201c, a uvedl, \u017ee \u00cdr\u00e1n vys\u00edl\u00e1 \u201enep\u0159\u00edjemn\u00e9 sign\u00e1ly\u201c.<\/span><\/p>\n<p><em><span dir=\"auto\">\u201eM\u016f\u017eou za\u010d\u00edt znovu. Pokud ano, zlikvidujeme to rychleji, ne\u017e na to sta\u010d\u00edte m\u00e1vnout prstem,\u201c dodal.<\/span><\/em><\/p>\n<p><span dir=\"auto\">Jen o den d\u0159\u00edve izraelsk\u00fd ministr obrany Israel Katz 27. \u010dervence pohrozil \u00edr\u00e1nsk\u00e9mu nejvy\u0161\u0161\u00edmu v\u016fdci ajatoll\u00e1hovi Al\u00edmu Chamene\u00edmu.<\/span><\/p>\n<p><em><span dir=\"auto\">\u201eChci dikt\u00e1torovi Chamene\u00edmu p\u0159edat jasn\u00fd vzkaz,\u201c \u0159ekl Katz b\u011bhem n\u00e1v\u0161t\u011bvy leteck\u00e9 z\u00e1kladny Ramon v ji\u017en\u00edm Izraeli 27. \u010dervence podle jeho kancel\u00e1\u0159e. \u201ePokud budete i nad\u00e1le vyhro\u017eovat Izraeli, na\u0161e dlouh\u00e1 ruka znovu dos\u00e1hne Teher\u00e1nu a s je\u0161t\u011b v\u011bt\u0161\u00ed silou \u2013 a tentokr\u00e1t v\u00e1s osobn\u011b. Nevyhro\u017eujte, abyste nebyli zran\u011bni.\u201c<\/span><\/em><\/p>\n<p><span dir=\"auto\">Izrael by mohl v bl\u00edzk\u00e9 budoucnosti s podporou USA zah\u00e1jit nov\u00fd \u00fatok na \u00cdr\u00e1n. Isl\u00e1msk\u00e1 republika zaru\u010den\u011b zareaguje. To v\u0161ak neznamen\u00e1, \u017ee se Izrael nech\u00e1 odradit.<\/span><\/p>\n<p><img decoding=\"async\" loading=\"lazy\" class=\"alignnone size-full wp-image-1185\" src=\"http:\/\/www.infokuryr.cz\/n\/wp-content\/uploads\/2021\/04\/kuryr-podpis.png\" alt=\"\" width=\"84\" height=\"24\" \/><\/p>\n<p>&nbsp;<\/p>\n","protected":false},"excerpt":{"rendered":"<p>\u00cdr\u00e1nsk\u00fd ministr zahrani\u010d\u00ed Abb\u00e1s Arag\u010d\u010d\u00ed 28. \u010dervence varoval, \u017ee \u00cdr\u00e1nsk\u00e1 isl\u00e1msk\u00e1 republika zareaguje na jak\u00fdkoli&#8230;<\/p>\n","protected":false},"author":2,"featured_media":81228,"comment_status":"closed","ping_status":"closed","sticky":false,"template":"","format":"standard","meta":[],"categories":[7],"tags":[38,107,37],"_links":{"self":[{"href":"https:\/\/www.infokuryr.cz\/n\/wp-json\/wp\/v2\/posts\/84617"}],"collection":[{"href":"https:\/\/www.infokuryr.cz\/n\/wp-json\/wp\/v2\/posts"}],"about":[{"href":"https:\/\/www.infokuryr.cz\/n\/wp-json\/wp\/v2\/types\/post"}],"author":[{"embeddable":true,"href":"https:\/\/www.infokuryr.cz\/n\/wp-json\/wp\/v2\/users\/2"}],"replies":[{"embeddable":true,"href":"https:\/\/www.infokuryr.cz\/n\/wp-json\/wp\/v2\/comments?post=84617"}],"version-history":[{"count":0,"href":"https:\/\/www.infokuryr.cz\/n\/wp-json\/wp\/v2\/posts\/84617\/revisions"}],"wp:featuredmedia":[{"embeddable":true,"href":"https:\/\/www.infokuryr.cz\/n\/wp-json\/wp\/v2\/media\/81228"}],"wp:attachment":[{"href":"https:\/\/www.infokuryr.cz\/n\/wp-json\/wp\/v2\/media?parent=84617"}],"wp:term":[{"taxonomy":"category","embeddable":true,"href":"https:\/\/www.infokuryr.cz\/n\/wp-json\/wp\/v2\/categories?post=84617"},{"taxonomy":"post_tag","embeddable":true,"href":"https:\/\/www.infokuryr.cz\/n\/wp-json\/wp\/v2\/tags?post=84617"}],"curies":[{"name":"wp","href":"https:\/\/api.w.org\/{rel}","templated":true}]}}