{"id":84590,"date":"2025-07-30T00:24:16","date_gmt":"2025-07-29T22:24:16","guid":{"rendered":"https:\/\/www.infokuryr.cz\/n\/?p=84590"},"modified":"2025-07-29T10:48:42","modified_gmt":"2025-07-29T08:48:42","slug":"nejdrazsi-dohoda-v-evrope-jak-ursula-von-der-leyen-vyhodila-do-atlantiku-135-bilionu-dolaru","status":"publish","type":"post","link":"https:\/\/www.infokuryr.cz\/n\/2025\/07\/30\/nejdrazsi-dohoda-v-evrope-jak-ursula-von-der-leyen-vyhodila-do-atlantiku-135-bilionu-dolaru\/","title":{"rendered":"Nejdra\u017e\u0161\u00ed \u201edohoda\u201c v Evrop\u011b: Jak Ursula von der Leyen vyhodila do Atlantiku 1,35 bilionu dolar\u016f"},"content":{"rendered":"<div id=\"fb-root\"><\/div>\n<p><strong><span dir=\"auto\">Ursula von der Leyenov\u00e1, nevolen\u00e1 vrchn\u00ed velitelka Evropsk\u00e9 komise, uzav\u0159ela s americk\u00fdm prezidentem Donaldem Trumpem \u201eobchodn\u00ed dohodu\u201c, kter\u00e1 se sp\u00ed\u0161e podob\u00e1 platb\u011b holdu. M\u00edsto toho, aby usilovala o spravedliv\u00e9 podm\u00ednky pro ob\u011b strany, zradila Evropany.<\/span><\/strong><\/p>\n<p><span dir=\"auto\">Kdokoli p\u0159i\u0161el s n\u00e1padem, \u017ee by Ursula von der Leyenov\u00e1 m\u011bla v\u00e9st jedn\u00e1n\u00ed s Donaldem Trumpem o obchodn\u00ed dohod\u011b, zjevn\u011b nem\u011bl \u00fapln\u011b pravdu. Politi\u010dka CDU, kter\u00e1 se zrovna neproslavila n\u011bkolika skand\u00e1ly (od poradensk\u00e9ho skand\u00e1lu na feder\u00e1ln\u00edm ministerstvu obrany a\u017e po Pfizergate), jasn\u011b uk\u00e1zala, \u017ee neum\u00ed nakl\u00e1dat s (ciz\u00edmi) pen\u011bzi. Pot\u00e9, co ji gener\u00e1ln\u00ed \u0159editel Pfizeru Albert Bourla kompletn\u011b o\u0161kubal (\u00a0<\/span><a href=\"https:\/\/report24.news\/lange-liste-von-vorwuerfen-misstrauensvotum-gegen-von-der-leyens-eu-kommission\/\"><span dir=\"auto\">stovky milion\u016f d\u00e1vek mRNA Pfizeru za divoce nafouknut\u00e9 ceny<\/span><\/a><span dir=\"auto\">\u00a0), te\u010f to zpackala i s americk\u00fdm prezidentem.<\/span><\/p>\n<p><span dir=\"auto\">Jist\u011b, Donald Trump z\u0159ejm\u011b nech\u00e1pe rozd\u00edl mezi obchodn\u00ed bilanc\u00ed a kapit\u00e1lov\u00fdm \u00fa\u010dtem (prvn\u00ed je pro USA negativn\u00ed, druh\u00fd kladn\u00fd), ale Ursula von der Leyenov\u00e1 tak\u00e9 ne. Jinak by mu dala jasn\u011b najevo, \u017ee celkov\u011b Spojen\u00e9 st\u00e1ty ji\u017e dost\u00e1vaj\u00ed z EU v\u00fdrazn\u011b v\u00edce pen\u011bz ne\u017e naopak. Jin\u00fdmi slovy: Ano, Ameri\u010dan\u00e9 dov\u00e1\u017eej\u00ed z Evropsk\u00e9 unie v\u00edce ne\u017e naopak, ale celkov\u011b je kapit\u00e1lov\u00fd (nebo finan\u010dn\u00ed) \u00fa\u010det pro Ameri\u010dany v\u011bt\u0161inou kladn\u00fd. To znamen\u00e1, \u017ee z Evropy ji\u017e proud\u00ed v\u00edce pen\u011bz na druhou stranu \u201evelk\u00e9ho rybn\u00edka\u201c ne\u017e naopak, zejm\u00e9na proto, \u017ee Ameri\u010dan\u00e9 t\u011b\u017e\u00ed ze zp\u011btn\u00e9ho toku kapit\u00e1lu z investic, fran\u0161\u00edz a podobn\u011b. A p\u0159esto si prezident Evropsk\u00e9 komise zjevn\u011b nechal americk\u00fdm prezidentem naprosto u\u017e\u00edt.<\/span><\/p>\n<figure class=\"wp-block-embed is-type-rich is-provider-twitter wp-block-embed-twitter\">\n<div class=\"wp-block-embed__wrapper\">\n<div class=\"twitter-tweet twitter-tweet-rendered\"><iframe id=\"twitter-widget-0\" class=\"\" title=\"X P\u0159\u00edsp\u011bvek\" src=\"https:\/\/platform.twitter.com\/embed\/Tweet.html?dnt=true&amp;embedId=twitter-widget-0&amp;features=eyJ0ZndfdGltZWxpbmVfbGlzdCI6eyJidWNrZXQiOltdLCJ2ZXJzaW9uIjpudWxsfSwidGZ3X2ZvbGxvd2VyX2NvdW50X3N1bnNldCI6eyJidWNrZXQiOnRydWUsInZlcnNpb24iOm51bGx9LCJ0ZndfdHdlZXRfZWRpdF9iYWNrZW5kIjp7ImJ1Y2tldCI6Im9uIiwidmVyc2lvbiI6bnVsbH0sInRmd19yZWZzcmNfc2Vzc2lvbiI6eyJidWNrZXQiOiJvbiIsInZlcnNpb24iOm51bGx9LCJ0ZndfZm9zbnJfc29mdF9pbnRlcnZlbnRpb25zX2VuYWJsZWQiOnsiYnVja2V0Ijoib24iLCJ2ZXJzaW9uIjpudWxsfSwidGZ3X21peGVkX21lZGlhXzE1ODk3Ijp7ImJ1Y2tldCI6InRyZWF0bWVudCIsInZlcnNpb24iOm51bGx9LCJ0ZndfZXhwZXJpbWVudHNfY29va2llX2V4cGlyYXRpb24iOnsiYnVja2V0IjoxMjA5NjAwLCJ2ZXJzaW9uIjpudWxsfSwidGZ3X3Nob3dfYmlyZHdhdGNoX3Bpdm90c19lbmFibGVkIjp7ImJ1Y2tldCI6Im9uIiwidmVyc2lvbiI6bnVsbH0sInRmd19kdXBsaWNhdGVfc2NyaWJlc190b19zZXR0aW5ncyI6eyJidWNrZXQiOiJvbiIsInZlcnNpb24iOm51bGx9LCJ0ZndfdXNlX3Byb2ZpbGVfaW1hZ2Vfc2hhcGVfZW5hYmxlZCI6eyJidWNrZXQiOiJvbiIsInZlcnNpb24iOm51bGx9LCJ0ZndfdmlkZW9faGxzX2R5bmFtaWNfbWFuaWZlc3RzXzE1MDgyIjp7ImJ1Y2tldCI6InRydWVfYml0cmF0ZSIsInZlcnNpb24iOm51bGx9LCJ0ZndfbGVnYWN5X3RpbWVsaW5lX3N1bnNldCI6eyJidWNrZXQiOnRydWUsInZlcnNpb24iOm51bGx9LCJ0ZndfdHdlZXRfZWRpdF9mcm9udGVuZCI6eyJidWNrZXQiOiJvbiIsInZlcnNpb24iOm51bGx9fQ%3D%3D&amp;frame=false&amp;hideCard=false&amp;hideThread=false&amp;id=1949508115738624385&amp;lang=cs&amp;origin=https%3A%2F%2Freport24.news%2Fder-teuerste-deal-europas-wie-ursula-von-der-leyen-1-350-milliarden-dollar-in-den-atlantik-kippte%2F&amp;sessionId=d4573514a6da85f341d5f01b67488aa5b1c6b6d3&amp;theme=light&amp;widgetsVersion=2615f7e52b7e0%3A1702314776716&amp;width=550px\" frameborder=\"0\" scrolling=\"no\" allowfullscreen=\"allowfullscreen\" data-tweet-id=\"1949508115738624385\" data-mce-fragment=\"1\"><\/iframe><\/div>\n<\/div>\n<\/figure>\n<p><a href=\"https:\/\/www.zerohedge.com\/markets\/trump-eu-reach-tariff-deal-avoid-trade-war\"><span dir=\"auto\">D\u00edky ji\u017e tak kontroverzn\u00edmu politikovi CDU<\/span><\/a><span dir=\"auto\">\u00a0se EU\u00a0zav\u00e1zala, \u017ee do t\u0159\u00ed let nakoup\u00ed americk\u00e9 energie v hodnot\u011b 750 miliard dolar\u016f. A to bez ohledu na skute\u010dnou popt\u00e1vku nebo aktu\u00e1ln\u00ed tr\u017en\u00ed ceny. D\u00e1le se o\u010dek\u00e1v\u00e1, \u017ee spole\u010dnosti z EU investuj\u00ed ve Spojen\u00fdch st\u00e1tech 600 miliard dolar\u016f. Na p\u0159\u00edkaz Bruselu dojde k odlivu kapit\u00e1lu. Celkem 1,35 miliardy dolar\u016f \u201ezdarma\u201c. A co za to dostanou? Jednotn\u00e9 clo ve v\u00fd\u0161i 15 procent (m\u00edsto hroz\u00edc\u00edch 30 procent) plus n\u011bkolik vy\u0161\u0161\u00edch cel na konkr\u00e9tn\u00ed produkty (nap\u0159. 50 procent na ocel a hlin\u00edk). D\u0159\u00edve byl pr\u016fm\u011br asi jedno procento. Z\u00e1rove\u0148 EU nyn\u00ed ru\u0161\u00ed cla na americk\u00e9 produkty.<\/span><\/p>\n<p><img decoding=\"async\" loading=\"lazy\" class=\"aligncenter\" src=\"https:\/\/report24.news\/wp-content\/uploads\/2025\/07\/Trump-Von-der-Leyen-Geld.png\" width=\"938\" height=\"512\" \/><\/p>\n<p><span dir=\"auto\">P\u0159ed dohodou se pr\u016fm\u011brn\u00e1 cla na zbo\u017e\u00ed z EU pohybovala kolem 1 procenta. P\u0159i ro\u010dn\u00edm objemu v\u00fdvozu 580 miliard dolar\u016f to odpov\u00eddalo p\u0159ibli\u017en\u011b 5,8 miliard\u00e1m dolar\u016f celn\u00edch n\u00e1klad\u016f. S novou dohodou se toto \u010d\u00edslo zv\u00fd\u0161\u00ed na 87 miliard dolar\u016f ro\u010dn\u011b. To za p\u0159edpokladu, \u017ee se v\u00fdvoz kv\u016fli vy\u0161\u0161\u00edm n\u00e1klad\u016fm neklesne. A pak je tu a\u017e 150 miliard dolar\u016f na americk\u00e9 vojensk\u00e9 vybaven\u00ed, kter\u00e9 se m\u00e1 tak\u00e9 n\u011bjak\u00fdm zp\u016fsobem dostat p\u0159es Atlantik. A to v\u0161e za \u00falevu od cel, kter\u00e1 ve skute\u010dnosti \u00falevou od cel v\u016fbec nen\u00ed.<\/span><\/p>\n<figure class=\"wp-block-embed is-type-rich is-provider-twitter wp-block-embed-twitter\">\n<div class=\"wp-block-embed__wrapper\">\n<div class=\"twitter-tweet twitter-tweet-rendered\"><iframe id=\"twitter-widget-1\" class=\"\" title=\"X P\u0159\u00edsp\u011bvek\" src=\"https:\/\/platform.twitter.com\/embed\/Tweet.html?dnt=true&amp;embedId=twitter-widget-1&amp;features=eyJ0ZndfdGltZWxpbmVfbGlzdCI6eyJidWNrZXQiOltdLCJ2ZXJzaW9uIjpudWxsfSwidGZ3X2ZvbGxvd2VyX2NvdW50X3N1bnNldCI6eyJidWNrZXQiOnRydWUsInZlcnNpb24iOm51bGx9LCJ0ZndfdHdlZXRfZWRpdF9iYWNrZW5kIjp7ImJ1Y2tldCI6Im9uIiwidmVyc2lvbiI6bnVsbH0sInRmd19yZWZzcmNfc2Vzc2lvbiI6eyJidWNrZXQiOiJvbiIsInZlcnNpb24iOm51bGx9LCJ0ZndfZm9zbnJfc29mdF9pbnRlcnZlbnRpb25zX2VuYWJsZWQiOnsiYnVja2V0Ijoib24iLCJ2ZXJzaW9uIjpudWxsfSwidGZ3X21peGVkX21lZGlhXzE1ODk3Ijp7ImJ1Y2tldCI6InRyZWF0bWVudCIsInZlcnNpb24iOm51bGx9LCJ0ZndfZXhwZXJpbWVudHNfY29va2llX2V4cGlyYXRpb24iOnsiYnVja2V0IjoxMjA5NjAwLCJ2ZXJzaW9uIjpudWxsfSwidGZ3X3Nob3dfYmlyZHdhdGNoX3Bpdm90c19lbmFibGVkIjp7ImJ1Y2tldCI6Im9uIiwidmVyc2lvbiI6bnVsbH0sInRmd19kdXBsaWNhdGVfc2NyaWJlc190b19zZXR0aW5ncyI6eyJidWNrZXQiOiJvbiIsInZlcnNpb24iOm51bGx9LCJ0ZndfdXNlX3Byb2ZpbGVfaW1hZ2Vfc2hhcGVfZW5hYmxlZCI6eyJidWNrZXQiOiJvbiIsInZlcnNpb24iOm51bGx9LCJ0ZndfdmlkZW9faGxzX2R5bmFtaWNfbWFuaWZlc3RzXzE1MDgyIjp7ImJ1Y2tldCI6InRydWVfYml0cmF0ZSIsInZlcnNpb24iOm51bGx9LCJ0ZndfbGVnYWN5X3RpbWVsaW5lX3N1bnNldCI6eyJidWNrZXQiOnRydWUsInZlcnNpb24iOm51bGx9LCJ0ZndfdHdlZXRfZWRpdF9mcm9udGVuZCI6eyJidWNrZXQiOiJvbiIsInZlcnNpb24iOm51bGx9fQ%3D%3D&amp;frame=false&amp;hideCard=false&amp;hideThread=false&amp;id=1949616570738557176&amp;lang=cs&amp;origin=https%3A%2F%2Freport24.news%2Fder-teuerste-deal-europas-wie-ursula-von-der-leyen-1-350-milliarden-dollar-in-den-atlantik-kippte%2F&amp;sessionId=d4573514a6da85f341d5f01b67488aa5b1c6b6d3&amp;theme=light&amp;widgetsVersion=2615f7e52b7e0%3A1702314776716&amp;width=550px\" frameborder=\"0\" scrolling=\"no\" allowfullscreen=\"allowfullscreen\" data-tweet-id=\"1949616570738557176\" data-mce-fragment=\"1\"><\/iframe><\/div>\n<\/div>\n<\/figure>\n<p><span dir=\"auto\">Zat\u00edmco p\u0159edchoz\u00ed celn\u00ed regulace a bari\u00e9ry vstupu na trh nebyly pro Spojen\u00e9 st\u00e1ty nutn\u011b v\u00fdhodn\u00e9, von der Leyenov\u00e1 se rozhodla pro takov\u00e9 mizern\u00e9 \u00fastupky, jako by Evropsk\u00e1 unie byla jen ekonomicky lehkou v\u00e1hou. Jako p\u0159edsedkyn\u011b Evropsk\u00e9 komise v\u0161ak nen\u00ed v Timbuktu kr\u00e1lovnou, ale sp\u00ed\u0161e politickou v\u016fdkyn\u00ed odpov\u011bdnou za ekonomickou oblast, kter\u00e1 (nomin\u00e1ln\u011b) p\u0159edstavuje druh\u00fd nejv\u011bt\u0161\u00ed trh na sv\u011bt\u011b po Spojen\u00fdch st\u00e1tech a p\u0159ed \u010c\u00ednou.<\/span><\/p>\n<p><span dir=\"auto\">A\u010dkoli r\u00e1mcovou dohodu mus\u00ed je\u0161t\u011b schv\u00e1lit \u010dlensk\u00e9 st\u00e1ty EU a Evropsk\u00fd parlament, kapitulace von der Leyenov\u00e9 tak\u00e9 jasn\u011b ukazuje, jak malou politickou moc m\u00e1 bruselsk\u00fd apar\u00e1t ve skute\u010dnosti na glob\u00e1ln\u00ed sc\u00e9n\u011b. Nav\u00edc zat\u00edmco americk\u00fd dom\u00e1c\u00ed trh v\u00fdrazn\u011b roste (by\u0165 na \u00fakor st\u00e1tn\u00edho rozpo\u010dtu), Evropsk\u00e1 unie stagnuje v hou\u0161t\u00ed nadm\u011brn\u00e9 regulace\/byrokracie, extr\u00e9mn\u011b vysok\u00fdch n\u00e1klad\u016f na energie a pracovn\u00ed s\u00edlu a nesmysln\u00fdch klimatick\u00fdch regulac\u00ed.<\/span><\/p>\n<div id=\"repor-54e1af7606a081bdf7feb8daee436dd6\" class=\"repor-54e1af7606a081bdf7feb8daee436dd6 repor-inarticle3\">\n<div id=\"repor-1434023253\" class=\"repor-inarticle3 repor-target\" data-repor-trackid=\"9821\" data-repor-trackbid=\"1\">\n<div data-type=\"_mgwidget\" data-widget-id=\"1337402\" data-src-id=\"${PUBLISHER_ID}\" data-uid=\"15e26\">\n<div id=\"mgw1337402_15e26\">\n<div class=\"mgbox\"><\/div>\n<\/div>\n<\/div>\n<\/div>\n<\/div>\n<p><span dir=\"auto\">Zat\u00edmco Ameri\u010dan\u00e9 pod Trumpovou vl\u00e1dou skoncuj\u00ed s neleg\u00e1ln\u00ed imigrac\u00ed a uchyluj\u00ed se k masov\u00fdm deportac\u00edm, velk\u00e9 \u010d\u00e1sti EU nad\u00e1le umo\u017e\u0148uj\u00ed vstup imigrace do syst\u00e9mu soci\u00e1ln\u00edho zabezpe\u010den\u00ed (a sleduj\u00ed, jak fondy soci\u00e1ln\u00edho zabezpe\u010den\u00ed vysychaj\u00ed nebo je nutn\u00e9 je \u201ezachra\u0148ovat\u201c vy\u0161\u0161\u00edmi odvody a dan\u011bmi). Nemluv\u011b o energetick\u00e9 krizi, kterou si zem\u011b sama zp\u016fsobila (klimatick\u00e9 \u0161\u00edlenstv\u00ed a sankce v\u016f\u010di Rusku). V z\u00e1mo\u0159\u00ed se v\u0161ak ropa a plyn nad\u00e1le t\u011b\u017e\u00ed z hlubin zem\u011b a spaluj\u00ed se, aby se zaru\u010dily spolehliv\u00e9 a cenov\u011b dostupn\u00e9 dod\u00e1vky energie. Zelen\u00e1 dohoda? Koho to u\u017e zaj\u00edm\u00e1? Jde o hospod\u00e1\u0159sk\u00fd r\u016fst, pracovn\u00ed m\u00edsta a produktivitu. To je politika umis\u0165ov\u00e1n\u00ed, ze kter\u00e9 by se Evropan\u00e9 mohli leccos nau\u010dit.<\/span><\/p>\n<p><span dir=\"auto\">Nakonec zb\u00fdv\u00e1 jen jeden z\u00e1v\u011br: Evropan\u00e9 evidentn\u011b dost\u00e1vaj\u00ed od volebn\u00edch uren to, pro co hlasovali. A\u0165 u\u017e jsou to \u201est\u0159edov\u00ed\u201c (jako CDU\/CSU nebo liber\u00e1lov\u00e9), nebo levice (od soci\u00e1ln\u00edch demokrat\u016f p\u0159es Zelen\u00e9 a\u017e po socialisty a komunisty), nikdo, kdo prosazuje hluboce antivlasteneckou politiku, ekonomick\u00fd patriotismus neprosad\u00ed. Ameri\u010dan\u00e9 zvolili Trumpa a dali republik\u00e1n\u016fm v\u011bt\u0161inu v Kongresu \u2013 a nyn\u00ed postupn\u011b skl\u00edzej\u00ed plody tohoto \u00fasp\u011bchu. Vyvod\u00ed si v\u0161ak pot\u0159ebn\u00e9 z\u00e1v\u011bry i voli\u010di v Evrop\u011b?<\/span><\/p>\n<p><em><span dir=\"auto\">Koment\u00e1\u0159 <a href=\"https:\/\/report24.news\/der-teuerste-deal-europas-wie-ursula-von-der-leyen-1-350-milliarden-dollar-in-den-atlantik-kippte\/\">Heinze Steinera<\/a><\/span><\/em><\/p>\n<p>&nbsp;<\/p>\n","protected":false},"excerpt":{"rendered":"<p>Ursula von der Leyenov\u00e1, nevolen\u00e1 vrchn\u00ed velitelka Evropsk\u00e9 komise, uzav\u0159ela s americk\u00fdm prezidentem Donaldem Trumpem&#8230;<\/p>\n","protected":false},"author":2,"featured_media":84591,"comment_status":"closed","ping_status":"closed","sticky":false,"template":"","format":"standard","meta":[],"categories":[7],"tags":[1026,41,452,3251,37],"_links":{"self":[{"href":"https:\/\/www.infokuryr.cz\/n\/wp-json\/wp\/v2\/posts\/84590"}],"collection":[{"href":"https:\/\/www.infokuryr.cz\/n\/wp-json\/wp\/v2\/posts"}],"about":[{"href":"https:\/\/www.infokuryr.cz\/n\/wp-json\/wp\/v2\/types\/post"}],"author":[{"embeddable":true,"href":"https:\/\/www.infokuryr.cz\/n\/wp-json\/wp\/v2\/users\/2"}],"replies":[{"embeddable":true,"href":"https:\/\/www.infokuryr.cz\/n\/wp-json\/wp\/v2\/comments?post=84590"}],"version-history":[{"count":1,"href":"https:\/\/www.infokuryr.cz\/n\/wp-json\/wp\/v2\/posts\/84590\/revisions"}],"predecessor-version":[{"id":84592,"href":"https:\/\/www.infokuryr.cz\/n\/wp-json\/wp\/v2\/posts\/84590\/revisions\/84592"}],"wp:featuredmedia":[{"embeddable":true,"href":"https:\/\/www.infokuryr.cz\/n\/wp-json\/wp\/v2\/media\/84591"}],"wp:attachment":[{"href":"https:\/\/www.infokuryr.cz\/n\/wp-json\/wp\/v2\/media?parent=84590"}],"wp:term":[{"taxonomy":"category","embeddable":true,"href":"https:\/\/www.infokuryr.cz\/n\/wp-json\/wp\/v2\/categories?post=84590"},{"taxonomy":"post_tag","embeddable":true,"href":"https:\/\/www.infokuryr.cz\/n\/wp-json\/wp\/v2\/tags?post=84590"}],"curies":[{"name":"wp","href":"https:\/\/api.w.org\/{rel}","templated":true}]}}