{"id":84588,"date":"2025-07-30T00:23:17","date_gmt":"2025-07-29T22:23:17","guid":{"rendered":"https:\/\/www.infokuryr.cz\/n\/?p=84588"},"modified":"2025-07-29T10:45:47","modified_gmt":"2025-07-29T08:45:47","slug":"rika-se-ze-sam-klaus-schwab-zasahl-aby-brexit-byl-oznacen-za-chybu","status":"publish","type":"post","link":"https:\/\/www.infokuryr.cz\/n\/2025\/07\/30\/rika-se-ze-sam-klaus-schwab-zasahl-aby-brexit-byl-oznacen-za-chybu\/","title":{"rendered":"\u0158\u00edk\u00e1 se, \u017ee s\u00e1m Klaus Schwab zas\u00e1hl, aby Brexit byl ozna\u010den za chybu"},"content":{"rendered":"<div id=\"fb-root\"><\/div>\n<p><strong><span dir=\"auto\">Mainstream v\u017edy neochv\u011bjn\u011b obhajoval Klause Schwaba a jeho WEF a jakoukoli kritiku tohoto praktick\u00e9ho v\u016fdce globalismu odm\u00edtal jako konspira\u010dn\u00ed teorie. Nyn\u00ed se zd\u00e1, \u017ee se pseudodemokratick\u00fd n\u00e1t\u011br odlupuje: Britsk\u00fd Telegraph ned\u00e1vno kriticky informoval, \u017ee podle intern\u00edch informac\u00ed Schwab \u00fadajn\u011b s\u00e1m zas\u00e1hl, aby manipuloval s daty, aby brexit nebyl vn\u00edm\u00e1n jako \u00fasp\u011bch Velk\u00e9 Brit\u00e1nie. Pro kritiky WEF to odpov\u00edd\u00e1 obrazu. Mainstream by se m\u011bl s\u00e1m sebe zeptat, jak d\u016fv\u011b\u0159iv\u00fd hodl\u00e1 z\u016fstat tv\u00e1\u0159\u00ed v tv\u00e1\u0159 takov\u00fdm lobbistick\u00fdm skupin\u00e1m.<\/span><\/strong><\/p>\n<p><span dir=\"auto\">Jak nazna\u010duj\u00ed intern\u00ed dokumenty a prohl\u00e1\u0161en\u00ed z vy\u0161et\u0159ov\u00e1n\u00ed oznamovatel\u016f, s\u00e1m zakladatel WEF Klaus Schwab \u00fadajn\u011b zasahoval do metodologie Zpr\u00e1vy o\u00a0<\/span><em><span dir=\"auto\">glob\u00e1ln\u00ed konkurenceschopnosti<\/span><\/em><span dir=\"auto\"> s jasn\u00fdm c\u00edlem sabotovat dojem \u00fasp\u011b\u0161n\u00e9 Velk\u00e9 Brit\u00e1nie po brexitu.<\/span><\/p>\n<p><span dir=\"auto\">Podle unikl\u00fdch informac\u00ed n\u00e1vrh zpr\u00e1vy Sv\u011btov\u00e9ho ekonomick\u00e9ho f\u00f3ra za obdob\u00ed 2017\/2018 za\u0159adil Spojen\u00e9 kr\u00e1lovstv\u00ed na \u010dtvrt\u00e9 m\u00edsto v glob\u00e1ln\u00ed konkurenceschopnosti \u2013 co\u017e je jasn\u00e9 zlep\u0161en\u00ed oproti p\u0159edchoz\u00edmu roku, kter\u00e9 by skeptik\u016fm ohledn\u011b Brexitu vzalo v\u00edtr z plachet.\u00a0<\/span><strong><span dir=\"auto\">Klaus Schwab v\u0161ak p\u00edsemn\u011b zas\u00e1hl: Spojen\u00e9 kr\u00e1lovstv\u00ed nesm\u00ed zaznamenat \u017e\u00e1dn\u00e9 zlep\u0161en\u00ed, jinak by ho \u201ebrexitov\u00fd t\u00e1bor zneu\u017eil\u201c.<\/span><\/strong><span dir=\"auto\">\u00a0To by samoz\u0159ejm\u011b nebylo politicky vhodn\u00e9.<\/span><\/p>\n<p><span dir=\"auto\">A hle, hle: Ve fin\u00e1ln\u00ed verzi kleslo Spojen\u00e9 kr\u00e1lovstv\u00ed na osm\u00e9 m\u00edsto. \u201eStatistick\u00e1 nehoda\u201c? To sotva. Nigel Farage, p\u0159edseda organizace Reform UK, pronesl pro\u00a0<\/span><a href=\"https:\/\/archive.ph\/vIQCr\" target=\"_blank\" rel=\"noreferrer noopener\"><span dir=\"auto\">Telegraph<\/span><\/a><span dir=\"auto\">\u00a0drastick\u00e1 slova : \u201eKa\u017ed\u00e1 konspira\u010dn\u00ed teorie o Klausi Schwabovi se ukazuje jako pravdiv\u00e1. Je to nebezpe\u010dn\u00fd globalistick\u00fd manipul\u00e1tor.\u201c<\/span><\/p>\n<p><span dir=\"auto\">Peter Boehringer, z\u00e1stupce feder\u00e1ln\u00edho mluv\u010d\u00edho AfD, se tak\u00e9 vyj\u00e1d\u0159il siln\u011b. P\u0159e\u010dt\u011bte si jeho\u00a0<\/span><a href=\"https:\/\/www.presseportal.de\/pm\/110332\/6083447\" target=\"_blank\" rel=\"noreferrer noopener\"><span dir=\"auto\">prohl\u00e1\u0161en\u00ed<\/span><\/a><span dir=\"auto\">\u00a0n\u00ed\u017ee :<\/span><\/p>\n<p><span dir=\"auto\">\u201eIntern\u00ed dokumenty unikl\u00e9 do tisku ukazuj\u00ed, \u017ee Spojen\u00e9 kr\u00e1lovstv\u00ed bylo v \u017eeb\u0159\u00ed\u010dku Glob\u00e1ln\u00ed konkurenceschopnosti za rok 2017\/18 \u00famysln\u011b bez jak\u00fdchkoli \u00fadaj\u016f sn\u00ed\u017eeno ze \u010dtvrt\u00e9ho na osm\u00e9 m\u00edsto. Manipulace m\u011bla \u00fadajn\u011b za c\u00edl ovlivnit vn\u00edm\u00e1n\u00ed Brexitu ve\u0159ejnost\u00ed a vykreslit britsk\u00e9 rozhodnut\u00ed opustit EU jako chybn\u00fd krok. Intern\u00ed vy\u0161et\u0159ov\u00e1n\u00ed WEF hovo\u0159\u00ed o \u201eantidemokratick\u00fdch praktik\u00e1ch\u201c a \u201ezaujatosti\u201c. Kritici WEF ji\u017e dlouho obvi\u0148uj\u00ed z pou\u017e\u00edv\u00e1n\u00ed takov\u00fdch metod k \u0159\u00edzen\u00ed politick\u00fdch narativ\u016f.\u201c<\/span><\/p>\n<p><span dir=\"auto\">Skand\u00e1l, kter\u00fd byl nyn\u00ed odhalen, vyvol\u00e1v\u00e1 z\u00e1sadn\u00ed ot\u00e1zky o d\u016fv\u011bryhodnosti Sv\u011btov\u00e9ho ekonomick\u00e9ho f\u00f3ra (WEF). Je d\u016fkazem toho, \u017ee sch\u016fzky v Davosu nejsou jen o v\u00fdm\u011bn\u011b n\u00e1zor\u016f mezi politiky, ale \u017ee c\u00edlen\u00e9 dezinformace jsou tak\u00e9 pou\u017e\u00edv\u00e1ny k ovliv\u0148ov\u00e1n\u00ed politick\u00e9ho rozhodov\u00e1n\u00ed. To, co nap\u0159\u00edklad m\u00edstn\u00ed m\u00e9dia neust\u00e1le obvi\u0148uj\u00ed Rusko, se d\u011bje i na Z\u00e1pad\u011b \u2013 jen mnoz\u00ed v\u011b\u0159\u00ed, \u017ee je to opr\u00e1vn\u011bn\u00e9, proto\u017ee jsou na \u201espr\u00e1vn\u00e9\u201c stran\u011b.<\/span><\/p>\n<p><span dir=\"auto\">Toto odhalen\u00ed je ospravedln\u011bn\u00edm zast\u00e1nc\u016f Brexitu, kte\u0159\u00ed v\u017edycky tu\u0161ili zkreslen\u00e9 informov\u00e1n\u00ed. Ukazuje, \u017ee Brexit byl v\u0161\u00edm, jen ne selh\u00e1n\u00edm. Ve skute\u010dnosti se Britov\u00e9 odchodem z EU osvobodili od bruselsk\u00e9ho antipodnikatelsk\u00e9ho a byrokratick\u00e9ho paternalismu, stejn\u011b jako od multibilionov\u00fdch eurov\u00fdch dluhov\u00fdch program\u016f EU.\u201c<\/span><\/p>\n<p><img decoding=\"async\" loading=\"lazy\" class=\"alignnone size-full wp-image-1185\" src=\"http:\/\/www.infokuryr.cz\/n\/wp-content\/uploads\/2021\/04\/kuryr-podpis.png\" alt=\"\" width=\"84\" height=\"24\" \/><\/p>\n<p>&nbsp;<\/p>\n","protected":false},"excerpt":{"rendered":"<p>Mainstream v\u017edy neochv\u011bjn\u011b obhajoval Klause Schwaba a jeho WEF a jakoukoli kritiku tohoto praktick\u00e9ho v\u016fdce&#8230;<\/p>\n","protected":false},"author":2,"featured_media":84589,"comment_status":"closed","ping_status":"closed","sticky":false,"template":"","format":"standard","meta":[],"categories":[7],"tags":[4419,291,613],"_links":{"self":[{"href":"https:\/\/www.infokuryr.cz\/n\/wp-json\/wp\/v2\/posts\/84588"}],"collection":[{"href":"https:\/\/www.infokuryr.cz\/n\/wp-json\/wp\/v2\/posts"}],"about":[{"href":"https:\/\/www.infokuryr.cz\/n\/wp-json\/wp\/v2\/types\/post"}],"author":[{"embeddable":true,"href":"https:\/\/www.infokuryr.cz\/n\/wp-json\/wp\/v2\/users\/2"}],"replies":[{"embeddable":true,"href":"https:\/\/www.infokuryr.cz\/n\/wp-json\/wp\/v2\/comments?post=84588"}],"version-history":[{"count":0,"href":"https:\/\/www.infokuryr.cz\/n\/wp-json\/wp\/v2\/posts\/84588\/revisions"}],"wp:featuredmedia":[{"embeddable":true,"href":"https:\/\/www.infokuryr.cz\/n\/wp-json\/wp\/v2\/media\/84589"}],"wp:attachment":[{"href":"https:\/\/www.infokuryr.cz\/n\/wp-json\/wp\/v2\/media?parent=84588"}],"wp:term":[{"taxonomy":"category","embeddable":true,"href":"https:\/\/www.infokuryr.cz\/n\/wp-json\/wp\/v2\/categories?post=84588"},{"taxonomy":"post_tag","embeddable":true,"href":"https:\/\/www.infokuryr.cz\/n\/wp-json\/wp\/v2\/tags?post=84588"}],"curies":[{"name":"wp","href":"https:\/\/api.w.org\/{rel}","templated":true}]}}