{"id":84573,"date":"2025-07-30T00:14:24","date_gmt":"2025-07-29T22:14:24","guid":{"rendered":"https:\/\/www.infokuryr.cz\/n\/?p=84573"},"modified":"2025-07-29T10:14:23","modified_gmt":"2025-07-29T08:14:23","slug":"konspiracni-teorie-ktera-byla-na-to-aby-ji-cdc-ututlalo-prilis-velka","status":"publish","type":"post","link":"https:\/\/www.infokuryr.cz\/n\/2025\/07\/30\/konspiracni-teorie-ktera-byla-na-to-aby-ji-cdc-ututlalo-prilis-velka\/","title":{"rendered":"\u201eKonspira\u010dn\u00ed teorie\u201c, kter\u00e1 byla na to, aby ji CDC ututlalo, p\u0159\u00edli\u0161 velk\u00e1"},"content":{"rendered":"<div id=\"fb-root\"><\/div>\n<div class=\"elementor-element elementor-element-1fb4c2c elementor-widget elementor-widget-theme-post-content\" data-id=\"1fb4c2c\" data-element_type=\"widget\" data-widget_type=\"theme-post-content.default\">\n<div class=\"elementor-widget-container\">\n<h3 class=\"has-medium-font-size\"><strong><span dir=\"auto\">Kone\u010dn\u011b se r\u00fdsuje zlomov\u00fd bod, kter\u00fd by mohl zvr\u00e1tit tento nezastaviteln\u00fd p\u0159\u00edliv korupce.<\/span><\/strong><\/h3>\n<p><em><span dir=\"auto\">N\u00e1sleduj\u00edc\u00ed informace vych\u00e1zej\u00ed ze zpr\u00e1vy p\u016fvodn\u011b publikovan\u00e9 \u010dasopisem A Midwestern Doctor. Kl\u00ed\u010dov\u00e9 detaily byly zjednodu\u0161eny a upraveny pro lep\u0161\u00ed srozumitelnost a relevantnost.\u00a0<\/span><\/em><a href=\"https:\/\/www.midwesterndoctor.com\/p\/where-does-the-cdcs-pervasive-dishonesty\" target=\"_blank\" rel=\"noreferrer noopener\"><em><span dir=\"auto\">P\u016fvodn\u00ed zpr\u00e1vu si m\u016f\u017eete p\u0159e\u010d\u00edst zde<\/span><\/em><\/a><em><span dir=\"auto\">\u00a0.<\/span><\/em><\/p>\n<p><span dir=\"auto\">Pamatujete si na Jordana Trishtona Walkera, v\u00fdkonn\u00e9ho \u0159editele spole\u010dnosti Pfizer?<\/span><\/p>\n<p><span dir=\"auto\">\u0158ekl: \u201eS menstrua\u010dn\u00edmi cykly [o\u010dkovan\u00fdch \u017een] je n\u011bco NEPRAVIDELN\u00c9HO,\u201c dodal: \u201eTo je t\u0159eba vy\u0161et\u0159it.\u201c<\/span><\/p>\n<p><span dir=\"auto\">\u201eKonspira\u010dn\u00ed teoretici\u201c jako Naomi Wolf byli ozna\u010deni za \u201enaprosto \u0161\u00edlen\u00e9\u201c, proto\u017ee si v\u0161imli toho, co \u017eeny hlasit\u011b hl\u00e1saj\u00ed.<\/span><\/p>\n<p><strong><span dir=\"auto\">Data ale dokazuj\u00ed, \u017ee m\u011bli celou dobu pravdu:<\/span><\/strong><\/p>\n<ul>\n<li><span dir=\"auto\">\u2022 42 % \u017een s pravideln\u00fdm cyklem hl\u00e1silo po o\u010dkov\u00e1n\u00ed siln\u011bj\u0161\u00ed krv\u00e1cen\u00ed ne\u017e obvykle.<\/span><\/li>\n<li><span dir=\"auto\">\u2022 71 % \u017een, kter\u00e9 u\u017e\u00edvaly antikoncepci, m\u011blo intermenstrua\u010dn\u00ed krv\u00e1cen\u00ed.<\/span><\/li>\n<li><span dir=\"auto\">\u2022 66 % \u017een v menopauze (kter\u00e9 by NIKDY nem\u011bly krv\u00e1cet) za\u010dalo znovu krv\u00e1cet.<\/span><\/li>\n<li><span dir=\"auto\">\u2022 A ve velk\u00e9 studii hl\u00e1silo 78 % o\u010dkovan\u00fdch \u017een n\u011bjakou formu menstrua\u010dn\u00ed nepravidelnosti.<\/span><\/li>\n<\/ul>\n<p><span dir=\"auto\">Co d\u011blalo CDC pod veden\u00edm Rochelle Walensk\u00e9? Sna\u017eili se to ututlat.<\/span><\/p>\n<p><span dir=\"auto\">Tato zpr\u00e1va odhaluje, jak daleko za\u0161li, aby uml\u010deli \u017eeny, zakryli d\u016fkazy a kdo z toho m\u011bl prosp\u011bch.<\/span><\/p>\n<p><span dir=\"auto\">Tyto informace poch\u00e1zej\u00ed z pr\u00e1ce l\u00e9ka\u0159sk\u00e9ho v\u00fdzkumn\u00edka A Midwestern Doctor. Ve\u0161ker\u00e9 zdroje a podrobnosti naleznete v\u00a0<\/span><a href=\"https:\/\/www.midwesterndoctor.com\/p\/where-does-the-cdcs-pervasive-dishonesty\" target=\"_blank\" rel=\"noreferrer noopener\" data-type=\"link\" data-id=\"https:\/\/www.midwesterndoctor.com\/p\/where-does-the-cdcs-pervasive-dishonesty\"><span dir=\"auto\">kompletn\u00ed zpr\u00e1v\u011b o rozsahu 5 000 slov zde<\/span><\/a><span dir=\"auto\">\u00a0:<\/span><\/p>\n<p><span dir=\"auto\">Je CDC zkorumpovan\u00e9 kv\u016fli tajn\u00e9mu spiknut\u00ed \u2013 nebo je to prost\u011b p\u0159irozen\u00fd d\u016fsledek nafoukl\u00e9 vl\u00e1dy?<\/span><\/p>\n<p><span dir=\"auto\">Jedna v\u011bc je jasn\u00e1: a\u0165 u\u017e \u00famysln\u00e9 nebo v d\u016fsledku rozkladu, to, co v sou\u010dasn\u00e9 dob\u011b za\u017e\u00edv\u00e1me, nem\u00e1 s ve\u0159ejn\u00fdm zdrav\u00edm nic spole\u010dn\u00e9ho.<\/span><\/p>\n<p><span dir=\"auto\">Tohle je syst\u00e9mov\u00fd rozklad.\u00a0<\/span><strong><span dir=\"auto\">A to v\u0161echno je \u00famysln\u00e9<\/span><\/strong><span dir=\"auto\">\u00a0.<\/span><\/p>\n<figure class=\"wp-block-image aligncenter size-large\"><img decoding=\"async\" loading=\"lazy\" class=\"aligncenter\" src=\"https:\/\/substackcdn.com\/image\/fetch\/$s_!AkAs!,w_1456,c_limit,f_webp,q_auto:good,fl_progressive:steep\/https%3A%2F%2Fsubstack-post-media.s3.amazonaws.com%2Fpublic%2Fimages%2F07349832-681c-4cb4-894e-336ed41e70ab_1250x853.png\" alt=\"\" width=\"868\" height=\"592\" \/><\/figure>\n<p><span dir=\"auto\">CDC nejen propaguje \u0161patnou v\u011bdu. Za ka\u017edou cenu chr\u00e1n\u00ed \u0161patn\u00e9 vakc\u00edny \u2013 bez ohledu na to, jak \u0161kodliv\u00e9 jsou.<\/span><\/p>\n<p><span dir=\"auto\">\u00dato\u010d\u00ed na alternativn\u00ed medic\u00ednu, manipuluje s lidmi, kte\u0159\u00ed byli po\u0161kozeni, a prosazuje ne\u00fa\u010dinn\u00e1 opat\u0159en\u00ed, jako je no\u0161en\u00ed rou\u0161ek a ka\u017edoro\u010dn\u00ed o\u010dkov\u00e1n\u00ed proti ch\u0159ipce\u2026 a to v\u0161e p\u0159i tvrzen\u00ed, \u017ee je zcela neutr\u00e1ln\u00ed.<\/span><\/p>\n<p><span dir=\"auto\">A za touto oponou se skr\u00fdv\u00e1 syst\u00e9m financov\u00e1n\u00ed\u00a0<\/span><strong><span dir=\"auto\">, kter\u00fd m\u00e1<\/span><\/strong><span dir=\"auto\">\u00a0odm\u011b\u0148ovat korupci.<\/span><\/p>\n<figure class=\"wp-block-image aligncenter size-large\"><img decoding=\"async\" loading=\"lazy\" class=\"aligncenter\" src=\"https:\/\/substackcdn.com\/image\/fetch\/$s_!_-ES!,w_1456,c_limit,f_webp,q_auto:good,fl_progressive:steep\/https%3A%2F%2Fsubstack-post-media.s3.amazonaws.com%2Fpublic%2Fimages%2F7633e096-d536-449a-b314-1b5b48d9a68d_1250x853.png\" alt=\"\" width=\"886\" height=\"605\" \/><\/figure>\n<p><span dir=\"auto\">Od roku 1983 m\u00e1 CDC ze z\u00e1kona povoleno p\u0159ij\u00edmat \u201edary\u201c, pokud jsou \u201eve prosp\u011bch [ve\u0159ejn\u00e9ho zdravotnictv\u00ed] nebo p\u0159i v\u00fdkonu jak\u00e9koli jeho funkce\u201c.<\/span><\/p>\n<p><span dir=\"auto\">Co by se mohlo pokazit?<\/span><\/p>\n<p><span dir=\"auto\">V roce 1992 Kongres vytvo\u0159il N\u00e1rodn\u00ed nadaci pro Centra pro kontrolu a prevenci nemoc\u00ed (CDC) \u2013 zadn\u00ed vr\u00e1tka, kter\u00fdmi mohou korporace doslova p\u0159ev\u00e1d\u011bt pen\u00edze CDC.<\/span><\/p>\n<figure class=\"wp-block-image aligncenter size-large\"><img decoding=\"async\" loading=\"lazy\" class=\"aligncenter\" src=\"https:\/\/substackcdn.com\/image\/fetch\/$s_!AZdZ!,w_1456,c_limit,f_webp,q_auto:good,fl_progressive:steep\/https%3A%2F%2Fsubstack-post-media.s3.amazonaws.com%2Fpublic%2Fimages%2Faf2f4ec3-5938-4b30-aa8e-ddbe86ea11b8_1456x782.png\" alt=\"\" width=\"939\" height=\"504\" \/><\/figure>\n<p><strong><span dir=\"auto\">CDC dnes obdr\u017eelo t\u00e9m\u011b\u0159 1 miliardu dolar\u016f od firemn\u00edch d\u00e1rc\u016f, v\u010detn\u011b:<\/span><\/strong><\/p>\n<ul>\n<li><span dir=\"auto\">Pfizer<\/span><\/li>\n<li><span dir=\"auto\">Moderna<\/span><\/li>\n<li><span dir=\"auto\">Merck<\/span><\/li>\n<li><span dir=\"auto\">Nadace Gates\u016f<\/span><\/li>\n<li><span dir=\"auto\">Google<\/span><\/li>\n<li><span dir=\"auto\">Facebook<\/span><\/li>\n<li><span dir=\"auto\">Coca-Cola<\/span><\/li>\n<\/ul>\n<p><span dir=\"auto\">Ano, Coca-Cola \u201eve prosp\u011bch [ve\u0159ejn\u00e9ho zdrav\u00ed]\u201c.<\/span><\/p>\n<figure class=\"wp-block-image aligncenter size-large\"><img decoding=\"async\" loading=\"lazy\" class=\"aligncenter\" src=\"https:\/\/substackcdn.com\/image\/fetch\/$s_!xEHh!,w_1456,c_limit,f_webp,q_auto:good,fl_progressive:steep\/https%3A%2F%2Fsubstack-post-media.s3.amazonaws.com%2Fpublic%2Fimages%2Fac4c2d5b-b814-4ce6-b15a-51466498ee44_1250x853.png\" alt=\"\" width=\"800\" height=\"546\" \/><\/figure>\n<p><span dir=\"auto\">Nen\u00ed t\u0159eba b\u00fdt g\u00e9nius, aby si \u010dlov\u011bk dal dv\u011b a dv\u011b dohromady. Tyto \u201edary\u201c nebyly charitou. Byly koupen\u00e9 za \u00fa\u010delem z\u00edsk\u00e1n\u00ed vlivu.<\/span><\/p>\n<p><span dir=\"auto\">Spole\u010dnost Roche zaplatila za uveden\u00ed Tamiflu, ne\u00fasp\u011b\u0161n\u00e9ho l\u00e9ku proti ch\u0159ipce, na trh.<\/span><\/p>\n<p><span dir=\"auto\">Coca-Cola vyu\u017eila CDC k podkop\u00e1n\u00ed regulace cukru.<\/span><\/p>\n<p><span dir=\"auto\">V\u00fdrobci vakc\u00edn darovali miliony na podporu test\u016f a l\u00e9\u010dby, kter\u00e9 jim prosp\u00edvaj\u00ed \u2013 zat\u00edmco CDC psalo \u201epokyny\u201c.<\/span><\/p>\n<p><span dir=\"auto\">Tohle nem\u00e1 nic spole\u010dn\u00e9ho s ve\u0159ejn\u00fdm zdrav\u00edm. Tohle je pran\u00ed \u0161pinav\u00fdch pen\u011bz v laboratorn\u00edm pl\u00e1\u0161ti.<\/span><\/p>\n<p><span dir=\"auto\">A to m\u00e1 skute\u010dn\u00e9 d\u016fsledky pro lidi, jako jste vy a j\u00e1.<\/span><\/p>\n<figure class=\"wp-block-image aligncenter size-large\"><img decoding=\"async\" loading=\"lazy\" class=\"aligncenter\" src=\"https:\/\/substackcdn.com\/image\/fetch\/$s_!hspJ!,w_1456,c_limit,f_webp,q_auto:good,fl_progressive:steep\/https%3A%2F%2Fsubstack-post-media.s3.amazonaws.com%2Fpublic%2Fimages%2Fdee42f1f-515d-485d-9bbe-eebf2cff9972_1250x853.png\" alt=\"\" width=\"777\" height=\"530\" \/><\/figure>\n<p><span dir=\"auto\">Jak CDC reaguje na sm\u011brnice MAHA a vylep\u0161en\u00ed, kter\u00e1 chce RFK Jr. zav\u00e9st?<\/span><\/p>\n<p><span dir=\"auto\">D\u011bl\u00e1 v\u0161e pro to, aby zabr\u00e1nila \u010demukoli, co by mohlo pomoci Americe znovu uzdravit se.<\/span><\/p>\n<p><span dir=\"auto\">Nen\u00ed to zrovna ta nestrann\u00e1 autorita, za kterou se prezentuje.<\/span><\/p>\n<figure class=\"wp-block-image aligncenter size-large\"><img decoding=\"async\" loading=\"lazy\" class=\"aligncenter\" src=\"https:\/\/substackcdn.com\/image\/fetch\/$s_!9_QO!,w_1456,c_limit,f_webp,q_auto:good,fl_progressive:steep\/https%3A%2F%2Fsubstack-post-media.s3.amazonaws.com%2Fpublic%2Fimages%2Fb838c0cd-5f40-4dd4-a59a-2c0bffc1fddf_1250x853.png\" alt=\"\" width=\"909\" height=\"620\" \/><\/figure>\n<p><span dir=\"auto\">N\u011bkte\u0159\u00ed v\u011bdci z CDC se pokusili odhalit korupci.<\/span><\/p>\n<p><span dir=\"auto\">V roce 2016 anonymn\u00ed zam\u011bstnanci napsali vrcholov\u00e9mu managementu a\u00a0<\/span><strong><span dir=\"auto\">odhalili<\/span><\/strong><span dir=\"auto\">\u00a0podvody s \u00fadaji, zastra\u0161ov\u00e1n\u00ed a intern\u00ed utajov\u00e1n\u00ed \u2013 v\u010detn\u011b zfal\u0161ovan\u00fdch \u00fadaj\u016f z prov\u011b\u0159ov\u00e1n\u00ed zaslan\u00fdch Kongresu!<\/span><\/p>\n<p><span dir=\"auto\">To je obrovsk\u00e9!<\/span><\/p>\n<p><span dir=\"auto\">Vy\u0161et\u0159ov\u00e1n\u00ed ale bylo zameteno pod koberec. L\u017ei pokra\u010dovaly. A ve\u0159ejnost se nikdy nic nedozv\u011bd\u011bla.<\/span><\/p>\n<p><span dir=\"auto\">A\u017e do te\u010f.<\/span><\/p>\n<figure class=\"wp-block-image aligncenter size-large\"><img decoding=\"async\" loading=\"lazy\" class=\"aligncenter\" src=\"https:\/\/substackcdn.com\/image\/fetch\/$s_!mHvy!,w_1456,c_limit,f_webp,q_auto:good,fl_progressive:steep\/https%3A%2F%2Fsubstack-post-media.s3.amazonaws.com%2Fpublic%2Fimages%2F35d0c6b5-b4c4-4495-bef2-5a22510890f5_1434x1090.png\" alt=\"\" width=\"928\" height=\"706\" \/><\/figure>\n<p><span dir=\"auto\">Cht\u011bli byste vid\u011bt cel\u00fd dopis a v\u0161echny podp\u016frn\u00e9 dokumenty?<\/span><\/p>\n<p><span dir=\"auto\">Jeden l\u00e9ka\u0159 ze St\u0159edoz\u00e1padu je m\u00e1 v\u0161echny.\u00a0<\/span><a href=\"https:\/\/www.midwesterndoctor.com\/p\/where-does-the-cdcs-pervasive-dishonesty\"><span dir=\"auto\">Celou zpr\u00e1vu si m\u016f\u017eete p\u0159e\u010d\u00edst zde<\/span><\/a><span dir=\"auto\">\u00a0.<\/span><\/p>\n<p><span dir=\"auto\">Pro\u010d tedy CDC propaguje nebezpe\u010dn\u00e9 vakc\u00edny?<\/span><\/p>\n<p><span dir=\"auto\">Ano, pen\u00edze hraj\u00ed velkou roli \u2013 ale tak\u00e9 ideologie.<\/span><\/p>\n<p><span dir=\"auto\">Mezi l\u00e9ka\u0159i nejsou vakc\u00edny jen aspektem medic\u00edny, ale syst\u00e9mem v\u00edry.<\/span><\/p>\n<p><span dir=\"auto\">Tato slep\u00e1 v\u00edra, v\u0161t\u011bpovan\u00e1 l\u00e9ka\u0159\u016fm b\u011bhem jejich v\u00fdcviku, vede mnoho lid\u00ed k tomu, \u017ee zcela ignoruj\u00ed d\u016fkazy o \u00fajm\u011b \u2013 i kdy\u017e je maj\u00ed doslova p\u0159ed o\u010dima.<\/span><\/p>\n<p><span dir=\"auto\">Ale v\u011b\u0159it n\u011b\u010demu tak bezv\u00fdhradn\u011b, ani\u017e bychom m\u011bli v\u0161echny informace (co\u017e je nemo\u017en\u00e9), se zd\u00e1 b\u00fdt lidskou vlastnost\u00ed, kter\u00e1 se neomezuje pouze na l\u00e9ka\u0159e a vakc\u00edny.<\/span><\/p>\n<p><span dir=\"auto\">Potvrzovac\u00ed zkreslen\u00ed je v\u0161udyp\u0159\u00edtomn\u00e9. J\u00e1 ho d\u011bl\u00e1m. Ty ho d\u011bl\u00e1\u0161.<\/span><\/p>\n<p><span dir=\"auto\">Je u\u017eite\u010dn\u00e9 si uv\u011bdomit tuto velmi b\u011b\u017enou a zcela norm\u00e1ln\u00ed lidskou vlastnost.<\/span><\/p>\n<p><span dir=\"auto\">V\u017edy pamatujte, \u017ee nem\u00e1te v\u0161echny informace a ani je m\u00edt nem\u016f\u017eete. A i kdy\u017e jste str\u00e1vili roky studiem n\u011bjak\u00e9ho t\u00e9matu a jste pro n\u011bj nad\u0161en\u00ed, st\u00e1le se m\u016f\u017eete m\u00fdlit.<\/span><\/p>\n<p><span dir=\"auto\">V\u017edy bu\u010fte otev\u0159eni u\u010den\u00ed se v\u00edce a zm\u011bn\u011b sv\u00fdch p\u0159esv\u011bd\u010den\u00ed, kdy\u017e jsou zpochyb\u0148ov\u00e1na.<\/span><\/p>\n<p><span dir=\"auto\">A v\u017edy pamatujte, \u017ee tato zcela norm\u00e1ln\u00ed lidsk\u00e1 vlastnost m\u016f\u017ee b\u00fdt zneu\u017eita a manipulov\u00e1na.<\/span><\/p>\n<p><span dir=\"auto\">Je z\u0159ejm\u00e9, \u017ee d\u016fv\u011bra ve\u0159ejnosti v medic\u00ednu a vakc\u00edny byla manipulov\u00e1na.<\/span><\/p>\n<figure class=\"wp-block-image aligncenter size-large\"><img decoding=\"async\" loading=\"lazy\" class=\"aligncenter\" src=\"https:\/\/substackcdn.com\/image\/fetch\/$s_!0_hg!,w_1456,c_limit,f_webp,q_auto:good,fl_progressive:steep\/https%3A%2F%2Fsubstack-post-media.s3.amazonaws.com%2Fpublic%2Fimages%2Fdb3b7b2a-95c3-4667-b98e-39a06e8fc927_1250x853.png\" alt=\"\" width=\"880\" height=\"600\" \/><\/figure>\n<p><span dir=\"auto\">Ve\u0159ejn\u00e9 zdrav\u00ed, m\u00e9dia, medic\u00edna a spole\u010dnost jako celek jsou p\u0159esv\u011bd\u010deny, \u017ee vakc\u00edny jsou vyr\u00e1b\u011bny bezpe\u010dn\u011b a jsou dostate\u010dn\u011b testov\u00e1ny.<\/span><\/p>\n<p><strong><span dir=\"auto\">Skute\u010dn\u00e1 bezpe\u010dnost vakc\u00edn v\u0161ak vy\u017eaduje kritick\u00e9 ot\u00e1zky:<\/span><\/strong><\/p>\n<ul>\n<li><span dir=\"auto\">Jak se skute\u010dn\u00e1 rizika srovn\u00e1vaj\u00ed s p\u0159\u00ednosy?<\/span><\/li>\n<li><span dir=\"auto\">Jak \u00fa\u010dinn\u00e1 je vakc\u00edna po del\u0161\u00ed dobu?<\/span><\/li>\n<li><span dir=\"auto\">Jak\u00e1 je m\u00edra ne\u017e\u00e1douc\u00edch \u00fa\u010dink\u016f?<\/span><\/li>\n<li><span dir=\"auto\">Jsou vz\u00e1cn\u00e1 \u00famrt\u00ed na tuto nemoc hor\u0161\u00ed ne\u017e \u0161kody zp\u016fsoben\u00e9 o\u010dkov\u00e1n\u00edm?<\/span><\/li>\n<\/ul>\n<p><span dir=\"auto\">Bohu\u017eel si tyto ot\u00e1zky nikdo neklade. Farmaceutick\u00fd pr\u016fmysl zd\u016fraz\u0148uje jeden p\u0159\u00ednos, m\u00e9dia ho opakuj\u00ed a CDC ignoruje zbytek.<\/span><\/p>\n<p><span dir=\"auto\">N\u011bkte\u0159\u00ed lid\u00e9 bohatnou a jsou mocn\u011bj\u0161\u00ed, zat\u00edmco my ostatn\u00ed trp\u00ed. A n\u011bkte\u0159\u00ed z nich nejsou schopni p\u0159iznat, nato\u017e rozpoznat, p\u0159\u00ed\u010dinu sv\u00e9ho utrpen\u00ed.<\/span><\/p>\n<figure class=\"wp-block-image aligncenter size-large\"><img decoding=\"async\" loading=\"lazy\" class=\"aligncenter\" src=\"https:\/\/substackcdn.com\/image\/fetch\/$s_!7D_6!,w_1456,c_limit,f_webp,q_auto:good,fl_progressive:steep\/https%3A%2F%2Fsubstack-post-media.s3.amazonaws.com%2Fpublic%2Fimages%2F3c7f0224-28fe-427a-a2c3-95f10324b5ed_1250x853.png\" alt=\"\" width=\"847\" height=\"578\" \/><\/figure>\n<p><span dir=\"auto\">Tato ideologie je d\u016fvodem, pro\u010d tolik lid\u00ed \u2013 v\u010detn\u011b zran\u011bn\u00fdch l\u00e9ka\u0159\u016f a politik\u016f \u2013 nechce p\u0159iznat, \u017ee jim byla zp\u016fsobena \u00fajma.<\/span><\/p>\n<p><span dir=\"auto\">To je d\u016fvod, pro\u010d jsou zran\u011bn\u00ed zp\u016fsoben\u00e1 o\u010dkov\u00e1n\u00edm odm\u00edt\u00e1na jako \u201en\u00e1hoda\u201c, \u201evz\u00e1cn\u00e1\u201c nebo \u201eanekdotick\u00e1\u201c.<\/span><\/p>\n<p><span dir=\"auto\">A to je d\u016fvod, pro\u010d dosud ani jeden demokratick\u00fd sen\u00e1tor ve\u0159ejn\u011b neuznal po\u0161kozen\u00ed zdrav\u00ed zp\u016fsoben\u00e9 o\u010dkov\u00e1n\u00edm proti COVIDu \u2013 p\u0159esto\u017ee n\u011bkolik z nich m\u00e1 zjevn\u00e9 neurologick\u00e9 probl\u00e9my.<\/span><\/p>\n<figure class=\"wp-block-image aligncenter size-large\"><img decoding=\"async\" loading=\"lazy\" class=\"aligncenter\" src=\"https:\/\/substackcdn.com\/image\/fetch\/$s_!2oyX!,w_1456,c_limit,f_webp,q_auto:good,fl_progressive:steep\/https%3A%2F%2Fsubstack-post-media.s3.amazonaws.com%2Fpublic%2Fimages%2F91ac4d42-156e-450d-aca6-ac36a0dc9d89_1250x853.png\" alt=\"\" width=\"878\" height=\"599\" \/><\/figure>\n<p><span dir=\"auto\">Sen\u00e1tor Ron Johnson se to sna\u017e\u00ed zm\u011bnit.<\/span><\/p>\n<p><span dir=\"auto\">Ned\u00e1vno uspo\u0159\u00e1dal sly\u0161en\u00ed, kde poskytl Ameri\u010dan\u016fm po\u0161kozen\u00fdm o\u010dkov\u00e1n\u00edm prostor, kter\u00fd jim byl odep\u0159en.<\/span><\/p>\n<p><span dir=\"auto\">D\u016fle\u017eit\u00fd poznatek?<\/span><\/p>\n<p><span dir=\"auto\">Mnoho politik\u016f a p\u0159edn\u00edch l\u00e9ka\u0159\u016f nen\u00ed zlomysln\u00fdch. Jsou prost\u011b jen uv\u011bzn\u011bni v dogmatu.<\/span><\/p>\n<p><span dir=\"auto\">Kdy\u017e se n\u011bkte\u0159\u00ed setkaj\u00ed se skute\u010dn\u00fdmi lidmi a jejich p\u0159\u00edb\u011bhy, za\u010dnou se probouzet.<\/span><\/p>\n<div class=\"twitter-tweet twitter-tweet-rendered\"><iframe id=\"twitter-widget-0\" class=\"\" title=\"X Post\" src=\"https:\/\/platform.twitter.com\/embed\/Tweet.html?dnt=false&amp;embedId=twitter-widget-0&amp;features=eyJ0ZndfdGltZWxpbmVfbGlzdCI6eyJidWNrZXQiOltdLCJ2ZXJzaW9uIjpudWxsfSwidGZ3X2ZvbGxvd2VyX2NvdW50X3N1bnNldCI6eyJidWNrZXQiOnRydWUsInZlcnNpb24iOm51bGx9LCJ0ZndfdHdlZXRfZWRpdF9iYWNrZW5kIjp7ImJ1Y2tldCI6Im9uIiwidmVyc2lvbiI6bnVsbH0sInRmd19yZWZzcmNfc2Vzc2lvbiI6eyJidWNrZXQiOiJvbiIsInZlcnNpb24iOm51bGx9LCJ0ZndfZm9zbnJfc29mdF9pbnRlcnZlbnRpb25zX2VuYWJsZWQiOnsiYnVja2V0Ijoib24iLCJ2ZXJzaW9uIjpudWxsfSwidGZ3X21peGVkX21lZGlhXzE1ODk3Ijp7ImJ1Y2tldCI6InRyZWF0bWVudCIsInZlcnNpb24iOm51bGx9LCJ0ZndfZXhwZXJpbWVudHNfY29va2llX2V4cGlyYXRpb24iOnsiYnVja2V0IjoxMjA5NjAwLCJ2ZXJzaW9uIjpudWxsfSwidGZ3X3Nob3dfYmlyZHdhdGNoX3Bpdm90c19lbmFibGVkIjp7ImJ1Y2tldCI6Im9uIiwidmVyc2lvbiI6bnVsbH0sInRmd19kdXBsaWNhdGVfc2NyaWJlc190b19zZXR0aW5ncyI6eyJidWNrZXQiOiJvbiIsInZlcnNpb24iOm51bGx9LCJ0ZndfdXNlX3Byb2ZpbGVfaW1hZ2Vfc2hhcGVfZW5hYmxlZCI6eyJidWNrZXQiOiJvbiIsInZlcnNpb24iOm51bGx9LCJ0ZndfdmlkZW9faGxzX2R5bmFtaWNfbWFuaWZlc3RzXzE1MDgyIjp7ImJ1Y2tldCI6InRydWVfYml0cmF0ZSIsInZlcnNpb24iOm51bGx9LCJ0ZndfbGVnYWN5X3RpbWVsaW5lX3N1bnNldCI6eyJidWNrZXQiOnRydWUsInZlcnNpb24iOm51bGx9LCJ0ZndfdHdlZXRfZWRpdF9mcm9udGVuZCI6eyJidWNrZXQiOiJvbiIsInZlcnNpb24iOm51bGx9fQ%3D%3D&amp;frame=false&amp;hideCard=false&amp;hideThread=false&amp;id=1945224266812657982&amp;lang=cs&amp;maxWidth=560px&amp;origin=https%3A%2F%2Funcutnews.ch%2Fdie-verschwoerungstheorie-die-zu-gross-war-als-dass-die-cdc-sie-haette-vertuschen-koennen%2F&amp;sessionId=4b0c7eaeaa648592324b73afed4229ea5c93f08d&amp;theme=light&amp;widgetsVersion=2615f7e52b7e0%3A1702314776716&amp;width=550px\" frameborder=\"0\" scrolling=\"no\" allowfullscreen=\"allowfullscreen\" data-tweet-id=\"1945224266812657982\" data-mce-fragment=\"1\"><\/iframe><\/div>\n<p><span dir=\"auto\">Jedn\u00edm z nejsiln\u011bj\u0161\u00edch n\u00e1stroj\u016f CDC je ACIP \u2013 Poradn\u00ed v\u00fdbor pro imuniza\u010dn\u00ed postupy.<\/span><\/p>\n<p><span dir=\"auto\">Tato skupina rozhoduje o tom, kter\u00e9 vakc\u00edny budou zahrnuty do o\u010dkovac\u00edho programu pro d\u011bti.<\/span><\/p>\n<p><span dir=\"auto\">ACIP vytv\u00e1\u0159\u00ed u ve\u0159ejnosti dojem, \u017ee existuje nestrann\u00e1 a d\u016fv\u011bryhodn\u00e1 \u201et\u0159et\u00ed strana\u201c, kter\u00e1 v\u0161e kontroluje. To je ale trik.<\/span><\/p>\n<figure class=\"wp-block-image aligncenter size-large\"><img decoding=\"async\" loading=\"lazy\" class=\"aligncenter\" src=\"https:\/\/substackcdn.com\/image\/fetch\/$s_!fiaP!,w_1456,c_limit,f_webp,q_auto:good,fl_progressive:steep\/https%3A%2F%2Fsubstack-post-media.s3.amazonaws.com%2Fpublic%2Fimages%2Fa47d1549-666b-4090-af4b-665640cb9647_1600x837.png\" alt=\"\" width=\"942\" height=\"493\" \/><\/figure>\n<p><strong><span dir=\"auto\">Probl\u00e9m s ACIP je tento:<\/span><\/strong><\/p>\n<ul>\n<li><span dir=\"auto\">V\u011bt\u0161ina \u010dlen\u016f m\u00e1 finan\u010dn\u00ed st\u0159et z\u00e1jm\u016f<\/span><\/li>\n<li><span dir=\"auto\">Ignoruj\u00ed hl\u00e1\u0161en\u00ed o \u0161kod\u00e1ch<\/span><\/li>\n<li><span dir=\"auto\">Schvaluj\u00ed ka\u017edou novou vakc\u00ednu bez v\u00e1h\u00e1n\u00ed<\/span><\/li>\n<\/ul>\n<p><span dir=\"auto\">ACIP doposud nedok\u00e1zala d\u011bti ochr\u00e1nit. Pouze propaguje farmaceutick\u00fd pr\u016fmysl.<\/span><\/p>\n<p><span dir=\"auto\">I kdy\u017e jsou d\u016fkazy o \u0161kod\u00e1ch ohromuj\u00edc\u00ed, ACIP z\u016fst\u00e1v\u00e1 neochv\u011bjn\u00e1.<\/span><\/p>\n<p><span dir=\"auto\">Ale emotivn\u00ed historky od truchl\u00edc\u00edch rodi\u010d\u016f, kte\u0159\u00ed podporuj\u00ed rozmary farmaceutick\u00e9ho pr\u016fmyslu? To p\u0159in\u00e1\u0161\u00ed v\u00fdsledky.<\/span><\/p>\n<p><span dir=\"auto\">\u017dena vypov\u011bd\u011bla, \u017ee jej\u00ed sestra zem\u0159ela na ch\u0159ipku jako kojenec. Jej\u00ed rodina lobovala u Centra pro kontrolu a prevenci nemoc\u00ed (CDC).<\/span><\/p>\n<p><span dir=\"auto\">V d\u016fsledku toho ACIP zm\u011bnil svou politiku o\u010dkov\u00e1n\u00ed proti ch\u0159ipce \u2013 a to i p\u0159esto, \u017ee \u00famrt\u00ed na ch\u0159ipku v t\u00e9to v\u011bkov\u00e9 skupin\u011b jsou extr\u00e9mn\u011b vz\u00e1cn\u00e1.<\/span><\/p>\n<figure class=\"wp-block-image aligncenter size-large\"><img decoding=\"async\" loading=\"lazy\" class=\"aligncenter\" src=\"https:\/\/substackcdn.com\/image\/fetch\/$s_!UUHH!,w_1456,c_limit,f_webp,q_auto:good,fl_progressive:steep\/https%3A%2F%2Fsubstack-post-media.s3.amazonaws.com%2Fpublic%2Fimages%2Fb0a51178-5c94-4cf5-894e-9d384ef11cc0_1250x853.png\" alt=\"\" width=\"857\" height=\"585\" \/><\/figure>\n<p><span dir=\"auto\">Vakc\u00edna proti meningitid\u011b Menveo se \u0159\u00eddila stejn\u00fdm vzorem.<\/span><\/p>\n<p><span dir=\"auto\">Aby se zabr\u00e1nilo jedin\u00e9mu \u00famrt\u00ed, muselo b\u00fdt o\u010dkov\u00e1no p\u0159es milion d\u011bt\u00ed \u2013 za cenu 100 a\u017e 500 dolar\u016f na d\u00edt\u011b.<\/span><\/p>\n<p><span dir=\"auto\">Matematika nesed\u00ed. To vid\u00ed ka\u017ed\u00fd. Ale rodi\u010de podporovan\u00ed farmaceutick\u00fdm pr\u016fmyslem vypov\u00eddali a ACIP vakc\u00ednu schv\u00e1lila.<\/span><\/p>\n<figure class=\"wp-block-image aligncenter size-large\"><img decoding=\"async\" loading=\"lazy\" class=\"aligncenter\" src=\"https:\/\/substackcdn.com\/image\/fetch\/$s_!cmMI!,w_1456,c_limit,f_webp,q_auto:good,fl_progressive:steep\/https%3A%2F%2Fsubstack-post-media.s3.amazonaws.com%2Fpublic%2Fimages%2F367ce788-c252-486d-83c6-d5c4adc2cf3f_1250x853.png\" alt=\"\" width=\"858\" height=\"585\" \/><\/figure>\n<p><span dir=\"auto\">Tak\u017ee ACIP reaguje na zpr\u00e1vy o zran\u011bn\u00edch zp\u016fsoben\u00fdch o\u010dkov\u00e1n\u00edm, \u017ee? To jsou jen \u201eanekdotick\u00e9\u201c historky.<\/span><\/p>\n<p><span dir=\"auto\">Bu\u010f rodiny a jejich p\u0159\u00edb\u011bhy v\u016fbec neposlouch\u00e1te, nebo je poslouch\u00e1te v\u0161echny.<\/span><\/p>\n<p><span dir=\"auto\">Nem\u016f\u017eete si jen tak vyb\u00edrat traumatick\u00e9 p\u0159\u00edb\u011bhy na podporu sv\u00e9ho argumentu.<\/span><\/p>\n<p><span dir=\"auto\">P\u0159esn\u011b to v\u0161ak ACIP d\u011bl\u00e1.<\/span><\/p>\n<p><span dir=\"auto\">To je ale vtip.<\/span><\/p>\n<figure class=\"wp-block-image aligncenter size-large\"><img decoding=\"async\" loading=\"lazy\" class=\"aligncenter\" src=\"https:\/\/substackcdn.com\/image\/fetch\/$s_!aEfW!,w_1456,c_limit,f_webp,q_auto:good,fl_progressive:steep\/https%3A%2F%2Fsubstack-post-media.s3.amazonaws.com%2Fpublic%2Fimages%2F665d921e-61d4-41d0-a222-2b93b2713619_1250x853.png\" alt=\"\" width=\"734\" height=\"501\" \/><\/figure>\n<p><span dir=\"auto\">Co se tedy skr\u00fdv\u00e1 za touto nerovnov\u00e1hou?<\/span><\/p>\n<p><span dir=\"auto\">Jednodu\u0161e \u0159e\u010deno: cel\u00fd syst\u00e9m d\u016fkaz\u016f je zmanipulovan\u00fd.<\/span><\/p>\n<p><span dir=\"auto\">A bylo to tak z\u00e1m\u011brn\u011b navr\u017eeno.<\/span><\/p>\n<p><span dir=\"auto\">Medic\u00edna zalo\u017een\u00e1 na d\u016fkazech m\u011bla zpochyb\u0148ovat dogmata. M\u00edsto toho si ji pr\u016fmysl unesl.<\/span><\/p>\n<p><span dir=\"auto\">Dnes se publikuj\u00ed pouze studie, kter\u00e9 slou\u017e\u00ed z\u00e1jm\u016fm pr\u016fmyslu, zat\u00edmco nepohodln\u00e1 data se zatajuj\u00ed nebo se v\u016fbec neshroma\u017e\u010fuj\u00ed.<\/span><\/p>\n<p><span dir=\"auto\">A pokud data nejsou skryta, jsou prost\u011b skryta.<\/span><\/p>\n<p><strong><span dir=\"auto\">COVID odhalil tento syst\u00e9m v re\u00e1ln\u00e9m \u010dase:<\/span><\/strong><\/p>\n<ul>\n<li><span dir=\"auto\">CDC odm\u00edtlo zve\u0159ejnit \u00fadaje o bezpe\u010dnosti vakc\u00edn.<\/span><\/li>\n<li><span dir=\"auto\">Soudn\u00ed spory odhalily, \u017ee CDC m\u011blo d\u016fkazy o \u00fajm\u011b \u2013 ale pak o nich lhalo.<\/span><\/li>\n<li><span dir=\"auto\">Odborn\u00edci tvrdili, \u017ee vakc\u00edny jsou \u201ebezpe\u010dn\u00e9 a \u00fa\u010dinn\u00e9\u201c, ale nem\u011bli \u017e\u00e1dn\u00e9 \u00fadaje, kter\u00e9 by to podporovaly.<\/span><\/li>\n<\/ul>\n<p><span dir=\"auto\">\u0158\u00edkali n\u00e1m, abychom \u201ed\u016fv\u011b\u0159ovali v\u011bd\u011b\u201c. Ale d\u016fv\u011bra byla jen dal\u0161\u00ed past\u00ed.<\/span><\/p>\n<figure class=\"wp-block-image aligncenter size-large\"><img decoding=\"async\" loading=\"lazy\" class=\"aligncenter\" src=\"https:\/\/substackcdn.com\/image\/fetch\/$s_!jIGE!,w_1456,c_limit,f_webp,q_auto:good,fl_progressive:steep\/https%3A%2F%2Fsubstack-post-media.s3.amazonaws.com%2Fpublic%2Fimages%2F663034ff-ab49-498e-9c64-808ecd80cf02_1250x853.png\" alt=\"\" width=\"819\" height=\"559\" \/><\/figure>\n<p><span dir=\"auto\">Spole\u010dnost Pfizer ve sv\u00e9 \u017e\u00e1dosti o vakc\u00ednu vynechala d\u016fle\u017eit\u00e9 bezpe\u010dnostn\u00ed studie \u2013 a CDC ji schv\u00e1lilo!<\/span><\/p>\n<p><span dir=\"auto\">I dnes CDC tvrd\u00ed, \u017ee jeho \u201esoukrom\u00e1 anal\u00fdza\u201c neprokazuje \u017e\u00e1dnou souvislost mezi vakc\u00ednou a z\u00e1chvaty, mrtvic\u00ed, potraty a menstrua\u010dn\u00edmi poruchami.<\/span><\/p>\n<p><span dir=\"auto\">T\u00edmto zp\u016fsobem odep\u00edr\u00e1 ve\u0159ejnosti p\u0159\u00edstup k podkladov\u00fdm dat\u016fm a ignoruje obrovsk\u00e9 mno\u017estv\u00ed d\u016fkaz\u016f a nespo\u010det zpr\u00e1v o zku\u0161enostech.<\/span><\/p>\n<figure class=\"wp-block-image aligncenter size-large\"><img decoding=\"async\" loading=\"lazy\" class=\"aligncenter\" src=\"https:\/\/substackcdn.com\/image\/fetch\/$s_!coU4!,w_1456,c_limit,f_webp,q_auto:good,fl_progressive:steep\/https%3A%2F%2Fsubstack-post-media.s3.amazonaws.com%2Fpublic%2Fimages%2F5ef5fe94-e7ad-467c-9795-96d92ff99bff_1250x853.png\" alt=\"\" width=\"838\" height=\"572\" \/><\/figure>\n<p><span dir=\"auto\">Tvrzen\u00ed CDC, \u017ee vakc\u00edny proti COVIDu jsou bezpe\u010dn\u00e9 a rozhodn\u011b nezp\u016fsobuj\u00ed menstrua\u010dn\u00ed nepravidelnosti, vedla k manipulaci se stovkami tis\u00edc \u017een, kter\u00e9 v\u011bd\u011bly, \u017ee je n\u011bco v nepo\u0159\u00e1dku.<\/span><\/p>\n<p><span dir=\"auto\">Ale m\u00e9dia, l\u00e9ka\u0159i a miliony lid\u00ed, kte\u0159\u00ed m\u011bli na klapk\u00e1ch na o\u010d\u00edch, jim \u0159ekli, \u017ee se m\u00fdl\u00ed.<\/span><\/p>\n<p><span dir=\"auto\">V\u011bd\u011bli jste, \u017ee abnorm\u00e1ln\u00ed menstrua\u010dn\u00ed krv\u00e1cen\u00ed je jedn\u00edm z\u00a0<\/span><strong><span dir=\"auto\">nej\u010dast\u011bj\u0161\u00edch<\/span><\/strong><span dir=\"auto\">\u00a0vedlej\u0161\u00edch \u00fa\u010dink\u016f vakc\u00edn proti COVID-19?<\/span><\/p>\n<p><span dir=\"auto\">Z 165 000 \u017een m\u011blo 42 % abnorm\u00e1ln\u00ed krv\u00e1cen\u00ed. 71 % \u017een u\u017e\u00edvaj\u00edc\u00edch antikoncepci m\u011blo abnorm\u00e1ln\u00ed krv\u00e1cen\u00ed. A \u0161okuj\u00edc\u00ed je, \u017ee abnorm\u00e1ln\u00ed krv\u00e1cen\u00ed m\u011blo tak\u00e9 66 % \u017een v menopauze!<\/span><\/p>\n<p><span dir=\"auto\">Ve skupin\u011b 14 153 o\u010dkovan\u00fdch \u017een se u 78 % vyskytlo abnorm\u00e1ln\u00ed menstrua\u010dn\u00ed krv\u00e1cen\u00ed.<\/span><\/p>\n<p><span dir=\"auto\">\u017deny, kter\u00e9 nemenstruovaly, krv\u00e1cely 2 a\u017e 5kr\u00e1t \u010dast\u011bji. Menstrua\u010dn\u00ed krv\u00e1cen\u00ed bylo \u010dasto prodlou\u017eeno o 2,5 dne.<\/span><\/p>\n<p><span dir=\"auto\">A nebyla to jen jednor\u00e1zov\u00e1 z\u00e1le\u017eitost. U n\u011bkter\u00fdch \u017een to trvalo m\u011bs\u00edce.<\/span><\/p>\n<p><span dir=\"auto\">Jak mohli CDC, zdravotn\u00edci a l\u00e9ka\u0159i toto prost\u011b ignorovat?<\/span><\/p>\n<figure class=\"wp-block-image aligncenter size-large\"><img decoding=\"async\" loading=\"lazy\" class=\"aligncenter\" src=\"https:\/\/substackcdn.com\/image\/fetch\/$s_!JldI!,w_1456,c_limit,f_webp,q_auto:good,fl_progressive:steep\/https%3A%2F%2Fsubstack-post-media.s3.amazonaws.com%2Fpublic%2Fimages%2Fee53aff0-0aa9-45df-b925-834ec8b53c2e_1250x853.png\" alt=\"\" width=\"799\" height=\"545\" \/><\/figure>\n<p><strong><span dir=\"auto\">Dal\u0161\u00ed p\u0159\u00edklad vynik\u00e1:<\/span><\/strong><\/p>\n<p><span dir=\"auto\">CDC tvrdilo, \u017ee 83 % pacient\u016f s myokarditidou se \u201epln\u011b uzdravilo\u201c do 90 dn\u016f.<\/span><\/p>\n<p><span dir=\"auto\">Data v\u0161ak uk\u00e1zala, \u017ee o 18 m\u011bs\u00edc\u016f pozd\u011bji m\u011blo 35 % pacient\u016f st\u00e1le p\u0159\u00edznaky, 13 % pot\u0159ebovalo l\u00e9ky a 5,6 % bylo znovu hospitalizov\u00e1no.<\/span><\/p>\n<p><span dir=\"auto\">To k sob\u011b nepasuje.<\/span><\/p>\n<p><span dir=\"auto\">CDC tato data zatajila, aby udr\u017eela propagandu o\u010dkov\u00e1n\u00ed.<\/span><\/p>\n<figure class=\"wp-block-image aligncenter size-large\"><img decoding=\"async\" loading=\"lazy\" class=\"aligncenter\" src=\"https:\/\/substackcdn.com\/image\/fetch\/$s_!kWAT!,w_1456,c_limit,f_webp,q_auto:good,fl_progressive:steep\/https%3A%2F%2Fsubstack-post-media.s3.amazonaws.com%2Fpublic%2Fimages%2F4c4334c0-4ecf-4c67-ac58-00f487d09fa2_1600x819.jpeg\" alt=\"\" width=\"856\" height=\"438\" \/><\/figure>\n<p><span dir=\"auto\">Dokonce p\u0159iznali, \u017ee nemohou sledovat dlouhodob\u00e9 komplikace.<\/span><\/p>\n<p><span dir=\"auto\">Pro\u010d?<\/span><\/p>\n<p><span dir=\"auto\">P\u0159\u00edli\u0161 mnoho \u201ematouc\u00edch prom\u011bnn\u00fdch\u201c.<\/span><\/p>\n<p><span dir=\"auto\">P\u0159eklad: Nemaj\u00ed \u017e\u00e1dn\u00fd pl\u00e1n ani z\u00e1jem zjistit, kolik lid\u00ed bylo vakc\u00ednou proti COVIDu po\u0161kozeno.<\/span><\/p>\n<p><span dir=\"auto\">Ale nen\u00ed to jejich pr\u00e1ce?!<\/span><\/p>\n<figure class=\"wp-block-image aligncenter size-large\"><img decoding=\"async\" loading=\"lazy\" class=\"aligncenter\" src=\"https:\/\/substackcdn.com\/image\/fetch\/$s_!5ZqE!,w_1456,c_limit,f_webp,q_auto:good,fl_progressive:steep\/https%3A%2F%2Fsubstack-post-media.s3.amazonaws.com%2Fpublic%2Fimages%2F5584d246-ba05-4ddd-a368-e2ec2aaa1616_1250x853.png\" alt=\"\" width=\"808\" height=\"551\" \/><\/figure>\n<p><span dir=\"auto\">Sledov\u00e1n\u00ed sch\u016fzek ACIP se b\u011bhem COVIDu stalo ponur\u00fdm ritu\u00e1lem.<\/span><\/p>\n<p><span dir=\"auto\">A\u0165 u\u017e bylo zd\u016fvodn\u011bn\u00ed jakkoli absurdn\u00ed, v\u00fdsledek byl v\u017edycky stejn\u00fd\u2026<\/span><\/p>\n<p><span dir=\"auto\">V\u00edce vakc\u00edn, m\u00e9n\u011b transparentnosti. Znovu a znovu.<\/span><\/p>\n<p><span dir=\"auto\">Jako n\u011bco z p\u0159edem napsan\u00e9ho sc\u00e9n\u00e1\u0159e.<\/span><\/p>\n<p><span dir=\"auto\">Ale poprv\u00e9 po desetilet\u00edch se tento sc\u00e9n\u00e1\u0159 za\u010d\u00edn\u00e1 hroutit.<\/span><\/p>\n<figure class=\"wp-block-image aligncenter size-large\"><img decoding=\"async\" loading=\"lazy\" class=\"aligncenter\" src=\"https:\/\/substackcdn.com\/image\/fetch\/$s_!hs2s!,w_1456,c_limit,f_webp,q_auto:good,fl_progressive:steep\/https%3A%2F%2Fsubstack-post-media.s3.amazonaws.com%2Fpublic%2Fimages%2F2ed49701-0fe5-494f-aa93-b19bb1a39d01_8192x5464.jpeg\" alt=\"\" width=\"885\" height=\"590\" \/><\/figure>\n<p><span dir=\"auto\">Ve\u0159ejnost se probouz\u00ed.<\/span><\/p>\n<p><span dir=\"auto\">Cel\u00fdch 61 % Ameri\u010dan\u016f ji\u017e ned\u016fv\u011b\u0159uje CDC.<\/span><\/p>\n<p><span dir=\"auto\">Prob\u00edh\u00e1 tich\u00e1 revoluce.<\/span><\/p>\n<p><span dir=\"auto\">Internet, oznamovatel\u00e9 a ob\u010dan\u0161t\u00ed novin\u00e1\u0159i toto kouzlo prolamuj\u00ed.<\/span><\/p>\n<p><span dir=\"auto\">Dokonce i b\u00fdval\u00ed zast\u00e1nci syst\u00e9mu za\u010d\u00ednaj\u00ed vid\u011bt trhliny.<\/span><\/p>\n<figure class=\"wp-block-image aligncenter size-large\"><img decoding=\"async\" loading=\"lazy\" class=\"aligncenter\" src=\"https:\/\/substackcdn.com\/image\/fetch\/$s_!ep47!,w_1456,c_limit,f_webp,q_auto:good,fl_progressive:steep\/https%3A%2F%2Fsubstack-post-media.s3.amazonaws.com%2Fpublic%2Fimages%2F37e581f4-6c46-4116-8890-56d89e23ed5e_1250x853.png\" alt=\"\" width=\"811\" height=\"553\" \/><\/figure>\n<p><span dir=\"auto\">RFK Jr. ned\u00e1vno nahradil \u010dleny ACIP nov\u00fdmi, bezkonfliktn\u00edmi jednotlivci.<\/span><\/p>\n<p><span dir=\"auto\">Doufejme, \u017ee se od nov\u00fdch \u010dlen\u016f do\u010dk\u00e1me n\u011bjak\u00fdch velk\u00fdch zm\u011bn. Ne toho sam\u00e9ho.<\/span><\/p>\n<p><span dir=\"auto\">Star\u00e9 taktiky CDC u\u017e nefunguj\u00ed.<\/span><\/p>\n<figure class=\"wp-block-image aligncenter size-large\"><img decoding=\"async\" loading=\"lazy\" class=\"aligncenter\" src=\"https:\/\/substackcdn.com\/image\/fetch\/$s_!w2L2!,w_1456,c_limit,f_webp,q_auto:good,fl_progressive:steep\/https%3A%2F%2Fsubstack-post-media.s3.amazonaws.com%2Fpublic%2Fimages%2F48699279-5e47-459d-b832-6d5e7df0d31b_1000x623.png\" alt=\"\" width=\"820\" height=\"511\" \/><\/figure>\n<p><span dir=\"auto\">Pro\u010d je to v\u0161echno tak d\u016fle\u017eit\u00e9?<\/span><\/p>\n<p><span dir=\"auto\">Proto\u017ee stejn\u00e9 korup\u010dn\u00ed praktiky, jak\u00e9 se pou\u017e\u00edvaj\u00ed u o\u010dkov\u00e1n\u00ed, se pou\u017e\u00edvaj\u00ed v cel\u00e9 vl\u00e1d\u011b.<\/span><\/p>\n<p><strong><span dir=\"auto\">A\u0165 u\u017e v oblasti ve\u0159ejn\u00e9ho zdrav\u00ed nebo zahrani\u010dn\u00ed politiky, vzorec je v\u017edy stejn\u00fd:<\/span><\/strong><\/p>\n<ul>\n<li><span dir=\"auto\">Zp\u016fsobit krizi<\/span><\/li>\n<li><span dir=\"auto\">Ovl\u00e1dejte reporting<\/span><\/li>\n<li><span dir=\"auto\">Vyu\u017e\u00edv\u00e1n\u00ed emoc\u00ed<\/span><\/li>\n<li><span dir=\"auto\">Uml\u010dov\u00e1n\u00ed disident\u016f<\/span><\/li>\n<li><span dir=\"auto\">Vytv\u00e1\u0159ejte zisk a roz\u0161i\u0159ujte moc<\/span><\/li>\n<\/ul>\n<p><span dir=\"auto\">A nyn\u00ed se tento vzorec odhaluje jako nikdy p\u0159edt\u00edm.<\/span><\/p>\n<figure class=\"wp-block-image aligncenter size-large\"><img decoding=\"async\" loading=\"lazy\" class=\"aligncenter\" src=\"https:\/\/substackcdn.com\/image\/fetch\/$s_!jJIZ!,w_1456,c_limit,f_webp,q_auto:good,fl_progressive:steep\/https%3A%2F%2Fsubstack-post-media.s3.amazonaws.com%2Fpublic%2Fimages%2F307e1785-32be-4ad2-b538-0682e175aaa0_1250x853.png\" alt=\"\" width=\"896\" height=\"611\" \/><\/figure>\n<p><em><span dir=\"auto\">Od The Vigilant Fox<\/span><\/em><\/p>\n<\/div>\n<\/div>\n<div class=\"elementor-element elementor-element-8c57238 quelle dc-has-condition dc-condition-empty elementor-widget elementor-widget-heading\" data-id=\"8c57238\" data-element_type=\"widget\" data-widget_type=\"heading.default\">\n<div class=\"elementor-widget-container\">\n<h3 class=\"elementor-heading-title elementor-size-default\"><span style=\"font-size: 10pt;\"><a href=\"https:\/\/www.vigilantfox.com\/p\/the-conspiracy-theory-that-was-too?utm_source=post-email-title&amp;publication_id=975571&amp;post_id=169144773&amp;utm_campaign=email-post-title&amp;isFreemail=false&amp;r=pf6gr&amp;triedRedirect=true&amp;utm_medium=email\" target=\"_blank\" rel=\"nofollow noopener\"><span dir=\"auto\">Zdroj<\/span><\/a><\/span><\/h3>\n<p>&nbsp;<\/p>\n<\/div>\n<\/div>\n","protected":false},"excerpt":{"rendered":"<p>Kone\u010dn\u011b se r\u00fdsuje zlomov\u00fd bod, kter\u00fd by mohl zvr\u00e1tit tento nezastaviteln\u00fd p\u0159\u00edliv korupce. N\u00e1sleduj\u00edc\u00ed informace&#8230;<\/p>\n","protected":false},"author":2,"featured_media":13007,"comment_status":"closed","ping_status":"closed","sticky":false,"template":"","format":"standard","meta":[],"categories":[7],"tags":[1037,9559,207,1301,651],"_links":{"self":[{"href":"https:\/\/www.infokuryr.cz\/n\/wp-json\/wp\/v2\/posts\/84573"}],"collection":[{"href":"https:\/\/www.infokuryr.cz\/n\/wp-json\/wp\/v2\/posts"}],"about":[{"href":"https:\/\/www.infokuryr.cz\/n\/wp-json\/wp\/v2\/types\/post"}],"author":[{"embeddable":true,"href":"https:\/\/www.infokuryr.cz\/n\/wp-json\/wp\/v2\/users\/2"}],"replies":[{"embeddable":true,"href":"https:\/\/www.infokuryr.cz\/n\/wp-json\/wp\/v2\/comments?post=84573"}],"version-history":[{"count":1,"href":"https:\/\/www.infokuryr.cz\/n\/wp-json\/wp\/v2\/posts\/84573\/revisions"}],"predecessor-version":[{"id":84574,"href":"https:\/\/www.infokuryr.cz\/n\/wp-json\/wp\/v2\/posts\/84573\/revisions\/84574"}],"wp:featuredmedia":[{"embeddable":true,"href":"https:\/\/www.infokuryr.cz\/n\/wp-json\/wp\/v2\/media\/13007"}],"wp:attachment":[{"href":"https:\/\/www.infokuryr.cz\/n\/wp-json\/wp\/v2\/media?parent=84573"}],"wp:term":[{"taxonomy":"category","embeddable":true,"href":"https:\/\/www.infokuryr.cz\/n\/wp-json\/wp\/v2\/categories?post=84573"},{"taxonomy":"post_tag","embeddable":true,"href":"https:\/\/www.infokuryr.cz\/n\/wp-json\/wp\/v2\/tags?post=84573"}],"curies":[{"name":"wp","href":"https:\/\/api.w.org\/{rel}","templated":true}]}}