{"id":84566,"date":"2025-07-29T07:31:47","date_gmt":"2025-07-29T05:31:47","guid":{"rendered":"https:\/\/www.infokuryr.cz\/n\/?p=84566"},"modified":"2025-07-29T07:31:47","modified_gmt":"2025-07-29T05:31:47","slug":"usa-zakazaly-sefovi-tchajwanske-vlady-vstup-do-new-yorku","status":"publish","type":"post","link":"https:\/\/www.infokuryr.cz\/n\/2025\/07\/29\/usa-zakazaly-sefovi-tchajwanske-vlady-vstup-do-new-yorku\/","title":{"rendered":"USA zak\u00e1zaly \u0161\u00e9fovi tchajwansk\u00e9 vl\u00e1dy vstup do New Yorku"},"content":{"rendered":"<div id=\"fb-root\"><\/div>\n<p class=\"lead\"><strong><span dir=\"auto\">Administrativa americk\u00e9ho prezidenta Donalda Trumpa zablokovala tchajwansk\u00e9mu premi\u00e9rovi Lai \u010cching-teovi mo\u017enost prov\u00e9st tranzitn\u00ed zast\u00e1vku v New Yorku po n\u00e1mitk\u00e1ch Pekingu, informoval den\u00edk Financial Times s odvol\u00e1n\u00edm na t\u0159i informovan\u00e9 zdroje.<\/span><\/strong><\/p>\n<p><span dir=\"auto\">Agentura Reuters d\u0159\u00edve s odvol\u00e1n\u00edm na sv\u00e9 zdroje informovala, \u017ee se Lai Qingde rozhodl odlo\u017eit pl\u00e1novanou tranzitn\u00ed zast\u00e1vku ve Spojen\u00fdch st\u00e1tech v r\u00e1mci diplomatick\u00e9 cesty uprost\u0159ed obchodn\u00edch jedn\u00e1n\u00ed mezi USA a \u010c\u00ednou.<\/span><\/p>\n<p><span dir=\"auto\">Jeden ze zdroj\u016f uvedl, \u017ee Lai oslovil Heritage Foundation, konzervativn\u00ed washingtonsk\u00fd think-tank, s \u017e\u00e1dost\u00ed o jeho hostov\u00e1n\u00ed na akci v New Yorku b\u011bhem jeho pl\u00e1novan\u00e9 cesty.<\/span><\/p>\n<p><span dir=\"auto\">Z\u00e1rove\u0148 FT poznamen\u00e1v\u00e1, \u017ee nen\u00ed zn\u00e1mo, zda politikovi bylo odep\u0159eno povolen\u00ed k zast\u00e1vce i v texask\u00e9m Dallasu, kter\u00fd pl\u00e1noval nav\u0161t\u00edvit po New Yorku.<\/span><\/p>\n<p><span dir=\"auto\">Vysok\u00fd americk\u00fd \u00fa\u0159edn\u00edk v\u0161ak novin\u00e1m \u0159ekl, \u017ee ob\u011b strany \u201epracuj\u00ed na n\u00e1prav\u011b situace\u201c a cesty nebyly zru\u0161eny.<\/span><\/p>\n<p><span dir=\"auto\">Agentura Bloomberg d\u0159\u00edve informovala, \u017ee \u010cchingde pl\u00e1noval v srpnu nav\u0161t\u00edvit New York a Dallas v r\u00e1mci n\u00e1v\u0161t\u011bvy Paraguaye, Guatemaly a Belize. Zdroje agentu\u0159e sd\u011blily, \u017ee jeho cestovn\u00ed pl\u00e1ny jsou nejist\u00e9 kv\u016fli obav\u00e1m Trumpovy administrativy, \u017ee by n\u00e1v\u0161t\u011bva tchajwansk\u00e9ho v\u016fdce ve Spojen\u00fdch st\u00e1tech mohla zhatit obchodn\u00ed jedn\u00e1n\u00ed s \u010c\u00ednou a p\u0159\u00edpadn\u00fd summit s \u010d\u00ednsk\u00fdm prezidentem\u00a0<\/span><strong><span dir=\"auto\">Si \u0164in-pchingem<\/span><\/strong><span dir=\"auto\">\u00a0.<\/span><\/p>\n<p><img decoding=\"async\" loading=\"lazy\" class=\"alignnone size-full wp-image-1185\" src=\"http:\/\/www.infokuryr.cz\/n\/wp-content\/uploads\/2021\/04\/kuryr-podpis.png\" alt=\"\" width=\"84\" height=\"24\" \/><\/p>\n<p>&nbsp;<\/p>\n","protected":false},"excerpt":{"rendered":"<p>Administrativa americk\u00e9ho prezidenta Donalda Trumpa zablokovala tchajwansk\u00e9mu premi\u00e9rovi Lai \u010cching-teovi mo\u017enost prov\u00e9st tranzitn\u00ed zast\u00e1vku v&#8230;<\/p>\n","protected":false},"author":2,"featured_media":84567,"comment_status":"closed","ping_status":"closed","sticky":false,"template":"","format":"standard","meta":[],"categories":[7],"tags":[621,333,37],"_links":{"self":[{"href":"https:\/\/www.infokuryr.cz\/n\/wp-json\/wp\/v2\/posts\/84566"}],"collection":[{"href":"https:\/\/www.infokuryr.cz\/n\/wp-json\/wp\/v2\/posts"}],"about":[{"href":"https:\/\/www.infokuryr.cz\/n\/wp-json\/wp\/v2\/types\/post"}],"author":[{"embeddable":true,"href":"https:\/\/www.infokuryr.cz\/n\/wp-json\/wp\/v2\/users\/2"}],"replies":[{"embeddable":true,"href":"https:\/\/www.infokuryr.cz\/n\/wp-json\/wp\/v2\/comments?post=84566"}],"version-history":[{"count":0,"href":"https:\/\/www.infokuryr.cz\/n\/wp-json\/wp\/v2\/posts\/84566\/revisions"}],"wp:featuredmedia":[{"embeddable":true,"href":"https:\/\/www.infokuryr.cz\/n\/wp-json\/wp\/v2\/media\/84567"}],"wp:attachment":[{"href":"https:\/\/www.infokuryr.cz\/n\/wp-json\/wp\/v2\/media?parent=84566"}],"wp:term":[{"taxonomy":"category","embeddable":true,"href":"https:\/\/www.infokuryr.cz\/n\/wp-json\/wp\/v2\/categories?post=84566"},{"taxonomy":"post_tag","embeddable":true,"href":"https:\/\/www.infokuryr.cz\/n\/wp-json\/wp\/v2\/tags?post=84566"}],"curies":[{"name":"wp","href":"https:\/\/api.w.org\/{rel}","templated":true}]}}