{"id":8455,"date":"2022-02-21T07:31:57","date_gmt":"2022-02-21T06:31:57","guid":{"rendered":"http:\/\/www.infokuryr.cz\/n\/?p=8455"},"modified":"2022-02-21T07:31:57","modified_gmt":"2022-02-21T06:31:57","slug":"na-donbasu-zuri-prudke-nocni-boje-oddil-dlr-v-prestrelce-zajal-skupinu-ukrajinskych-teroristu-chteli-vyhodit-do-povetri-plynojem","status":"publish","type":"post","link":"https:\/\/www.infokuryr.cz\/n\/2022\/02\/21\/na-donbasu-zuri-prudke-nocni-boje-oddil-dlr-v-prestrelce-zajal-skupinu-ukrajinskych-teroristu-chteli-vyhodit-do-povetri-plynojem\/","title":{"rendered":"Na Donbasu zu\u0159\u00ed prudk\u00e9 no\u010dn\u00ed boje, odd\u00edl DLR v p\u0159est\u0159elce zajal skupinu ukrajinsk\u00fdch terorist\u016f, cht\u011bli vyhodit do pov\u011bt\u0159\u00ed plynojem!"},"content":{"rendered":"<div id=\"fb-root\"><\/div>\n<h4>VIDEO: Na Donbasu zu\u0159\u00ed prudk\u00e9 no\u010dn\u00ed boje, odd\u00edl DLR v p\u0159est\u0159elce zajal skupinu ukrajinsk\u00fdch terorist\u016f, cht\u011bli vyhodit do pov\u011bt\u0159\u00ed plynojem! Rusk\u00e1 ve\u0159ejnost hl\u00e1s\u00ed tis\u00edce tank\u016f, houfnic, n\u00e1kla\u010f\u00e1k\u016f a bojov\u00fdch voz\u016f s podivn\u00fdm b\u00edl\u00fdm ozna\u010den\u00edm \u201cZ\u201d ve \u010dtverci! Azbuka latinsk\u00e9 p\u00edsmeno \u201cZ\u201d nezn\u00e1, podle spekulac\u00ed by mohlo j\u00edt o p\u0159\u00edpravu mezin\u00e1rodn\u00ed m\u00edrov\u00e9 mise rusk\u00e9 arm\u00e1dy pod n\u00e1zvem \u201cZa\u0161\u010dita\u201d jako ozna\u010den\u00ed pro m\u00edrov\u00e9 sbory, jejich\u017e \u00fakolem je ochrana civilist\u016f! Podle poradc\u016f NATO ve Lvov\u011b jde o formu tradi\u010dn\u00edch b\u00edl\u00fdch invazn\u00edch pruh\u016f a ozna\u010den\u00ed \u201cZ\u201d pr\u00fd znamen\u00e1 \u201cZachvata\u201d ve smyslu okupace a obsazen\u00ed Ukrajiny!<\/h4>\n<p>Na Donbasu zu\u0159\u00ed cel\u00fd v\u00edkend prudk\u00e9 boje, kter\u00e9 maj\u00ed nejv\u011bt\u0161\u00ed intenzitu po setm\u011bn\u00ed a b\u011bhem noci, kdy se ukrajinsk\u00e1 arm\u00e1da na pokyn poradc\u016f sna\u017e\u00ed proniknout do prostoru ovl\u00e1dan\u00e9ho povstalci a odtamtud prov\u00e9st mohutn\u00fd chemick\u00fd \u00fatok proti ukrajinsk\u00e9 arm\u00e1d\u011b jako z\u00e1minku ke spu\u0161t\u011bn\u00ed plo\u0161n\u00e9ho ukrajinsk\u00e9ho \u00fatoku na DLR a LLR. Americk\u00e1 CIA p\u0159esunula\u00a0<strong>[<a href=\"https:\/\/href.li\/?https:\/\/www.nytimes.com\/2022\/02\/14\/world\/europe\/us-closing-kyiv-embassy.html\" target=\"_blank\" rel=\"nofollow noopener\">1<\/a>]<\/strong>\u00a0svoji kancel\u00e1\u0159 na Ukrajin\u011b z Kyjeva na z\u00e1pad do Lvova, p\u0159i\u010dem\u017e ukrajinsk\u00e9 \u00fa\u0159ady tento postup rovn\u011b\u017e n\u00e1sleduj\u00ed a ukrajinsk\u00e1 vl\u00e1da \u010d\u00e1sti sv\u00e9 administrativy za\u010dala v ned\u011bli r\u00e1no rovn\u011b\u017e p\u0159esunovat do z\u00e1padn\u00ed ukrajinsk\u00e9 metropole.<\/p>\n<p>&nbsp;<\/p>\n<div id=\"rumble_vsshoy\">\n<div id=\"vid_vsshoy\" class=\"rumble_vsshoy-Rumble-cls\">\n<div class=\"bigPlayUI ctp\">\n<div class=\"bigPlayUIInner ctp\"><div class='videoWrapper'>\r\n\t            <iframe src='https:\/\/rumble.com\/embed\/pj.vsshoy\/' frameborder='0' allowfullscreen><\/iframe>\r\n\t        <\/div><\/div>\n<\/div>\n<\/div>\n<\/div>\n<p>&nbsp;<\/p>\n<p>Don\u011bck\u00e1 m\u00edstn\u00ed televize v noci nato\u010dila z\u00e1sah speci\u00e1ln\u00edch sil DLR, kdy\u017e se dostaly do p\u0159est\u0159elky se skupinou ukrajinsk\u00fdch terorist\u016f v civilu, kte\u0159\u00ed se pokusili nainstalovat detona\u010dn\u00ed za\u0159\u00edzen\u00ed na plynojem na p\u0159edm\u011bst\u00ed Don\u011bcku.\u00a0<strong>Strhla se p\u0159est\u0159elka a odd\u00edl DLR n\u011bkolik p\u0159e\u017eiv\u0161\u00edch Ukrajinc\u016f zadr\u017eel.<\/strong>\u00a0B\u011bhem operace byla nasazena i t\u011b\u017ek\u00e1 technika, terorist\u00e9 se v plynojemov\u00e9 stanici opevnili a odd\u00edl DLR musel p\u0159ivolat bojov\u00e9 vozidlo BTR, kter\u00e9 teroristy zne\u0161kodnilo. Jen\u017ee, to nen\u00ed ta nejv\u011bt\u0161\u00ed ud\u00e1lost za tento v\u00edkend.<\/p>\n<h6><span style=\"font-size: 14pt;\">Konvoje rusk\u00e9 bojov\u00e9 techniky s ozna\u010den\u00edm \u201cZ\u201d v b\u00edl\u00e9m \u010dtverci<\/span><\/h6>\n<p>Ru\u0161t\u00ed ob\u010dan\u00e9 v posledn\u00edch hodin\u00e1ch toti\u017e doslova zaplavuj\u00ed soci\u00e1ln\u00ed s\u00edt\u011b a p\u0159edev\u0161\u00edm Telegram tis\u00edci hl\u00e1\u0161en\u00edmi o mohutn\u00e9m nasunov\u00e1n\u00ed rusk\u00e9 bojov\u00e9 techniky k hranic\u00edm Ukrajiny. To by sice nebylo a\u017e tak p\u0159ekvapuj\u00edc\u00ed v sou\u010dasn\u00e9 situaci, jen\u017ee pozdvi\u017een\u00ed vyvolalo n\u011bco \u00fapln\u011b jin\u00e9ho. Rusk\u00e1 arm\u00e1da toti\u017e v bl\u00edzkosti m\u011bsta Belgorod vzd\u00e1len\u00e9ho asi 30 km od ukrajinsk\u00fdch hranic za\u010dala nasunovat t\u011b\u017ekou vojenskou techniku, kter\u00e1 m\u00e1 na korb\u00e1ch velice podivn\u00e9 zna\u010den\u00ed. Bojov\u00e9 vozy, transport\u00e9ry a houfnice maj\u00ed na sob\u011b b\u00edl\u00e9 latinsk\u00e9 p\u00edsmeno \u201cZ\u201d um\u00edst\u011bn\u00e9 \u010dasto v b\u00edl\u00e9m \u010dtverci, n\u011bkdy bez n\u011bj.<\/p>\n<figure id=\"attachment_50470\" class=\"wp-caption aligncenter\" style=\"width: 601px;\"><a href=\"https:\/\/aeronet.cz\/news\/wp-content\/uploads\/RussianConvoys4.jpg\"><img decoding=\"async\" loading=\"lazy\" class=\"wp-image-50470 \" src=\"https:\/\/aeronet.cz\/news\/wp-content\/uploads\/RussianConvoys4-1024x576.jpg\" sizes=\"(max-width: 700px) 100vw, 700px\" srcset=\"https:\/\/aeronet.cz\/news\/wp-content\/uploads\/RussianConvoys4-1024x576.jpg 1024w, https:\/\/aeronet.cz\/news\/wp-content\/uploads\/RussianConvoys4-300x169.jpg 300w, https:\/\/aeronet.cz\/news\/wp-content\/uploads\/RussianConvoys4-768x432.jpg 768w, https:\/\/aeronet.cz\/news\/wp-content\/uploads\/RussianConvoys4-700x394.jpg 700w, https:\/\/aeronet.cz\/news\/wp-content\/uploads\/RussianConvoys4-635x357.jpg 635w, https:\/\/aeronet.cz\/news\/wp-content\/uploads\/RussianConvoys4-859x483.jpg 859w, https:\/\/aeronet.cz\/news\/wp-content\/uploads\/RussianConvoys4.jpg 1280w\" alt=\"\" width=\"601\" height=\"338\" \/><\/a><figcaption class=\"wp-caption-text\">Zamalovan\u00e1 \u010d\u00edsla \u00fatvaru na boc\u00edch a m\u00edsto nich p\u00edsmeno \u201cZ\u201d<\/figcaption><\/figure>\n<p>Azbuka p\u00edsmeno ve tvaru \u201cZ\u201d samoz\u0159ejm\u011b nezn\u00e1, tak\u017ee o to v\u011bt\u0161\u00ed je to z\u00e1hada. Podle rusk\u00fdch novin\u00e1\u0159\u016f by se mohlo jednat o p\u0159\u00edpravu rusk\u00e9 arm\u00e1dy na mezin\u00e1rodn\u00ed m\u00edrovou misi, ve kter\u00fdch se pou\u017e\u00edvaj\u00ed ozna\u010den\u00ed latinsk\u00fdmi znaky a n\u00e1zvy, tak\u017ee\u00a0<strong>p\u00edsmeno \u201cZ\u201d podle v\u0161eho znamen\u00e1 translitera\u010dn\u00edm p\u0159episem rusk\u00e9 slovo \u201cZa\u0161\u010dita\u201d znamenaj\u00edc\u00ed \u201cOchrana\u201d ve smyslu mezin\u00e1rodn\u00ed m\u00edrov\u00e9 mise na ochranu obyvatel DLR a LLR.<\/strong>\u00a0T\u00edm by se potvrdila teorie Aeronetu o mo\u017enosti mezin\u00e1rodn\u00ed m\u00edrov\u00e9 mise na Donbasu.<\/p>\n<h6><span style=\"font-size: 14pt;\">Podle NATO a Ameri\u010dan\u016f jde pr\u00fd o invazn\u00ed zna\u010den\u00ed bojov\u00e9 techniky. M\u00edsto dvou b\u00edl\u00fdch pruh\u016f latinsk\u00e9 p\u00edsmenko a \u010dtverec okolo n\u011bho<\/span><\/h6>\n<p>Jen\u017ee ve Lvov\u011b americk\u00e1 CIA m\u00e1 podle ukrajinsk\u00fdch m\u00e9di\u00ed u\u017e \u00fapln\u011b jin\u00e9 vysv\u011btlen\u00ed pro toto podivn\u00e9 ozna\u010den\u00ed rusk\u00fdch zbran\u00ed. Podle Ameri\u010dan\u016f a jejich \u201codborn\u00edk\u016f\u201d na rusk\u00e9 arm\u00e1dn\u00ed kruhy se pr\u00fd jedn\u00e1 o tradi\u010dn\u00ed formu invazn\u00edho zna\u010den\u00ed vojensk\u00e9 techniky. Invazn\u00ed zbran\u011b jsou obvykle ozna\u010deny dv\u011bma b\u00edl\u00fdmi pruhy.\u00a0<strong>V tomto p\u0159\u00edpad\u011b se jedn\u00e1 o b\u00edl\u00fd \u010dtverec a v n\u011bm b\u00edl\u00e9 latinsk\u00e9 p\u00edsmeno \u201cZ\u201d, kter\u00e9 podle CIA znamen\u00ed v transliteraci do latinky \u201cZachvata\u201d ve smyslu okupace a obsazen\u00ed Ukrajiny.<\/strong><\/p>\n<p>Je to pr\u00fd potvrzen\u00ed invazn\u00edch pl\u00e1n\u016f Ruska a toto b\u00edl\u00e9 ozna\u010den\u00ed rusk\u00fdch zbran\u00ed je invazn\u00edm ozna\u010den\u00edm. Rusov\u00e9 by latinsk\u00e9 znaky na sv\u00e9 stroje nikdy nepsali, pokud by necht\u011bli, aby t\u011bm znak\u016fm rozum\u011bl Z\u00e1pad a obecn\u011b z\u00e1padn\u00ed m\u00e9dia. To je jedin\u00fd mo\u017en\u00fd d\u016fvod vysv\u011btlen\u00ed. A ochrana civiln\u00edho obyvatelstva v DLR a LLR bude podle v\u0161eho koncipov\u00e1na jako ochrana, tedy \u201cza\u0161\u010dita\u201d lid\u00ed v obou republik\u00e1ch, a to p\u00edsmeno \u201cZ\u201d to bude d\u00e1vat z\u00e1padn\u00edm m\u00e9di\u00edm najevo.<\/p>\n<p>&nbsp;<\/p>\n<div id=\"rumble_vsshvm\">\n<div id=\"vid_vsshvm\" class=\"rumble_vsshvm-Rumble-cls\">\n<div class=\"bigPlayUI ctp\">\n<div class=\"bigPlayUIInner ctp\"><div class='videoWrapper'>\r\n\t            <iframe src='https:\/\/rumble.com\/embed\/pj.vsshvm\/' frameborder='0' allowfullscreen><\/iframe>\r\n\t        <\/div><\/div>\n<\/div>\n<\/div>\n<\/div>\n<p>&nbsp;<\/p>\n<p>Na prvn\u00edch z\u00e1b\u011brech nahran\u00fdch dne 18. \u00fanora 2022 je vid\u011bt kolona MTLB rusk\u00fdch ozbrojen\u00fdch sil u Aleksandrovky v B\u011blgorodsk\u00e9 oblasti, 38 km od ukrajinsko-rusk\u00fdch hranic. Dal\u0161\u00ed z\u00e1b\u011bry (od 00:18) nahran\u00e9 v sobotu ukazuj\u00ed\u00a0vojenskou kolonu s houfnic\u00ed Msta-B a ozna\u010den\u00edm \u201cZ\u201d. Video bylo \u00fadajn\u011b po\u0159\u00edzeno v \u0160ebkin\u011b v Belgorodsk\u00e9 oblasti, pouh\u00fdch 7 km od ukrajinsko-rusk\u00fdch hranic.\u00a0Z\u00e1b\u011bry v \u010dase videa 00:41 ukazuj\u00ed dal\u0161\u00ed vojenskou kolonu nedaleko Belgorodu v sobotu ve\u010der. Je to\u00a0<strong>n\u011bkolik houfnic Msta-S, velitelsko-\u0161t\u00e1bn\u00ed vozidla R-149MA1, termobarick\u00e9 MLRS TOS-1A, MT-LB a BMP-2 u Belgorodu.<\/strong><\/p>\n<p>Jak pozorovatel\u00e9 poznamenali, rusk\u00e9 ozbrojen\u00e9 s\u00edly v bl\u00edzkosti hranic maluj\u00ed na vozidla zna\u010dky, v tomto p\u0159\u00edpad\u011b \u201cZ\u201d. Z\u00e1b\u011bry v \u010dase 01:26 nahran\u00e9 p\u0159ed n\u011bkolika hodinami ukazuj\u00ed, jak proj\u00ed\u017ed\u011blo p\u0159es rusk\u00e9 Ber\u0161akovo v\u00edce jak 200 vojensk\u00fdch vozidel BMP-2, MT-LB a UR-77 MICLIC. P\u0159ibli\u017en\u011b 7~10 km od ukrajinsk\u00fdch hranic. Podle pozorovatel\u016f by v\u00edce ne\u017e 200 vozidel odpov\u00eddalo rusk\u00e9mu motost\u0159eleck\u00e9mu pluku s\u00a0 p\u0159ibli\u017en\u011b 4 prapory (BTG) po 50-55 vozidlech.<\/p>\n<h6><span style=\"font-size: 14pt;\">A v Bruselu to vid\u00ed je\u0161t\u011b jinak, podle nich t\u00edm Putin d\u00e1v\u00e1 zna\u010den\u00edm \u201cZ\u201d jasn\u00fd sign\u00e1l o \u00fatoku na \u201cZ\u00e1pad\u201d<\/span><\/h6>\n<p>Jen\u017ee nejen CIA se sna\u017e\u00ed p\u00edsmeno \u201cZ\u201d si vysv\u011btlit po sv\u00e9m.\u00a0<strong>V Bruselu v centr\u00e1le NATO se v ned\u011bli za\u010dalo \u0161\u00ed\u0159it, \u017ee p\u00edsmeno \u201cZ\u201d ve skute\u010dnosti znamen\u00e1 rusky \u201cZapad\u201d a je to invazn\u00ed ozna\u010den\u00ed rusk\u00e9 arm\u00e1dy pro invazi na cel\u00fd Z\u00e1pad jako takov\u00fd.<\/strong>\u00a0Rusk\u00e1 arm\u00e1da by se pr\u00fd mohla pokusit krom\u011b Ukrajiny obsadit i Mold\u00e1vii jako b\u00fdvalou svazovou republiku a nen\u00ed pr\u00fd vylou\u010deno, \u017ee by moment p\u0159ekvapen\u00ed mohl v\u00e9st i k invazi do Pobaltsk\u00fdch zem\u00ed. \u0160\u00edlen\u00e9 n\u00e1pady v Bruselu jsou zral\u00e9 tak pro psychiatra.<\/p>\n<p>Kreml t\u011bmto \u0161\u00edlenostem ale trochu nahr\u00e1v\u00e1, proto\u017ee malovat na rusk\u00e9 zbran\u011b latinsk\u00e9 p\u00edsmeno \u201cZ\u201d b\u00edlou barvou ve \u010dtverci, to je opravdu dost nebezpe\u010dn\u00e1 hra, proto\u017ee jak\u00e9koliv omalov\u00e1nky na bojov\u00e9 technice kreslen\u00e9 b\u00edlou barvou okam\u017eit\u011b vzbuzuj\u00ed podez\u0159en\u00ed, \u017ee jde o invazn\u00ed zna\u010den\u00ed, proto\u017ee to se maluje b\u00edlou barvou. A v Kremlu n\u011bkdo zjevn\u011b chce, aby tomu na Z\u00e1pad\u011b rozum\u011bli, proto\u017ee tam jsou \u010dasto u moci \u201cdebily\u201d a\u00a0<strong>kdyby Rusov\u00e9 na sv\u00e9 stroje napsali rusk\u00e9 \u201cZ\u201d v azbuce, tak je vysoce pravd\u011bpodobn\u00e9, \u017ee v azbuce znak \u201c\u0417\u201d podobaj\u00edc\u00ed se latinsk\u00e9 \u010d\u00edslici \u201c3\u201d by prost\u011b z\u00e1padn\u00ed novin\u00e1\u0159i a politici nepobrali a nepochopili.<\/strong>\u00a0To je vysoce pravd\u011bpodobn\u00e9.<\/p>\n<figure id=\"attachment_50471\" class=\"wp-caption aligncenter\" style=\"width: 593px;\"><a href=\"https:\/\/aeronet.cz\/news\/wp-content\/uploads\/RussianConvoys3.jpg\"><img decoding=\"async\" loading=\"lazy\" class=\"wp-image-50471 \" src=\"https:\/\/aeronet.cz\/news\/wp-content\/uploads\/RussianConvoys3-1024x576.jpg\" sizes=\"(max-width: 700px) 100vw, 700px\" srcset=\"https:\/\/aeronet.cz\/news\/wp-content\/uploads\/RussianConvoys3-1024x576.jpg 1024w, https:\/\/aeronet.cz\/news\/wp-content\/uploads\/RussianConvoys3-300x169.jpg 300w, https:\/\/aeronet.cz\/news\/wp-content\/uploads\/RussianConvoys3-768x432.jpg 768w, https:\/\/aeronet.cz\/news\/wp-content\/uploads\/RussianConvoys3-700x394.jpg 700w, https:\/\/aeronet.cz\/news\/wp-content\/uploads\/RussianConvoys3-635x357.jpg 635w, https:\/\/aeronet.cz\/news\/wp-content\/uploads\/RussianConvoys3-859x483.jpg 859w, https:\/\/aeronet.cz\/news\/wp-content\/uploads\/RussianConvoys3.jpg 1280w\" alt=\"\" width=\"593\" height=\"334\" \/><\/a><figcaption class=\"wp-caption-text\">Rusk\u00e9 houfnice v Belgorodsk\u00e9 oblasti<\/figcaption><\/figure>\n<p>A ten nejv\u011bt\u0161\u00ed \u0161ok p\u0159i\u0161el dnes\u00a0<strong>[<a href=\"https:\/\/href.li\/?https:\/\/www.idnes.cz\/zpravy\/zahranicni\/usa-rusko-valka-ukrajina-zahajeni-utoku.A220220_081323_zahranicni_dape\" target=\"_blank\" rel=\"nofollow noopener\">2<\/a>]<\/strong>\u00a0od britsk\u00e9ho premi\u00e9ra. Tomu z\u0159ejm\u011b doma spadly hodiny ze zdi, kdy\u017e mu britsk\u00e1 rozv\u011bdka uk\u00e1zala z\u00e1b\u011bry z Ruska, kde se shroma\u017e\u010fuj\u00ed rusk\u00e9 zbran\u011b s b\u00edl\u00fdmi ozna\u010den\u00edmi \u201cZ\u201d na sv\u00fdch panc\u00ed\u0159\u00edch, proto\u017ee p\u0159ed n\u011bkolika okam\u017eiky vydal prohl\u00e1\u0161en\u00ed, \u017ee\u00a0<strong>podle britsk\u00e9 rozv\u011bdky pr\u00fd rusk\u00e1 arm\u00e1da pl\u00e1nuje na Ukrajin\u011b nejv\u011bt\u0161\u00ed v\u00e1lku od roku 1945 a hodl\u00e1 obkl\u00ed\u010dit Kyjev a podle v\u0161eho chce hlavn\u00ed ukrajinsk\u00e9 m\u011bsto vyhladov\u011bt.<\/strong>\u00a0Johnsonovi u\u017e definitivn\u011b \u0161plouch\u00e1 na maj\u00e1k a je to pouze d\u016fkazem tot\u00e1ln\u00edho \u00fapadku Z\u00e1padu.<\/p>\n<p>Kdyby Rusko obsadilo celou Evropskou unii, nikdo z n\u00e1s, kdo je narozen\u00fd p\u0159ed rokem 1989, by to vlastn\u011b ani nepoznal. Evropa by se vr\u00e1tila do norm\u00e1lu, tak jak byla norm\u00e1ln\u00ed do doby, ne\u017e globalist\u00e9 za\u010dali budovat svoji sv\u011btovou vl\u00e1du i nad St\u0159edn\u00ed a V\u00fdchodn\u00ed Evropou. Nakreslit na rusk\u00e9 tanky p\u00edsmeno \u201cZ\u201d je tak podle m\u00e9ho n\u00e1zoru i velice trefn\u00e1 forma trollingu ze strany Kremlu. A kdy\u017e je\u010d\u00ed Boris Johnson, automaticky se mus\u00ed p\u0159idat i Petr Fiala. To je povinnost.<\/p>\n<h6><span style=\"font-size: 14pt;\">Nejd\u0159\u00edv po\u0161lou zdarma tis\u00edce d\u011blost\u0159eleck\u00fdch gran\u00e1t\u016f Ukrajin\u011b, a potom se div\u00ed, \u017ee hroz\u00ed vypuknut\u00ed v\u00e1lky<\/span><\/h6>\n<p>A tak \u010desk\u00fd premi\u00e9r prohl\u00e1sil\u00a0<strong>[<a href=\"https:\/\/href.li\/?https:\/\/www.idnes.cz\/zpravy\/domaci\/fiala-otazky-vaclava-moravce-ukrajina-rusko-invaze.A220220_104522_domaci_klf\" target=\"_blank\" rel=\"nofollow noopener\">3<\/a>]<\/strong>, \u017ee Evropa je krok od v\u00e1lky. A moje ot\u00e1zky zn\u00ed: \u201c<em>A ty se div\u00ed\u0161, P\u00e9\u0165o? V\u017edy\u0165 tvoje vl\u00e1da darovala\u00a0<strong>[<a href=\"https:\/\/href.li\/?https:\/\/www.seznamzpravy.cz\/clanek\/domaci-zivot-v-cesku-cesko-posle-na-ukrajinu-tisice-delostreleckych-granatu-186784\" target=\"_blank\" rel=\"nofollow noopener\">4<\/a>]<\/strong>\u00a0ukrajinsk\u00e9 arm\u00e1d\u011b po\u010d\u00e1tkem \u00fanora 4006 kus\u016f d\u011blost\u0159eleck\u00e9 munice r\u00e1\u017ee 152 mm a t\u00edm jste \u010dekali na vl\u00e1d\u011b jako co? \u017de ta munice pom\u016f\u017ee na Ukrajin\u011b vybojovat m\u00edr a za\u017eehn\u00e1 v\u00e1lku?<\/em>\u201d Na Donbasu se zakopala u\u017e p\u0159ed p\u016fl rokem ukrajinsk\u00e1 arm\u00e1da a nasunula tam v\u0161echno, \u010d\u00edm disponuje.<\/p>\n<p><strong>Na Donbasu je podle odhadu 170 000 ukrajinsk\u00fdch voj\u00e1k\u016f a p\u0159es 11 000 \u017eold\u00e1k\u016f z v\u00edce ne\u017e 40 zem\u00ed sv\u011bta. Co o\u010dek\u00e1vala \u010desk\u00e1 vl\u00e1da od takov\u00e9ho postupu Kyjeva?<\/strong>\u00a0\u017de Moskva nech\u00e1 ukrajinskou arm\u00e1du zmasakrovat 2 miliony Ukrajinc\u016f s rusk\u00fdmi pasy na v\u00fdchod\u011b Ukrajiny? Nen\u00ed divu, \u017ee rusk\u00e1 arm\u00e1da jednala zrcadlov\u011b a nasunula k Donbasu z rusk\u00e9 strany podobn\u00fd po\u010det voj\u00e1k\u016f, aby bylo v p\u0159\u00edpad\u011b pot\u0159eby mo\u017en\u00e9 ochr\u00e1nit obyvatele DLR a LLR. A toto je d\u016fsledek.<\/p>\n<figure id=\"attachment_50475\" class=\"wp-caption aligncenter\" style=\"width: 557px;\"><a href=\"https:\/\/aeronet.cz\/news\/wp-content\/uploads\/RocketUA.jpg\"><img decoding=\"async\" loading=\"lazy\" class=\"wp-image-50475 \" src=\"https:\/\/aeronet.cz\/news\/wp-content\/uploads\/RocketUA-1024x768.jpg\" sizes=\"(max-width: 700px) 100vw, 700px\" srcset=\"https:\/\/aeronet.cz\/news\/wp-content\/uploads\/RocketUA.jpg 1024w, https:\/\/aeronet.cz\/news\/wp-content\/uploads\/RocketUA-300x225.jpg 300w, https:\/\/aeronet.cz\/news\/wp-content\/uploads\/RocketUA-768x576.jpg 768w, https:\/\/aeronet.cz\/news\/wp-content\/uploads\/RocketUA-700x525.jpg 700w, https:\/\/aeronet.cz\/news\/wp-content\/uploads\/RocketUA-476x357.jpg 476w, https:\/\/aeronet.cz\/news\/wp-content\/uploads\/RocketUA-644x483.jpg 644w\" alt=\"\" width=\"557\" height=\"418\" \/><\/a><figcaption class=\"wp-caption-text\">Ukrajinsk\u00e1 raketa na m\u00edst\u011b po no\u010dn\u00edm \u00fatoku nedaleko Gorlovky<\/figcaption><\/figure>\n<p>O sankc\u00edch proti Rusku je rozhodnuto dop\u0159edu, i kdyby v\u00e1lka nebyla. Nord Stream 2 je podle v\u0161eho definitivn\u011b u ledu, Berl\u00edn nebude m\u00edt s\u00edlu odporovat USA a prost\u011b ho neuvede do provozu. V Evrop\u011b ceny plynu vylet\u00ed do astronomick\u00fdch v\u00fd\u0161in, ob\u010dan\u00e9 to zaplat\u00ed ze sv\u00fdch kapes.\u00a0<strong>A co ud\u011bl\u00e1 Gazprom? P\u0159eto\u010d\u00ed p\u00e1r kohout\u016f na plynovodech a plyn, kter\u00fd neprod\u00e1 v Evrop\u011b, prod\u00e1 \u010c\u00edn\u011b.<\/strong>\u00a0Sankce op\u011bt z\u016fstanou bez efektu a Evropa zjist\u00ed, \u017ee USA nemaj\u00ed dostatek zkapaln\u011bn\u00e9ho plynu ani samy pro sebe, nato\u017e pro Evropu, nato\u017e pro n\u011bmeck\u00fd zelen\u00fd pr\u016fmysl a nato\u017e pro Evropskou unii a jej\u00ed je\u0161t\u011b zelen\u011bj\u0161\u00ed Green Deal. Kdyby se rozd\u00e1vala ekonomick\u00e1 Darwinova cena, dostalo by ji N\u011bmecko spole\u010dn\u011b s Evropskou uni\u00ed. P\u0159iv\u00e9st se vlastn\u00ed tupost\u00ed k vlastn\u00edmu z\u00e1niku, to skute\u010dn\u011b zasluhuje ocen\u011bn\u00ed.<\/p>\n<p>-VK- \u0160\u00e9fredaktor AE News<\/p>\n<p><a href=\"https:\/\/aeronet.cz\/news\/video-na-donbasu-zuri-prudke-nocni-boje-oddil-dlr-v-prestrelce-zajal-skupinu-ukrajinskych-teroristu-chteli-vyhodit-do-povetri-plynojem-ruska-verejnost-hlasi-tisice-tanku-houfnic-nakladaku\/\">ZDROJ<\/a><\/p>\n<p>&nbsp;<\/p>\n","protected":false},"excerpt":{"rendered":"<p>VIDEO: Na Donbasu zu\u0159\u00ed prudk\u00e9 no\u010dn\u00ed boje, odd\u00edl DLR v p\u0159est\u0159elce zajal skupinu ukrajinsk\u00fdch terorist\u016f,&#8230;<\/p>\n","protected":false},"author":2,"featured_media":8456,"comment_status":"closed","ping_status":"closed","sticky":false,"template":"","format":"standard","meta":[],"categories":[7],"tags":[1917,64,22,26,40],"_links":{"self":[{"href":"https:\/\/www.infokuryr.cz\/n\/wp-json\/wp\/v2\/posts\/8455"}],"collection":[{"href":"https:\/\/www.infokuryr.cz\/n\/wp-json\/wp\/v2\/posts"}],"about":[{"href":"https:\/\/www.infokuryr.cz\/n\/wp-json\/wp\/v2\/types\/post"}],"author":[{"embeddable":true,"href":"https:\/\/www.infokuryr.cz\/n\/wp-json\/wp\/v2\/users\/2"}],"replies":[{"embeddable":true,"href":"https:\/\/www.infokuryr.cz\/n\/wp-json\/wp\/v2\/comments?post=8455"}],"version-history":[{"count":0,"href":"https:\/\/www.infokuryr.cz\/n\/wp-json\/wp\/v2\/posts\/8455\/revisions"}],"wp:featuredmedia":[{"embeddable":true,"href":"https:\/\/www.infokuryr.cz\/n\/wp-json\/wp\/v2\/media\/8456"}],"wp:attachment":[{"href":"https:\/\/www.infokuryr.cz\/n\/wp-json\/wp\/v2\/media?parent=8455"}],"wp:term":[{"taxonomy":"category","embeddable":true,"href":"https:\/\/www.infokuryr.cz\/n\/wp-json\/wp\/v2\/categories?post=8455"},{"taxonomy":"post_tag","embeddable":true,"href":"https:\/\/www.infokuryr.cz\/n\/wp-json\/wp\/v2\/tags?post=8455"}],"curies":[{"name":"wp","href":"https:\/\/api.w.org\/{rel}","templated":true}]}}