{"id":84544,"date":"2025-07-29T06:16:11","date_gmt":"2025-07-29T04:16:11","guid":{"rendered":"https:\/\/www.infokuryr.cz\/n\/?p=84544"},"modified":"2025-07-29T06:16:11","modified_gmt":"2025-07-29T04:16:11","slug":"antifak-tezce-zranil-kolemjdouciho-madara-kladivem-sedi-v-budapesti-v-base-tam-se-prohlasil-za-zenu-a-drzi-hladovku-jeho-otec-vyrazil-pesky-do-madarska-protestovat","status":"publish","type":"post","link":"https:\/\/www.infokuryr.cz\/n\/2025\/07\/29\/antifak-tezce-zranil-kolemjdouciho-madara-kladivem-sedi-v-budapesti-v-base-tam-se-prohlasil-za-zenu-a-drzi-hladovku-jeho-otec-vyrazil-pesky-do-madarska-protestovat\/","title":{"rendered":"Antif\u00e1k t\u011b\u017ece zranil kolemjdouc\u00edho Ma\u010fara kladivem, sed\u00ed v Budape\u0161ti v base. Tam se prohl\u00e1sil za \u017eenu a dr\u017e\u00ed hladovku. Jeho otec vyrazil p\u011b\u0161ky do Ma\u010farska protestovat\u2026"},"content":{"rendered":"<div id=\"fb-root\"><\/div>\n<p>P\u0159edstavte si tu hr\u016fzu. Banda n\u011bmeck\u00fdch antif\u00e1k\u016f p\u0159ijela do Budape\u0161ti a tam t\u011b\u017ece zranila kladivem n\u00e1hodn\u011b kolemjdouc\u00edho mlad\u00edka. Pr\u00fd vypadal jako pravicov\u00fd extremista.<\/p>\n<p><strong>V N\u011bmecku by se pochopiteln\u011b n\u00e1siln\u00edk\u016fm nic nestalo<\/strong>, tam je vyu\u017e\u00edv\u00e1 st\u00e1tn\u00ed apar\u00e1t k \u00fatok\u016fm na opozici.<strong>\u00a0V Ma\u010farsku je to ale jinak. Tady hlavn\u00edho vin\u00edka Simeona T. policie zatkla a dr\u017e\u00ed ho v base a d\u00e1 ho k soudu. Antif\u00e1ka to pochopiteln\u011b zasko\u010dilo<\/strong>\u00a0(byl zvykl\u00fd z domova na beztrestnost) a tak vyt\u00e1hl t\u011b\u017ek\u00e9 zbran\u011b.\u00a0<strong>Nejprve se prohl\u00e1sil za \u017eenu. Pr\u00fd je nyn\u00ed Maja\u2026:-) a pak zah\u00e1jil protestn\u00ed hladovku, kterou ale u\u017e ukon\u010dil.<\/strong> Do podpory se zapojilo i mnoho antif\u00e1k\u016f a neziskovk\u00e1\u0159\u016f v cel\u00e9m N\u011bmecku.<\/p>\n<p><strong>Chladn\u00fd nez\u016fstal ani jeho otec\u00a0<a href=\"https:\/\/jungefreiheit.de\/politik\/deutschland\/2025\/vater-von-simeon-t-startet-fastenmarsch-nach-budapest\/\">Wolfram Jarosch<\/a>, ten vyrazil p\u011b\u0161ky z Dr\u00e1\u017e\u010fan do Budape\u0161ti na hladov\u00fd protestn\u00ed pochod. D\u016fvodem pr\u00fd jsou \u0161patn\u00e9 podm\u00ednky, kter\u00e9 jeho \u201edcera\u201c v ma\u010farsk\u00e9m v\u011bzen\u00ed mus\u00ed sn\u00e1\u0161et<\/strong>. Otec \u00fato\u010dn\u00edka<strong>\u00a0po\u017eaduje, aby jeho syn dost\u00e1val ka\u017ed\u00fd den \u010derstv\u00fd ovocn\u00fd d\u017eus, zeleninov\u00e9 pyr\u00e9, ml\u00e9ko a med. Pro t\u011b\u017ece zran\u011bn\u00e9ho mlad\u00edka, kter\u00e9ho jeho poveden\u00fd syn do smrti zmrza\u010dil kladivem, \u017e\u00e1dn\u00e9 sympatie ale nem\u00e1\u2026<\/strong><\/p>\n<p><strong>Norm\u00e1ln\u00ed rodi\u010d by hanbou chodil kan\u00e1lem<\/strong>, ale mezi liber\u00e1ln\u00edm demokraty je to holt jinak\u2026<\/p>\n<p><a href=\"https:\/\/ceskavec.com\/2025\/07\/antifak-tezce-zranil-kolemjdouciho-madara-kladivem-sedi-v-budapesti-v-base-tam-se-prohlasil-za-zenu-a-drzi-hladovku-jeho-otec-vyrazil-pesky-do-madarska-protestovat\">A. Fisher<\/a><\/p>\n<p>&nbsp;<\/p>\n","protected":false},"excerpt":{"rendered":"<p>P\u0159edstavte si tu hr\u016fzu. Banda n\u011bmeck\u00fdch antif\u00e1k\u016f p\u0159ijela do Budape\u0161ti a tam t\u011b\u017ece zranila kladivem&#8230;<\/p>\n","protected":false},"author":2,"featured_media":84545,"comment_status":"closed","ping_status":"closed","sticky":false,"template":"","format":"standard","meta":[],"categories":[7],"tags":[70,9437,78,847],"_links":{"self":[{"href":"https:\/\/www.infokuryr.cz\/n\/wp-json\/wp\/v2\/posts\/84544"}],"collection":[{"href":"https:\/\/www.infokuryr.cz\/n\/wp-json\/wp\/v2\/posts"}],"about":[{"href":"https:\/\/www.infokuryr.cz\/n\/wp-json\/wp\/v2\/types\/post"}],"author":[{"embeddable":true,"href":"https:\/\/www.infokuryr.cz\/n\/wp-json\/wp\/v2\/users\/2"}],"replies":[{"embeddable":true,"href":"https:\/\/www.infokuryr.cz\/n\/wp-json\/wp\/v2\/comments?post=84544"}],"version-history":[{"count":0,"href":"https:\/\/www.infokuryr.cz\/n\/wp-json\/wp\/v2\/posts\/84544\/revisions"}],"wp:featuredmedia":[{"embeddable":true,"href":"https:\/\/www.infokuryr.cz\/n\/wp-json\/wp\/v2\/media\/84545"}],"wp:attachment":[{"href":"https:\/\/www.infokuryr.cz\/n\/wp-json\/wp\/v2\/media?parent=84544"}],"wp:term":[{"taxonomy":"category","embeddable":true,"href":"https:\/\/www.infokuryr.cz\/n\/wp-json\/wp\/v2\/categories?post=84544"},{"taxonomy":"post_tag","embeddable":true,"href":"https:\/\/www.infokuryr.cz\/n\/wp-json\/wp\/v2\/tags?post=84544"}],"curies":[{"name":"wp","href":"https:\/\/api.w.org\/{rel}","templated":true}]}}