{"id":84537,"date":"2025-07-29T05:58:44","date_gmt":"2025-07-29T03:58:44","guid":{"rendered":"https:\/\/www.infokuryr.cz\/n\/?p=84537"},"modified":"2025-07-29T05:58:44","modified_gmt":"2025-07-29T03:58:44","slug":"propujcit-svuj-hlas-antiimperialistickemu-boji-ma-vysokou-cenu-ramaphosa-a-jizni-afrika-a-palestina","status":"publish","type":"post","link":"https:\/\/www.infokuryr.cz\/n\/2025\/07\/29\/propujcit-svuj-hlas-antiimperialistickemu-boji-ma-vysokou-cenu-ramaphosa-a-jizni-afrika-a-palestina\/","title":{"rendered":"Prop\u016fj\u010dit sv\u016fj hlas antiimperialistick\u00e9mu boji m\u00e1 vysokou cenu \u2013 Ramaphosa a Ji\u017en\u00ed Afrika a Palestina"},"content":{"rendered":"<div id=\"fb-root\"><\/div>\n<p><strong><span dir=\"auto\">Ve sv\u011bt\u011b ovl\u00e1dan\u00e9m sv\u00e9voln\u00fdm pou\u017e\u00edv\u00e1n\u00edm s\u00edly se hojn\u011b vyskytuj\u00ed spravedliv\u00e9 kauzy. Existuje v\u0161ak jedna, kter\u00e1 vyza\u0159uje takov\u00e9 n\u00e1sil\u00ed, \u017ee zahrnuje ve\u0161ker\u00e9 pop\u00edr\u00e1n\u00ed spravedlnosti najednou a vyvol\u00e1v\u00e1 vzpouru nap\u0159\u00ed\u010d hranicemi: palestinsk\u00e1 kauza.<\/span><\/strong><\/p>\n<div class=\"bigletter3\"><span dir=\"auto\">Jihoafrick\u00e1 republika Cyrila Ramaphosy jasn\u011b pochopila glob\u00e1ln\u00ed v\u00fdznam tohoto boje v\u0161ech boj\u016f a opakovan\u011b p\u0159ipom\u00ednala mezin\u00e1rodn\u00edmu spole\u010denstv\u00ed, \u017ee v souladu s Mao Ce-tungovou proz\u00edravou intuic\u00ed je boj palestinsk\u00e9ho lidu \u00fast\u0159edn\u00edm bodem v\u0161ech ostatn\u00edch boj\u016f za emancipaci.<\/span><\/div>\n<h3><strong><span dir=\"auto\">Od Maovy \u010c\u00edny po Ramaphosovu Ji\u017en\u00ed Afriku, jedno heslo: Palestina<\/span><\/strong><\/h3>\n<p><span dir=\"auto\">T\u00fdden p\u0159ed \u0161estidenn\u00ed v\u00e1lkou\u00a0<\/span><a href=\"https:\/\/www.marxists.org\/history\/erol\/china\/support-arab-people.pdf\"><span dir=\"auto\">ofici\u00e1ln\u00ed prohl\u00e1\u0161en\u00ed<\/span><\/a><span dir=\"auto\">\u00a0\u010d\u00ednsk\u00e9 vl\u00e1dy zd\u016fraznilo, \u017ee \u201e\u00a0<\/span><em><span dir=\"auto\">boj arabsk\u00fdch n\u00e1rod\u016f proti americk\u00e9mu imperialismu a sionismu je d\u016fle\u017eitou sou\u010d\u00e1st\u00ed glob\u00e1ln\u00edho boje proti imperialismu<\/span><\/em><span dir=\"auto\">\u00a0.\u201c Toto prohl\u00e1\u0161en\u00ed odr\u00e1\u017eelo vizi Mao Ce-tunga a \u010cou En-laje, pro kter\u00e9 byla arabsk\u00e1 antiimperialistick\u00e1 fronta \u0161t\u00edtem pro Asii i Afriku.<\/span><\/p>\n<div class=\"single-post-quote\">\n<div class=\"single-post-quote-text\"><span dir=\"auto\">Pretoria pomohla obnovit pravdu o \u00cdr\u00e1nsk\u00e9 isl\u00e1msk\u00e9 republice, kter\u00e1 se stala ob\u011bt\u00ed nejen vra\u017eedn\u00e9ho \u00fatoku izraelsko-washingtonsk\u00e9ho dua<\/span><\/div>\n<\/div>\n<p><span dir=\"auto\">\u010c\u00edna v jist\u00e9m smyslu na\u010drtla pl\u00e1n glob\u00e1ln\u00edho antiimperialistick\u00e9ho boje: ten mus\u00ed spo\u010d\u00edvat v solidarit\u011b mezi Asi\u00ed a Afrikou a spol\u00e9hat se na arabsk\u00fd sv\u011bt, kter\u00fd je v prvn\u00ed linii.<\/span><\/p>\n<p><span dir=\"auto\">Po propu\u0161t\u011bn\u00ed z v\u011bzen\u00ed apartheidu Nelson Mandela pronesl stejn\u00e9 pozorov\u00e1n\u00ed: \u201e\u00a0<\/span><em><span dir=\"auto\">P\u0159\u00edli\u0161 dob\u0159e v\u00edme, \u017ee na\u0161e svoboda je ne\u00fapln\u00e1 bez svobody Palestinc\u016f<\/span><\/em><span dir=\"auto\">\u00a0.\u201c V\u00fdznam t\u00e9to reality nikdy neopustil jihoafrick\u00e9ho bojovn\u00edka, kter\u00fd v roce 1999 znovu prohl\u00e1sil: \u201eJak\u00e9koli\u00a0<\/span><em><span dir=\"auto\">\u00a0\u0159e\u010di o m\u00edru z\u016fstanou pr\u00e1zdn\u00e9, dokud bude Izrael nad\u00e1le okupovat arabsk\u00e9 \u00fazem\u00ed<\/span><\/em><span dir=\"auto\">\u00a0\u201c \u2013 p\u0159ipom\u00ednka toho, \u017ee navzdory zru\u0161en\u00ed re\u017eimu apartheidu Jihoafrick\u00e1 republika nedokon\u010dila sv\u016fj boj za svobodu.<\/span><\/p>\n<p><span dir=\"auto\">Dnes, v kontextu imperialistick\u00e9 expanze, kter\u00e1 d\u011bs\u00ed sv\u011bt, se Jihoafrick\u00e1 republika Cyrila Ramaphosy rozhodla p\u0159evz\u00edt pochode\u0148 tohoto glob\u00e1ln\u00edho boje proti imperialismu a zakotvit ho v palestinsk\u00e9 kauze. Touto volbou n\u00e1m jihoafrick\u00fd prezident p\u0159ipom\u00edn\u00e1 nepopiratelnou pravdu: koloni\u00e1ln\u00ed historie sd\u00edlen\u00e1 zem\u011bmi BRICS a glob\u00e1ln\u00edm Jihem znamen\u00e1, \u017ee jsou p\u0159edur\u010deny k boji ve stejn\u00e9 bitv\u011b za emancipaci.<\/span><\/p>\n<h3><strong><span dir=\"auto\">Prvotn\u00ed h\u0159\u00edch Cyrila Ramaphosy<\/span><\/strong><\/h3>\n<p><span dir=\"auto\">Nikdo si jist\u011b nev\u0161imne, \u017ee prezidentstv\u00ed Cyrila Ramaphosy m\u011blo na mezin\u00e1rodn\u00ed sc\u00e9n\u011b seismick\u00fd dopad a dalo velkolep\u00fd impuls budov\u00e1n\u00ed multipolarity.<\/span><\/p>\n<p><span dir=\"auto\">Fakta mluv\u00ed sama za sebe: Ramaphosaova zem\u011b je nyn\u00ed spojov\u00e1na s prvn\u00edm v\u00fdznamn\u00fdm roz\u0161\u00ed\u0159en\u00edm skupiny BRICS o v\u00fdznamn\u00e9 africk\u00e9 a asijsk\u00e9 zem\u011b, v\u010detn\u011b Egypta a \u00cdr\u00e1nu. Je tak\u00e9 spojov\u00e1na s integrac\u00ed africk\u00e9ho kontinentu do ekonomick\u00e9ho f\u00f3ra G20, z n\u011bho\u017e byla Afrika d\u0159\u00edve vylou\u010dena. Je to op\u011bt st\u00edn Jihoafrick\u00e9 republiky, kter\u00fd vis\u00ed nad rozhodnut\u00edm Washingtonu bojkotovat leto\u0161n\u00ed sch\u016fzky G20, po\u0159\u00e1dan\u00e9 jihoafrick\u00fdm p\u0159edsednictv\u00edm. A to z dobr\u00e9ho d\u016fvodu: Pretoria prolomila tabu \u00fatokem na spojence, bez kter\u00e9ho by Spojen\u00e9 st\u00e1ty ji\u017e nebyly imp\u00e9riem: izraelsk\u00fd okupa\u010dn\u00ed re\u017eim.<\/span><\/p>\n<p><span dir=\"auto\">T\u00edm, \u017ee Ramaphosova zem\u011b za\u017ealovala Izrael u Mezin\u00e1rodn\u00edho soudn\u00edho dvora za poru\u0161en\u00ed \u00damluvy o genocid\u011b, zasadila t\u011b\u017ekou r\u00e1nu glob\u00e1ln\u00ed imperialistick\u00e9 oligarchii. Prost\u0159ednictv\u00edm tohoto \u0159\u00edzen\u00ed p\u0159ed nejvy\u0161\u0161\u00edm soudem OSN Jihoafrick\u00e1 republika nejen odhalila zv\u011brstva izraelsk\u00e9ho re\u017eimu \u2013 kter\u00fd, jak bylo v\u0161eobecn\u011b prok\u00e1z\u00e1no, zahrnuje zlo\u010diny apartheidu, etnick\u00fdch \u010distek a\u00a0<\/span><a href=\"https:\/\/docs.un.org\/en\/A\/79\/384\"><span dir=\"auto\">genocidy<\/span><\/a><span dir=\"auto\">\u00a0\u2013 ale tak\u00e9 obr\u00e1tila pozornost na sponzory a ochr\u00e1nce tohoto koloni\u00e1ln\u00edho re\u017eimu, konkr\u00e9tn\u011b Washington a jeho spojence v EU a NATO.<\/span><\/p>\n<p><span dir=\"auto\">Logicky se sponzo\u0159i tohoto pl\u00e1nu na zni\u010den\u00ed Palestinc\u016f c\u00edtili stejn\u011b ohro\u017eeni jako pachatel\u00e9. Nen\u00ed proto p\u0159ekvapiv\u00e9, \u017ee v USA a Evrop\u011b doch\u00e1z\u00ed ke zlomysln\u00e9mu obr\u00e1cen\u00ed obvin\u011bn\u00ed, kde jsou v\u0161ichni, kdo tento makabr\u00f3zn\u00ed pl\u00e1n odsuzuj\u00ed, pron\u00e1sledov\u00e1ni a bezosty\u0161n\u011b st\u00edh\u00e1ni za \u201eomlouv\u00e1n\u00ed se za terorismus\u201c. Ani zvl\u00e1\u0161tn\u00ed zpravodajka OSN pro okupovan\u00e1 palestinsk\u00e1 \u00fazem\u00ed, Italka Francesca Albanese, se imperialistick\u00e9mu me\u010di nevyhnula, proto\u017ee byla ihned po odhalen\u00ed\u00a0<\/span><a href=\"https:\/\/www.un.org\/unispal\/wp-content\/uploads\/2025\/06\/a-hrc-59-23-aev.pdf\"><span dir=\"auto\">jmen subjekt\u016f, kter\u00e9<\/span><\/a><span dir=\"auto\">\u00a0z t\u011bchto zlo\u010din\u016f proti lidskosti profitovaly, vystavena sankc\u00edm. Washington dovedl tento podvod a\u017e do bodu, kdy vydal v\u00fdkonn\u00e9 na\u0159\u00edzen\u00ed proti Ramaphosov\u011b zemi, obvinil ji z poru\u0161ov\u00e1n\u00ed \u201elidsk\u00fdch pr\u00e1v\u201c, p\u00e1ch\u00e1n\u00ed \u201egenocidy proti b\u00edl\u00fdm\u201c, pron\u00e1sledov\u00e1n\u00ed sv\u00e9ho izraelsk\u00e9ho spojence a dokonce i ze sbli\u017eov\u00e1n\u00ed s \u00cdr\u00e1nem.<\/span><\/p>\n<h3><strong><span dir=\"auto\">Bitva nen\u00ed vyhr\u00e1na, ale \u0161\u00ed\u0159\u00ed se jako po\u017e\u00e1r<\/span><\/strong><\/h3>\n<p><span dir=\"auto\">Pr\u00e1vn\u00ed kroky, kter\u00e9 Pretoria podnikla proti izraelsk\u00e9mu re\u017eimu, jsou pro Washington a jeho satelity o to hroziv\u011bj\u0161\u00ed, \u017ee zt\u011bles\u0148uj\u00ed politickou a pr\u00e1vn\u00ed spolupr\u00e1ci mezi africk\u00fdm a asijsk\u00fdm kontinentem, dv\u011bma regiony, kter\u00e9 koloni\u00e1ln\u00ed historie udr\u017eovala v opovr\u017een\u00ed a ignorov\u00e1n\u00ed jeden druh\u00e9ho. Tyto pr\u00e1vn\u00ed kroky nabyly tak\u00e9 glob\u00e1ln\u00edho rozm\u011bru, jeliko\u017e seznam zem\u00ed, kter\u00e9 se p\u0159ipojuj\u00ed k Pretoriin\u011b st\u00ed\u017enosti, neust\u00e1le roste, p\u0159i\u010dem\u017e Braz\u00edlie je nejnov\u011bj\u0161\u00edm p\u0159\u00edr\u016fstkem. Tuto globalizaci antiimperialistick\u00e9 vzpoury d\u00e1le potvrzuje vytvo\u0159en\u00ed Haagsk\u00e9 skupiny,\u00a0<\/span><a href=\"https:\/\/www.cetri.be\/Le-Groupe-de-La-Haye-et-la\"><span dir=\"auto\">glob\u00e1ln\u00ed koalice<\/span><\/a><span dir=\"auto\">\u00a0proti genocid\u011b v Palestin\u011b, veden\u00e9 Jihoafrickou republikou a Kolumbi\u00ed, kter\u00e1 si dala za \u00fakol p\u0159ev\u00e9st nespo\u010detn\u00e1 odsouzen\u00ed izraelsk\u00e9ho okupa\u010dn\u00edho re\u017eimu ze strany mezin\u00e1rodn\u00edch soud\u016f a org\u00e1n\u016f OSN do konkr\u00e9tn\u00edch \u010din\u016f.<\/span><\/p>\n<p><span dir=\"auto\">Nav\u00edc v kontextu imperialistick\u00fdch dobyva\u010dn\u00fdch v\u00e1lek v z\u00e1padn\u00ed Asii (od palestinsk\u00fdch \u00fazem\u00ed po \u00cdr\u00e1n, p\u0159es Libanon, S\u00fdrii a Jemen) m\u011bly pretori\u00e1nsk\u00e9 iniciativy za n\u00e1sledek legitimizaci ozbrojen\u00e9ho boje region\u00e1ln\u00edch hnut\u00ed odporu a vytv\u00e1\u0159ej\u00ed jednozna\u010dnou paralelu mezi ozbrojen\u00fdm bojem ANC proti jihoafrick\u00e9mu re\u017eimu apartheidu a ozbrojen\u00fdm bojem Osy odporu proti izraelsk\u00e9mu kolonialistick\u00e9mu re\u017eimu a jeho euroatlantick\u00fdm sponzor\u016fm.<\/span><\/p>\n<p><span dir=\"auto\">Podobn\u011b Pretoria pomohla\u00a0<\/span><a href=\"https:\/\/dirco.gov.za\/south-africa-condemns-israeli-attacks-on-iran\/\"><span dir=\"auto\">obnovit pravdu<\/span><\/a><span dir=\"auto\">\u00a0o \u00cdr\u00e1nsk\u00e9 isl\u00e1msk\u00e9 republice, kter\u00e1 se stala ob\u011bt\u00ed nejen vra\u017eedn\u00e9ho \u00fatoku izraelsko-washingtonsk\u00e9ho dua, ale tak\u00e9 z\u00e1plavy medi\u00e1ln\u00edch l\u017e\u00ed, jejich\u017e c\u00edlem je legitimizovat nov\u00e9 poru\u0161en\u00ed mezin\u00e1rodn\u00edho pr\u00e1va izraelsko-atlantickou osou \u2013 s neochv\u011bjn\u00fdm souhlasem Evropsk\u00e9 unie.<\/span><\/p>\n<p><span dir=\"auto\">Pretoria proto vr\u00e1tila zdrav\u00fd rozum do centra debaty: izraelsk\u00fd okupa\u010dn\u00ed re\u017eim je, m\u00edrn\u011b \u0159e\u010deno, nelegitimn\u00ed, proto\u017ee je kolonialistick\u00fdm, segrega\u010dn\u00edm, expanzivn\u00edm a genocidn\u00edm re\u017eimem.<\/span><\/p>\n<p><span dir=\"auto\">\u00dasp\u011b\u0161n\u00fdm sjednocen\u00edm Afriky, Asie a Latinsk\u00e9 Ameriky nab\u00fdvaj\u00ed jihoafrick\u00e9 iniciativy Cyrila Ramaphosy nevyhnuteln\u011b postimperialistick\u00e9ho rozm\u011bru, kter\u00fd odr\u00e1\u017e\u00ed nejen Mao Ce-tungovu \u017e\u00edze\u0148 po svobod\u011b, ale tak\u00e9 velk\u00fd pochod BRICS a glob\u00e1ln\u00edho Jihu k multipol\u00e1rn\u00edmu sv\u011btu \u2013 skrze krvav\u00e9 r\u00e1ny Palestiny.<\/span><\/p>\n<p><strong><em><span dir=\"auto\">Lama El Horr, PhD, je zakl\u00e1daj\u00edc\u00ed redaktorkou \u010dasopisu\u00a0\u00a0<\/span><\/em><\/strong><a href=\"https:\/\/chinabeyondthewall.org\/\"><strong><em><span dir=\"auto\">China Beyond the Wall<\/span><\/em><\/strong><\/a><span dir=\"auto\">\u00a0.\u00a0<\/span><strong><em><span dir=\"auto\">\u00a0Je geopolitickou konzultantkou a analyti\u010dkou specializuj\u00edc\u00ed se na \u010d\u00ednskou zahrani\u010dn\u00ed politiku a geopolitiku.<\/span><\/em><\/strong><\/p>\n<p>&nbsp;<\/p>\n","protected":false},"excerpt":{"rendered":"<p>Ve sv\u011bt\u011b ovl\u00e1dan\u00e9m sv\u00e9voln\u00fdm pou\u017e\u00edv\u00e1n\u00edm s\u00edly se hojn\u011b vyskytuj\u00ed spravedliv\u00e9 kauzy. Existuje v\u0161ak jedna, kter\u00e1&#8230;<\/p>\n","protected":false},"author":2,"featured_media":84538,"comment_status":"closed","ping_status":"closed","sticky":false,"template":"","format":"standard","meta":[],"categories":[7],"tags":[1042,2181,900],"_links":{"self":[{"href":"https:\/\/www.infokuryr.cz\/n\/wp-json\/wp\/v2\/posts\/84537"}],"collection":[{"href":"https:\/\/www.infokuryr.cz\/n\/wp-json\/wp\/v2\/posts"}],"about":[{"href":"https:\/\/www.infokuryr.cz\/n\/wp-json\/wp\/v2\/types\/post"}],"author":[{"embeddable":true,"href":"https:\/\/www.infokuryr.cz\/n\/wp-json\/wp\/v2\/users\/2"}],"replies":[{"embeddable":true,"href":"https:\/\/www.infokuryr.cz\/n\/wp-json\/wp\/v2\/comments?post=84537"}],"version-history":[{"count":0,"href":"https:\/\/www.infokuryr.cz\/n\/wp-json\/wp\/v2\/posts\/84537\/revisions"}],"wp:featuredmedia":[{"embeddable":true,"href":"https:\/\/www.infokuryr.cz\/n\/wp-json\/wp\/v2\/media\/84538"}],"wp:attachment":[{"href":"https:\/\/www.infokuryr.cz\/n\/wp-json\/wp\/v2\/media?parent=84537"}],"wp:term":[{"taxonomy":"category","embeddable":true,"href":"https:\/\/www.infokuryr.cz\/n\/wp-json\/wp\/v2\/categories?post=84537"},{"taxonomy":"post_tag","embeddable":true,"href":"https:\/\/www.infokuryr.cz\/n\/wp-json\/wp\/v2\/tags?post=84537"}],"curies":[{"name":"wp","href":"https:\/\/api.w.org\/{rel}","templated":true}]}}