{"id":84524,"date":"2025-07-29T00:25:16","date_gmt":"2025-07-28T22:25:16","guid":{"rendered":"https:\/\/www.infokuryr.cz\/n\/?p=84524"},"modified":"2025-07-28T12:19:59","modified_gmt":"2025-07-28T10:19:59","slug":"syrsky-lekar-v-nemecku-dostal-4-roky-vezeni-za-znasilneni-14lete-divky-v-nemocnici","status":"publish","type":"post","link":"https:\/\/www.infokuryr.cz\/n\/2025\/07\/29\/syrsky-lekar-v-nemecku-dostal-4-roky-vezeni-za-znasilneni-14lete-divky-v-nemocnici\/","title":{"rendered":"Syrsk\u00fd l\u00e9ka\u0159 v N\u011bmecku dostal 4 roky v\u011bzen\u00ed za zn\u00e1siln\u011bn\u00ed 14let\u00e9 d\u00edvky v nemocnici"},"content":{"rendered":"<div id=\"fb-root\"><\/div>\n<h3 class=\"s-tagline fw-tagline\"><span dir=\"auto\">N\u011bmeck\u00fd soud rozhodl, \u017ee zahrani\u010dn\u00ed kardiolog nal\u00e1kal dosp\u00edvaj\u00edc\u00ed d\u00edvku, se kterou se sezn\u00e1mil online, do sv\u00e9 kliniky b\u011bhem v\u00edkendov\u00e9 sm\u011bny a n\u011bkolikr\u00e1t ji zn\u00e1silnil.<\/span><\/h3>\n<div class=\"entry-content rbct clearfix is-highlight-shares\">\n<p><span dir=\"auto\">\u0160estapades\u00e1tilet\u00fd l\u00e9ka\u0159 syrsk\u00e9ho p\u016fvodu \u017eij\u00edc\u00ed v N\u011bmecku byl odsouzen ke \u010dty\u0159em let\u016fm a t\u0159em m\u011bs\u00edc\u016fm v\u011bzen\u00ed za zn\u00e1siln\u011bn\u00ed \u010dtrn\u00e1ctilet\u00e9 d\u00edvky ve sv\u00e9 ordinaci v nemocnici v Doln\u00edm Sasku.<\/span><\/p>\n<p><span dir=\"auto\">Rozsudek vynesl ve \u010dtvrtek zemsk\u00fd soud v Osnabr\u00fccku po procesu, kter\u00fd se konal p\u0159ev\u00e1\u017en\u011b za zav\u0159en\u00fdmi dve\u0159mi na ochranu nezletil\u00e9 ob\u011bti.<\/span><\/p>\n<p><span dir=\"auto\">Jak informoval\u00a0<\/span><a href=\"https:\/\/www.ndr.de\/nachrichten\/niedersachsen\/osnabrueck_emsland\/14-jaehrige-vergewaltigt-arzt-zu-vier-jahren-haft-verurteilt,missbrauch2588.html\"><span dir=\"auto\">NDR<\/span><\/a><span dir=\"auto\">\u00a0, soud zjistil, \u017ee l\u00e9ka\u0159, specialista na srde\u010dn\u00ed onemocn\u011bn\u00ed pracuj\u00edc\u00ed na klinice Sch\u00fcchtermann v Bad Rothenfelde, se s teenagerkou sezn\u00e1mil prost\u0159ednictv\u00edm internetov\u00e9ho chatu. V prosinci 2023 ji vyzvedl na hlavn\u00edm n\u00e1dra\u017e\u00ed v Osnabr\u00fccku a b\u011bhem sv\u00e9 v\u00edkendov\u00e9 sm\u011bny ji p\u0159ivedl na kliniku bo\u010dn\u00edm vchodem. Koleg\u016fm \u0159ekl, \u017ee odch\u00e1z\u00ed, aby se staral o svou nemocnou man\u017eelku.<\/span><\/p>\n<p><span dir=\"auto\">Podle rozsudku l\u00e9ka\u0159 d\u00edvku ve sv\u00e9 ordinaci opakovan\u011b zn\u00e1silnil, a to i p\u0159es jej\u00ed protesty a projevy bolesti. Po napaden\u00ed j\u00ed dal 100 eur a doprovodil ji zp\u011bt na stanici. D\u00edvka incident nahl\u00e1sila policii je\u0161t\u011b tent\u00fd\u017e ve\u010der.<\/span><\/p>\n<p><span dir=\"auto\">Teenager nebyl pacientem kliniky. St\u00e1tn\u00ed z\u00e1stupci popsali, jak si l\u00e9ka\u0159 vytvo\u0159il fale\u0161nou z\u00e1minku, aby opustil sv\u00e9 povinnosti a byl s d\u00edvkou o samot\u011b, a dokonce pod z\u00e1minkou, \u017ee jeho \u017een\u011b p\u00edchne infuzi, po\u017e\u00e1dal zdravotn\u00ed sestru, aby na\u0161la lepic\u00ed p\u00e1sku.<\/span><\/p>\n<p><span dir=\"auto\">L\u00e9ka\u0159 pop\u0159el, \u017ee by d\u00edvku zn\u00e1silnil, ale p\u0159iznal sexu\u00e1ln\u00ed kontakt s tvrzen\u00edm, \u017ee k n\u011bmu do\u0161lo s dobrovoln\u00fdm souhlasem. Jeho pr\u00e1vn\u00edk, Dr. van Lengerich, argumentoval, \u017ee d\u00edvka nikdy nevyj\u00e1d\u0159ila n\u00e1mitky, a zpochybnil v\u011brohodnost jej\u00ed v\u00fdpov\u011bdi s t\u00edm, \u017ee jej\u00ed v\u00fdpov\u011b\u010f mohla ovlivnit terapie p\u0159ed soudn\u00edm procesem. \u201eSugestivn\u00ed vlivy jsou u takov\u00fdch terapi\u00ed dob\u0159e zaveden\u00e9,\u201c \u0159ekl a tak\u00e9 tvrdil, \u017ee d\u00edvka mohla jednat ze strachu p\u0159ed rodi\u010di.<\/span><\/p>\n<p><span dir=\"auto\">Navzdory t\u011bmto tvrzen\u00edm soud shledal d\u00edv\u010dinu v\u00fdpov\u011b\u010f konzistentn\u00ed a d\u016fv\u011bryhodnou. Soudci dosp\u011bli k z\u00e1v\u011bru, \u017ee mu\u017e d\u00edvku zn\u00e1silnil a zranil, jeliko\u017e d\u00edvka b\u011bhem setk\u00e1n\u00ed jasn\u011b dala najevo svou neochotu.<\/span><\/p>\n<p><span dir=\"auto\">Odm\u00edtla n\u011bkolik nab\u00eddek finan\u010dn\u00edho vyrovn\u00e1n\u00ed, v\u010detn\u011b jedn\u00e9 ve v\u00fd\u0161i 12 000 eur.<\/span><\/p>\n<p><span dir=\"auto\">Kone\u010dn\u00fd trest byl v\u00fdrazn\u011b ni\u017e\u0161\u00ed ne\u017e 15let\u00fd trest povolen\u00fd podle n\u011bmeck\u00e9ho pr\u00e1va za takov\u00e9 trestn\u00e9 \u010diny.<\/span><\/p>\n<p><span dir=\"auto\">L\u00e9ka\u0159 m\u00e1 na odvol\u00e1n\u00ed jeden t\u00fdden. Jeho pr\u00e1vn\u00edk odm\u00edtl sd\u011blit, zda tuto mo\u017enost vyu\u017eije.<\/span><\/p>\n<p><img decoding=\"async\" loading=\"lazy\" class=\"alignnone size-full wp-image-1185\" src=\"http:\/\/www.infokuryr.cz\/n\/wp-content\/uploads\/2021\/04\/kuryr-podpis.png\" alt=\"\" width=\"84\" height=\"24\" \/><\/p>\n<p>&nbsp;<\/p>\n<\/div>\n<div class=\"entry-bottom\">\n<div id=\"text-3\" class=\"widget entry-widget clearfix widget_text\">\n<div class=\"textwidget\">\n<div class=\"related-sec related-5\">\n<div class=\"inner\">\n<div class=\"block-h heading-layout-5\">\n<div class=\"heading-inner\"><\/div>\n<\/div>\n<\/div>\n<\/div>\n<\/div>\n<\/div>\n<\/div>\n","protected":false},"excerpt":{"rendered":"<p>N\u011bmeck\u00fd soud rozhodl, \u017ee zahrani\u010dn\u00ed kardiolog nal\u00e1kal dosp\u00edvaj\u00edc\u00ed d\u00edvku, se kterou se sezn\u00e1mil online, do&#8230;<\/p>\n","protected":false},"author":2,"featured_media":84525,"comment_status":"closed","ping_status":"closed","sticky":false,"template":"","format":"standard","meta":[],"categories":[7],"tags":[551,630,84,366],"_links":{"self":[{"href":"https:\/\/www.infokuryr.cz\/n\/wp-json\/wp\/v2\/posts\/84524"}],"collection":[{"href":"https:\/\/www.infokuryr.cz\/n\/wp-json\/wp\/v2\/posts"}],"about":[{"href":"https:\/\/www.infokuryr.cz\/n\/wp-json\/wp\/v2\/types\/post"}],"author":[{"embeddable":true,"href":"https:\/\/www.infokuryr.cz\/n\/wp-json\/wp\/v2\/users\/2"}],"replies":[{"embeddable":true,"href":"https:\/\/www.infokuryr.cz\/n\/wp-json\/wp\/v2\/comments?post=84524"}],"version-history":[{"count":0,"href":"https:\/\/www.infokuryr.cz\/n\/wp-json\/wp\/v2\/posts\/84524\/revisions"}],"wp:featuredmedia":[{"embeddable":true,"href":"https:\/\/www.infokuryr.cz\/n\/wp-json\/wp\/v2\/media\/84525"}],"wp:attachment":[{"href":"https:\/\/www.infokuryr.cz\/n\/wp-json\/wp\/v2\/media?parent=84524"}],"wp:term":[{"taxonomy":"category","embeddable":true,"href":"https:\/\/www.infokuryr.cz\/n\/wp-json\/wp\/v2\/categories?post=84524"},{"taxonomy":"post_tag","embeddable":true,"href":"https:\/\/www.infokuryr.cz\/n\/wp-json\/wp\/v2\/tags?post=84524"}],"curies":[{"name":"wp","href":"https:\/\/api.w.org\/{rel}","templated":true}]}}