{"id":84496,"date":"2025-07-29T00:11:33","date_gmt":"2025-07-28T22:11:33","guid":{"rendered":"https:\/\/www.infokuryr.cz\/n\/?p=84496"},"modified":"2025-07-28T10:54:16","modified_gmt":"2025-07-28T08:54:16","slug":"kennedy-zeme-s-nejmensim-poctem-ockovani-maji-nejnizsi-umrtnost","status":"publish","type":"post","link":"https:\/\/www.infokuryr.cz\/n\/2025\/07\/29\/kennedy-zeme-s-nejmensim-poctem-ockovani-maji-nejnizsi-umrtnost\/","title":{"rendered":"Kennedy: Zem\u011b s nejmen\u0161\u00edm po\u010dtem o\u010dkov\u00e1n\u00ed maj\u00ed nejni\u017e\u0161\u00ed \u00famrtnost"},"content":{"rendered":"<div id=\"fb-root\"><\/div>\n<div class=\"elementor-element elementor-element-1fb4c2c elementor-widget elementor-widget-theme-post-content\" data-id=\"1fb4c2c\" data-element_type=\"widget\" data-widget_type=\"theme-post-content.default\">\n<div class=\"elementor-widget-container\">\n<p><span dir=\"auto\">Robert F. Kennedy Jr. odhalil, \u017ee zem\u011b, kde bylo proti koronaviru o\u010dkov\u00e1no jen m\u00e1lo lid\u00ed nebo v\u016fbec \u017e\u00e1dn\u00e9, m\u011bly drasticky ni\u017e\u0161\u00ed \u00famrtnost ne\u017e zem\u011b s vysokou m\u00edrou proo\u010dkovanosti.<\/span><\/p>\n<p><span dir=\"auto\">V na\u0161em p\u0159\u00edpad\u011b byla \u00famrtnost 200kr\u00e1t vy\u0161\u0161\u00ed ne\u017e v zem\u00edch, kde o\u010dkov\u00e1n\u00ed prakticky neprob\u00edhalo, uvedl tento t\u00fdden Kennedy v rozhovoru s Andr\u00e9 Marinhem.<\/span><\/p>\n<p><span dir=\"auto\">P\u0159\u00edmo\u00a0<\/span><a href=\"https:\/\/www.youtube.com\/watch?v=Bzv8CyKnYqE\" target=\"_blank\" rel=\"noreferrer noopener\" data-type=\"link\" data-id=\"https:\/\/www.youtube.com\/watch?v=Bzv8CyKnYqE\"><span dir=\"auto\">k videu:<\/span><\/a><\/p>\n<p><iframe loading=\"lazy\" src=\"https:\/\/www.bitchute.com\/embed\/aW0K5iioGp0G\/\" width=\"640\" height=\"360\" frameborder=\"0\" scrolling=\"no\" data-mce-fragment=\"1\"><\/iframe><span dir=\"auto\">Zem\u011b s nejni\u017e\u0161\u00ed proo\u010dkovanost\u00ed m\u011bly b\u011bhem koronavirov\u00e9 pandemie nejni\u017e\u0161\u00ed \u00famrtnost, dodal.<\/span><\/p>\n<p><span dir=\"auto\">Na Haiti a v Nig\u00e9rii zem\u0159elo p\u0159ibli\u017en\u011b 14 lid\u00ed na milion obyvatel, ve srovn\u00e1n\u00ed s 3 000 lidmi na milion obyvatel ve Spojen\u00fdch st\u00e1tech.<\/span><\/p>\n<p><span dir=\"auto\">Na Haiti byla m\u00edra proo\u010dkovanosti 1,3 procenta: \u201eO\u010dkov\u00e1no bylo jen velmi m\u00e1lo lid\u00ed, ale zd\u00e1 se, \u017ee na Haiti v\u016fbec nedo\u0161lo k \u017e\u00e1dn\u00e9 pandemii koronaviru,\u201c zd\u016fraznil ministr Kennedy.<\/span><\/p>\n<p><strong><span dir=\"auto\">Kompletn\u00ed rozhovor:<\/span><\/strong><\/p>\n<figure class=\"wp-block-embed is-type-video is-provider-youtube wp-block-embed-youtube wp-embed-aspect-16-9 wp-has-aspect-ratio\">\n<div class=\"wp-block-embed__wrapper\"><iframe loading=\"lazy\" title=\"EXKLUZIVN\u011a: ROBERT KENNEDY JR. FALA DE TRUMP, SA\u00daDE E POL\u00caMICAS | Vozes do Poder s Andr\u00e9 Marinhem\" src=\"https:\/\/www.youtube.com\/embed\/Bzv8CyKnYqE?feature=oembed\" width=\"800\" height=\"450\" frameborder=\"0\" allowfullscreen=\"allowfullscreen\" data-mce-fragment=\"1\"><\/iframe><\/div>\n<\/figure>\n<\/div>\n<\/div>\n<div class=\"elementor-element elementor-element-46a8472 elementor-grid-3 elementor-grid-tablet-2 elementor-grid-mobile-1 elementor-posts--thumbnail-top elementor-widget elementor-widget-posts\" data-id=\"46a8472\" data-element_type=\"widget\" data-settings=\"{&quot;classic_row_gap&quot;:{&quot;unit&quot;:&quot;px&quot;,&quot;size&quot;:25,&quot;sizes&quot;:[]},&quot;classic_columns&quot;:&quot;3&quot;,&quot;classic_columns_tablet&quot;:&quot;2&quot;,&quot;classic_columns_mobile&quot;:&quot;1&quot;,&quot;classic_row_gap_tablet&quot;:{&quot;unit&quot;:&quot;px&quot;,&quot;size&quot;:&quot;&quot;,&quot;sizes&quot;:[]},&quot;classic_row_gap_mobile&quot;:{&quot;unit&quot;:&quot;px&quot;,&quot;size&quot;:&quot;&quot;,&quot;sizes&quot;:[]}}\" data-widget_type=\"posts.classic\">\n<div class=\"elementor-widget-container\">\n<div class=\"elementor-posts-container elementor-posts elementor-posts--skin-classic elementor-grid elementor-has-item-ratio\" role=\"list\"><img decoding=\"async\" loading=\"lazy\" class=\"alignnone size-full wp-image-1185\" src=\"http:\/\/www.infokuryr.cz\/n\/wp-content\/uploads\/2021\/04\/kuryr-podpis.png\" alt=\"\" width=\"84\" height=\"24\" \/><\/div>\n<\/div>\n<\/div>\n","protected":false},"excerpt":{"rendered":"<p>Robert F. Kennedy Jr. odhalil, \u017ee zem\u011b, kde bylo proti koronaviru o\u010dkov\u00e1no jen m\u00e1lo lid\u00ed&#8230;<\/p>\n","protected":false},"author":2,"featured_media":77905,"comment_status":"closed","ping_status":"closed","sticky":false,"template":"","format":"standard","meta":[],"categories":[7],"tags":[1468,213,1569],"_links":{"self":[{"href":"https:\/\/www.infokuryr.cz\/n\/wp-json\/wp\/v2\/posts\/84496"}],"collection":[{"href":"https:\/\/www.infokuryr.cz\/n\/wp-json\/wp\/v2\/posts"}],"about":[{"href":"https:\/\/www.infokuryr.cz\/n\/wp-json\/wp\/v2\/types\/post"}],"author":[{"embeddable":true,"href":"https:\/\/www.infokuryr.cz\/n\/wp-json\/wp\/v2\/users\/2"}],"replies":[{"embeddable":true,"href":"https:\/\/www.infokuryr.cz\/n\/wp-json\/wp\/v2\/comments?post=84496"}],"version-history":[{"count":1,"href":"https:\/\/www.infokuryr.cz\/n\/wp-json\/wp\/v2\/posts\/84496\/revisions"}],"predecessor-version":[{"id":84497,"href":"https:\/\/www.infokuryr.cz\/n\/wp-json\/wp\/v2\/posts\/84496\/revisions\/84497"}],"wp:featuredmedia":[{"embeddable":true,"href":"https:\/\/www.infokuryr.cz\/n\/wp-json\/wp\/v2\/media\/77905"}],"wp:attachment":[{"href":"https:\/\/www.infokuryr.cz\/n\/wp-json\/wp\/v2\/media?parent=84496"}],"wp:term":[{"taxonomy":"category","embeddable":true,"href":"https:\/\/www.infokuryr.cz\/n\/wp-json\/wp\/v2\/categories?post=84496"},{"taxonomy":"post_tag","embeddable":true,"href":"https:\/\/www.infokuryr.cz\/n\/wp-json\/wp\/v2\/tags?post=84496"}],"curies":[{"name":"wp","href":"https:\/\/api.w.org\/{rel}","templated":true}]}}