{"id":8449,"date":"2022-02-21T04:10:12","date_gmt":"2022-02-21T03:10:12","guid":{"rendered":"http:\/\/www.infokuryr.cz\/n\/?p=8449"},"modified":"2022-02-21T04:10:12","modified_gmt":"2022-02-21T03:10:12","slug":"pripravuje-soucasna-fialova-vlada-pritvrzeni-boje-proti-nepohodlnym-webum-a-mediim","status":"publish","type":"post","link":"https:\/\/www.infokuryr.cz\/n\/2022\/02\/21\/pripravuje-soucasna-fialova-vlada-pritvrzeni-boje-proti-nepohodlnym-webum-a-mediim\/","title":{"rendered":"P\u0159ipravuje sou\u010dasn\u00e1 Fialova vl\u00e1da p\u0159itvrzen\u00ed boje proti nepohodln\u00fdm web\u016fm a medi\u00edm?"},"content":{"rendered":"<div id=\"fb-root\"><\/div>\n<div><strong>V zaj\u00edmav\u00e9m \u010dl\u00e1nku &#8211;\u00a0<a href=\"https:\/\/www.forum24.cz\/fialuv-poradce-klima-az-se-zmeni-zakon-bude-nutne-zvolit-vsechny-cleny-rady-ct-i-cro-znovu\">Fial\u016fv poradce Kl\u00edma: A\u017e se zm\u011bn\u00ed z\u00e1kon, bude nutn\u00e9 zvolit v\u0161echny \u010dleny Rady \u010cT i \u010cRo znovu\u00a0<\/a>&#8211; zazn\u011bla dosti z\u00e1sadn\u00ed informace o tom, jak sou\u010dasn\u00e1 vl\u00e1da hodl\u00e1 zav\u00e9st bol\u0161evick\u00e9 metody likvidace nepohodln\u00fdch soukrom\u00fdch medi\u00ed a web\u016f:\u00a0<\/strong><strong><em>&#8222;To nen\u00ed o tom, \u017ee by byl n\u011bkdo vy\u0159azov\u00e1n a priori pro svoje jm\u00e9no. Pokud n\u011bkdo v tuto chv\u00edli je ozna\u010den za dezinforma\u010dn\u00ed m\u00e9dium, m\u016f\u017ee na dan\u00e1 krit\u00e9ria p\u0159istoupit a za\u010d\u00edt sv\u00e9 zpr\u00e1vy ov\u011b\u0159ovat a tak d\u00e1le. Je to o nastaven\u00ed.&#8220;<\/em><\/strong><\/div>\n<div><\/div>\n<div>Martin Gust to trefn\u011b komentuje:\u00a0<em>Proste kdy\u017e p\u0159istoup\u00edte na na\u0161e krit\u00e9ria, tak se v\u00e1m nic nestane. \ud83d\ude01\u00a0\u00a0Tenhle zp\u016fsob &#8222;ozdravov\u00e1ni medi\u00e1ln\u00edho prostoru&#8220; mi n\u011bco p\u0159ipom\u00edn\u00e1.<\/em><\/div>\n<div>\n<a href=\"https:\/\/www.eurabia.cz\/Articles\/66435-pripravuje-soucasna-fialova-vlada-pritvrzeni-boje-proti-nepohodlnym-webum-a-mediim-.aspx\">EURABIA<\/a><\/div>\n<div><\/div>\n<div><\/div>\n","protected":false},"excerpt":{"rendered":"<p>V zaj\u00edmav\u00e9m \u010dl\u00e1nku &#8211;\u00a0Fial\u016fv poradce Kl\u00edma: A\u017e se zm\u011bn\u00ed z\u00e1kon, bude nutn\u00e9 zvolit v\u0161echny \u010dleny&#8230;<\/p>\n","protected":false},"author":2,"featured_media":1636,"comment_status":"closed","ping_status":"closed","sticky":false,"template":"","format":"standard","meta":[],"categories":[6],"tags":[63,535,48,99],"_links":{"self":[{"href":"https:\/\/www.infokuryr.cz\/n\/wp-json\/wp\/v2\/posts\/8449"}],"collection":[{"href":"https:\/\/www.infokuryr.cz\/n\/wp-json\/wp\/v2\/posts"}],"about":[{"href":"https:\/\/www.infokuryr.cz\/n\/wp-json\/wp\/v2\/types\/post"}],"author":[{"embeddable":true,"href":"https:\/\/www.infokuryr.cz\/n\/wp-json\/wp\/v2\/users\/2"}],"replies":[{"embeddable":true,"href":"https:\/\/www.infokuryr.cz\/n\/wp-json\/wp\/v2\/comments?post=8449"}],"version-history":[{"count":0,"href":"https:\/\/www.infokuryr.cz\/n\/wp-json\/wp\/v2\/posts\/8449\/revisions"}],"wp:featuredmedia":[{"embeddable":true,"href":"https:\/\/www.infokuryr.cz\/n\/wp-json\/wp\/v2\/media\/1636"}],"wp:attachment":[{"href":"https:\/\/www.infokuryr.cz\/n\/wp-json\/wp\/v2\/media?parent=8449"}],"wp:term":[{"taxonomy":"category","embeddable":true,"href":"https:\/\/www.infokuryr.cz\/n\/wp-json\/wp\/v2\/categories?post=8449"},{"taxonomy":"post_tag","embeddable":true,"href":"https:\/\/www.infokuryr.cz\/n\/wp-json\/wp\/v2\/tags?post=8449"}],"curies":[{"name":"wp","href":"https:\/\/api.w.org\/{rel}","templated":true}]}}