{"id":84482,"date":"2025-07-28T06:26:43","date_gmt":"2025-07-28T04:26:43","guid":{"rendered":"https:\/\/www.infokuryr.cz\/n\/?p=84482"},"modified":"2025-07-28T06:26:43","modified_gmt":"2025-07-28T04:26:43","slug":"nekolik-mrtvych-po-zeleznicni-nehode-v-nemecku","status":"publish","type":"post","link":"https:\/\/www.infokuryr.cz\/n\/2025\/07\/28\/nekolik-mrtvych-po-zeleznicni-nehode-v-nemecku\/","title":{"rendered":"N\u011bkolik mrtv\u00fdch po \u017eelezni\u010dn\u00ed nehod\u011b v N\u011bmecku"},"content":{"rendered":"<div id=\"fb-root\"><\/div>\n<h3>P\u0159i incidentu vlaku p\u0159epravuj\u00edc\u00edho asi 100 cestuj\u00edc\u00edch byly \u00fadajn\u011b zran\u011bny des\u00edtky dal\u0161\u00edch lid\u00ed.<\/h3>\n<p><span>Nejm\u00e9n\u011b t\u0159i lid\u00e9 zem\u0159eli p\u0159i velk\u00e9 \u017eelezni\u010dn\u00ed nehod\u011b v n\u011bmeck\u00e9 spolkov\u00e9 zemi B\u00e1densko-W\u00fcrttembersko na jihoz\u00e1pad\u011b zem\u011b, informoval bulv\u00e1rn\u00ed den\u00edk Bild s odvol\u00e1n\u00edm na policii. V ned\u011bli ve\u010der vlak sjel z kolej\u00ed v zalesn\u011bn\u00e9 oblasti asi 50 kilometr\u016f z\u00e1padn\u011b od m\u011bsta Ulm s p\u0159ibli\u017en\u011b 100 cestuj\u00edc\u00edmi.<\/span><\/p>\n<p><em><span>\u201eP\u0159i nehod\u011b byly zran\u011bny des\u00edtky\u201c<\/span><\/em><span>\u00a0lid\u00ed, \u0159ekl novin\u00e1\u0159\u016fm region\u00e1ln\u00ed ministr vnitra Thomas Strobl. Dodal, \u017ee v\u0161ichni ve vlaku byli evakuov\u00e1ni. Dodal, \u017ee n\u011bkte\u0159\u00ed lid\u00e9 by st\u00e1le mohli b\u00fdt uv\u011bzn\u011bni pod troskami a vykolejen\u00edm vag\u00f3n\u016f.<\/span><\/p>\n<p><span>M\u00edstn\u00ed m\u00e9dia s odvol\u00e1n\u00edm na z\u00e1chrann\u00e9 slo\u017eky uv\u00e1d\u011bj\u00ed po\u010det zran\u011bn\u00fdch na 34. T\u0159i jsou \u00fadajn\u011b v kritick\u00e9m stavu. \u00da\u0159ady se k t\u011bmto \u010d\u00edsl\u016fm nevyj\u00e1d\u0159ily.<\/span><\/p>\n<p><span>Kancl\u00e9\u0159 Friedrich Merz vyj\u00e1d\u0159il soustrast bl\u00edzk\u00fdm ob\u011bt\u00ed a uvedl, \u017ee je ud\u00e1lost\u00ed\u00a0<\/span><em><span>\u201ezdrcen\u201c<\/span><\/em><span>\u00a0. Nesd\u011blil \u017e\u00e1dn\u00e9 \u00fadaje o ob\u011btech.<\/span><\/p>\n<div class=\"rtcode\">\n<div class=\"twitter-tweet twitter-tweet-rendered\"><iframe id=\"twitter-widget-0\" class=\"\" title=\"X P\u0159\u00edsp\u011bvek\" src=\"https:\/\/platform.twitter.com\/embed\/Tweet.html?creatorScreenName=RT_com&amp;dnt=false&amp;embedId=twitter-widget-0&amp;features=eyJ0ZndfdGltZWxpbmVfbGlzdCI6eyJidWNrZXQiOltdLCJ2ZXJzaW9uIjpudWxsfSwidGZ3X2ZvbGxvd2VyX2NvdW50X3N1bnNldCI6eyJidWNrZXQiOnRydWUsInZlcnNpb24iOm51bGx9LCJ0ZndfdHdlZXRfZWRpdF9iYWNrZW5kIjp7ImJ1Y2tldCI6Im9uIiwidmVyc2lvbiI6bnVsbH0sInRmd19yZWZzcmNfc2Vzc2lvbiI6eyJidWNrZXQiOiJvbiIsInZlcnNpb24iOm51bGx9LCJ0ZndfZm9zbnJfc29mdF9pbnRlcnZlbnRpb25zX2VuYWJsZWQiOnsiYnVja2V0Ijoib24iLCJ2ZXJzaW9uIjpudWxsfSwidGZ3X21peGVkX21lZGlhXzE1ODk3Ijp7ImJ1Y2tldCI6InRyZWF0bWVudCIsInZlcnNpb24iOm51bGx9LCJ0ZndfZXhwZXJpbWVudHNfY29va2llX2V4cGlyYXRpb24iOnsiYnVja2V0IjoxMjA5NjAwLCJ2ZXJzaW9uIjpudWxsfSwidGZ3X3Nob3dfYmlyZHdhdGNoX3Bpdm90c19lbmFibGVkIjp7ImJ1Y2tldCI6Im9uIiwidmVyc2lvbiI6bnVsbH0sInRmd19kdXBsaWNhdGVfc2NyaWJlc190b19zZXR0aW5ncyI6eyJidWNrZXQiOiJvbiIsInZlcnNpb24iOm51bGx9LCJ0ZndfdXNlX3Byb2ZpbGVfaW1hZ2Vfc2hhcGVfZW5hYmxlZCI6eyJidWNrZXQiOiJvbiIsInZlcnNpb24iOm51bGx9LCJ0ZndfdmlkZW9faGxzX2R5bmFtaWNfbWFuaWZlc3RzXzE1MDgyIjp7ImJ1Y2tldCI6InRydWVfYml0cmF0ZSIsInZlcnNpb24iOm51bGx9LCJ0ZndfbGVnYWN5X3RpbWVsaW5lX3N1bnNldCI6eyJidWNrZXQiOnRydWUsInZlcnNpb24iOm51bGx9LCJ0ZndfdHdlZXRfZWRpdF9mcm9udGVuZCI6eyJidWNrZXQiOiJvbiIsInZlcnNpb24iOm51bGx9fQ%3D%3D&amp;frame=false&amp;hideCard=false&amp;hideThread=false&amp;id=1949540170916593781&amp;lang=cs&amp;maxWidth=560px&amp;origin=https%3A%2F%2Fwww.rt.com%2Fnews%2F622063-dead-train-crash-germany%2F&amp;sessionId=b324de81898fa8b6abd14744807bb687c8905776&amp;siteScreenName=RT_com&amp;theme=light&amp;widgetsVersion=2615f7e52b7e0%3A1702314776716&amp;width=550px\" frameborder=\"0\" scrolling=\"no\" allowfullscreen=\"allowfullscreen\" data-tweet-id=\"1949540170916593781\" data-mce-fragment=\"1\"><\/iframe><\/div>\n<\/div>\n<p><span>Vykolejen\u00fd vlak byl podle policie region\u00e1ln\u00edm rychl\u00edkem jedouc\u00edm sm\u011brem na Ulm. Na m\u00edsto bylo nasazeno velk\u00e9 mno\u017estv\u00ed z\u00e1chrann\u00fdch t\u00fdm\u016f a tak\u00e9 nejm\u00e9n\u011b \u0161est vrtuln\u00edk\u016f. Fotografie zve\u0159ejn\u011bn\u00e9 n\u011bmeck\u00fdmi m\u00e9dii ukazuj\u00ed n\u011bkolik vag\u00f3n\u016f le\u017e\u00edc\u00edch v rokli pobl\u00ed\u017e kolej\u00ed, p\u0159i\u010dem\u017e nejm\u00e9n\u011b dva z nich se p\u0159evr\u00e1tily.<\/span><\/p>\n<p><span>P\u0159\u00ed\u010dina incidentu je st\u00e1le nejasn\u00e1. Kr\u00e1tce p\u0159edt\u00edm byly v oblasti hl\u00e1\u0161eny siln\u00e9 bou\u0159e a vydatn\u00e9 de\u0161t\u011b, uvedl Bild.<\/span><\/p>\n<p><img decoding=\"async\" loading=\"lazy\" class=\"alignnone size-full wp-image-1185\" src=\"http:\/\/www.infokuryr.cz\/n\/wp-content\/uploads\/2021\/04\/kuryr-podpis.png\" alt=\"\" width=\"84\" height=\"24\" \/><\/p>\n<p>&nbsp;<\/p>\n","protected":false},"excerpt":{"rendered":"<p>P\u0159i incidentu vlaku p\u0159epravuj\u00edc\u00edho asi 100 cestuj\u00edc\u00edch byly \u00fadajn\u011b zran\u011bny des\u00edtky dal\u0161\u00edch lid\u00ed. Nejm\u00e9n\u011b t\u0159i&#8230;<\/p>\n","protected":false},"author":2,"featured_media":84483,"comment_status":"closed","ping_status":"closed","sticky":false,"template":"","format":"standard","meta":[],"categories":[7],"tags":[353,4397,328],"_links":{"self":[{"href":"https:\/\/www.infokuryr.cz\/n\/wp-json\/wp\/v2\/posts\/84482"}],"collection":[{"href":"https:\/\/www.infokuryr.cz\/n\/wp-json\/wp\/v2\/posts"}],"about":[{"href":"https:\/\/www.infokuryr.cz\/n\/wp-json\/wp\/v2\/types\/post"}],"author":[{"embeddable":true,"href":"https:\/\/www.infokuryr.cz\/n\/wp-json\/wp\/v2\/users\/2"}],"replies":[{"embeddable":true,"href":"https:\/\/www.infokuryr.cz\/n\/wp-json\/wp\/v2\/comments?post=84482"}],"version-history":[{"count":0,"href":"https:\/\/www.infokuryr.cz\/n\/wp-json\/wp\/v2\/posts\/84482\/revisions"}],"wp:featuredmedia":[{"embeddable":true,"href":"https:\/\/www.infokuryr.cz\/n\/wp-json\/wp\/v2\/media\/84483"}],"wp:attachment":[{"href":"https:\/\/www.infokuryr.cz\/n\/wp-json\/wp\/v2\/media?parent=84482"}],"wp:term":[{"taxonomy":"category","embeddable":true,"href":"https:\/\/www.infokuryr.cz\/n\/wp-json\/wp\/v2\/categories?post=84482"},{"taxonomy":"post_tag","embeddable":true,"href":"https:\/\/www.infokuryr.cz\/n\/wp-json\/wp\/v2\/tags?post=84482"}],"curies":[{"name":"wp","href":"https:\/\/api.w.org\/{rel}","templated":true}]}}