{"id":84474,"date":"2025-07-28T06:18:25","date_gmt":"2025-07-28T04:18:25","guid":{"rendered":"https:\/\/www.infokuryr.cz\/n\/?p=84474"},"modified":"2025-07-28T06:18:25","modified_gmt":"2025-07-28T04:18:25","slug":"evropska-unie-se-rozhodla-jit-do-valky-s-ruskem","status":"publish","type":"post","link":"https:\/\/www.infokuryr.cz\/n\/2025\/07\/28\/evropska-unie-se-rozhodla-jit-do-valky-s-ruskem\/","title":{"rendered":"Evropsk\u00e1 unie se rozhodla j\u00edt do v\u00e1lky s Ruskem!"},"content":{"rendered":"<div id=\"fb-root\"><\/div>\n<h4>Evropsk\u00e1 unie se rozhodla j\u00edt do v\u00e1lky s Ruskem! EU vznikla p\u016fvodn\u011b jako m\u00edrov\u00fd projekt, kter\u00fd se prom\u011bnil na projekt v\u00e1le\u010dn\u00fd! Viktor Orb\u00e1n varoval na festivalu ma\u010farsk\u00e9ho krajansk\u00e9ho sdru\u017een\u00ed v Rumunsku, \u017ee Brusel usiluje o vytvo\u0159en\u00ed celoevropsk\u00e9 v\u00e1le\u010dn\u00e9 koalice! Proto ve v\u0161ech zem\u00edch EU prob\u00edhaj\u00ed snahy o zmanipulov\u00e1n\u00ed \u010di zru\u0161en\u00ed voleb, v\u00fdsledk\u016f nebo kandid\u00e1t\u016f!<\/h4>\n<p>Ma\u010farsk\u00fd premi\u00e9r Viktor Orb\u00e1n v sobotu na festivalu ma\u010farsk\u00e9ho krajansk\u00e9ho sdru\u017een\u00ed v r\u00e1mci letn\u00edho studijn\u00edho kempu\u00a0<em>Tusv\u00e1nyos<\/em>\u00a0v Transylv\u00e1nii v Rumunsku vystoupil se z\u00e1sadn\u00edm projevem a varov\u00e1n\u00edm, \u017ee Evropsk\u00e1 unie se rozhodla j\u00edt do v\u00e1lky s Ruskem po odchodu USA z Ukrajiny.<\/p>\n<p><strong>S t\u00edm souvis\u00ed i odchod americk\u00e9ho investi\u010dn\u00edho giganta BlackRock, kter\u00fd p\u0159ed p\u00e1r t\u00fddny ozn\u00e1mil, \u017ee se stahuje z Ukrajiny<\/strong>\u00a0a z ve\u0161ker\u00fdch investi\u010dn\u00edch aktivit na Ukrajin\u011b, a to z d\u016fvodu obav investor\u016f. Tuto zpr\u00e1vu p\u0159inesl\u00a0<strong>[<a href=\"https:\/\/aeronet.news\/blackrock-se-stahuje-z-ukrajiny-oznameni-blackrocku-prislo-pote-co-putin-prohlasil-ze-kam-vstoupi-noha-ruskeho-vojaka-to-je-nase-a-sef-ukrajinske-gur-to-v-rozhovoru-uznal-ze-tak-to-proste-je\/\">1<\/a>]<\/strong>\u00a0n\u00e1\u0161 Aeronet, ale m\u00e9dia hlavn\u00edho proudu informaci prakticky p\u0159e\u0161la ml\u010den\u00edm. A zjevn\u011b \u00famysln\u011b!<\/p>\n<p>&nbsp;<\/p>\n<div id=\"rumble_v6uk928\">\n<div id=\"vid_v6uk928\" class=\"rumble_v6uk928-Rumble-cls\" tabindex=\"-1\">\n<div><div class='videoWrapper'>\r\n\t            <iframe src='https:\/\/rumble.com\/embed\/pj.v6uk928\/' frameborder='0' allowfullscreen><\/iframe>\r\n\t        <\/div><\/div>\n<\/div>\n<\/div>\n<p>&nbsp;<\/p>\n<p>Odchod BlackRocku je toti\u017e tzv.\u00a0<em>syst\u00e9mov\u00fd sign\u00e1l<\/em>, kter\u00fd pro v\u0161echny mocn\u00e9 lidi na t\u00e9to planet\u011b, pro v\u0161echny\u00a0 bank\u00e9\u0159e, pro v\u0161echny bezpe\u010dnostn\u00ed slo\u017eky a vl\u00e1dy je sign\u00e1lem, \u017ee na Ukrajin\u011b se schyluje k bezpe\u010dnostn\u00edmu rozvratu, kter\u00fd vylu\u010duje jak\u00e9koliv bezpe\u010dn\u00e9 investice jak\u00e9hokoliv charakteru v dohledn\u00e9 budoucnosti. BlackRock je toti\u017e sou\u010d\u00e1st\u00ed americk\u00e9ho Deep State.<\/p>\n<p>Je to jeden ze silov\u00fdch pil\u00ed\u0159\u016f t\u00e9to z\u00e1kulisn\u00ed vl\u00e1dy v USA, a pokud jeho investo\u0159i \u0159eknou \u201cNE!\u201d a odm\u00edtnou investovat do Ukrajiny a na\u0159\u00edd\u00ed sta\u017een\u00ed fondu ze zem\u011b, tak je to jasn\u00fd sign\u00e1l, \u017ee USA se ofici\u00e1ln\u011b t\u00edmto z Ukrajiny stahuj\u00ed a v\u00e1lka t\u00edm okam\u017eikem ofici\u00e1ln\u011b p\u0159ejde do re\u017eie Evropsk\u00e9 unie. A pr\u00e1v\u011b proto Viktor Orb\u00e1n na festivalu \u0159ekl to, co \u0159ekl.<\/p>\n<h3>Ukrajinsk\u00e1 vl\u00e1da v Ma\u010farsku, v \u010cesku a ve v\u0161ech zem\u00edch Evropy<\/h3>\n<p>Orb\u00e1n rovn\u011b\u017e prohl\u00e1sil, \u017ee ho mrz\u00ed, \u017ee Evropsk\u00e1 unie sice p\u016fvodn\u011b vznikla jako m\u00edrov\u00fd projekt, ale ten se te\u010f zm\u011bnil na projekt v\u00e1le\u010dn\u00fd. A toho se pr\u00fd Ma\u010farsko nebude \u00fa\u010dastnit a nesm\u00ed b\u00fdt dovoleno, aby se v Ma\u010farsku po volb\u00e1ch dostala k moci Demokratick\u00e1 koalice (DK) a ani strana Tisza.<\/p>\n<p>Oba subjekty usiluj\u00ed o ustaven\u00ed ukrajinsk\u00e9 a pro-bruselsk\u00e9 vl\u00e1dy.\u00a0<strong>Co je zaj\u00edmav\u00e9, tak Orb\u00e1n p\u0159\u00edmo mluvil o \u201c<em>ukrajinsk\u00e9 vl\u00e1d\u011b<\/em>\u201d a nikoliv o pro-ukrajinsk\u00e9. Pouze ve vztahu k Bruselu pou\u017eil ozna\u010den\u00ed\u00a0<em>bruselsky p\u0159\u00e1telsk\u00e1 vl\u00e1da<\/em>.<\/strong>\u00a0Bylo to p\u0159e\u0159eknut\u00ed? Ne, byla to trefa a p\u0159esn\u00e9 pojmenov\u00e1n\u00ed procesu \u201c<em>ukrajinizace<\/em>\u201d Evropy a nejen politiky.<\/p>\n<figure id=\"attachment_52962\" class=\"wp-caption aligncenter\" style=\"width: 713px;\"><a href=\"https:\/\/aeronet.news\/wp-content\/uploads\/FialaPriorityMeme.jpg\"><img decoding=\"async\" loading=\"lazy\" class=\"wp-image-52962 \" src=\"https:\/\/aeronet.news\/wp-content\/uploads\/FialaPriorityMeme-1024x624.jpg\" sizes=\"(max-width: 700px) 100vw, 700px\" srcset=\"https:\/\/aeronet.news\/wp-content\/uploads\/FialaPriorityMeme-1024x624.jpg 1024w, https:\/\/aeronet.news\/wp-content\/uploads\/FialaPriorityMeme-300x183.jpg 300w, https:\/\/aeronet.news\/wp-content\/uploads\/FialaPriorityMeme-768x468.jpg 768w, https:\/\/aeronet.news\/wp-content\/uploads\/FialaPriorityMeme-700x427.jpg 700w, https:\/\/aeronet.news\/wp-content\/uploads\/FialaPriorityMeme-586x357.jpg 586w, https:\/\/aeronet.news\/wp-content\/uploads\/FialaPriorityMeme-793x483.jpg 793w, https:\/\/aeronet.news\/wp-content\/uploads\/FialaPriorityMeme.jpg 1280w\" alt=\"\" width=\"713\" height=\"434\" \/><\/a><figcaption class=\"wp-caption-text\">Realita natvrdo a bez naivity!<\/figcaption><\/figure>\n<p>Pro\u010d v\u0161echny vl\u00e1dy EU odevzdaly Ukrajin\u011b v\u0161echny sv\u00e9 zbran\u011b, v\u0161echnu munici, v\u0161echnu PVO ochranu, v\u0161echny tanky, v\u0161echny BVP vozy, v\u0161echny vrtuln\u00edky a pomalu u\u017e i v\u0161echny st\u00edha\u010dky a rakety? Pro\u010d evropsk\u00e9 vl\u00e1dy si berou na sv\u016fj krk \u00fav\u011bry od ECB, za kter\u00e9 ru\u010d\u00ed, a p\u016fj\u010den\u00e9 pen\u00edze odevzd\u00e1vaj\u00ed Ukrajin\u011b?<\/p>\n<p>Pro\u010d Fialova vl\u00e1da nap\u0159. v \u010cR zlo\u010dinn\u011b na\u0159\u00eddila uzav\u00edr\u00e1n\u00ed pobo\u010dek \u010cesk\u00e9 po\u0161ty, jejich\u017e dota\u010dn\u00ed provoz ve srovn\u00e1n\u00ed se zbrojn\u00edmi v\u00fddaji nest\u00e1l prakticky nic, zat\u00edmco za\u010daly b\u00fdt otev\u00edr\u00e1ny pobo\u010dky ukrajinsk\u00e9 po\u0161ty? Pro\u010d te\u010f Ministerstvo obrany chce ty zav\u0159en\u00e9 pobo\u010dky \u010cesk\u00e9 po\u0161ty pro sebe a chce je transformovat\u00a0<strong>[<a href=\"https:\/\/href.li\/?https:\/\/www.novinky.cz\/clanek\/domaci-armada-planuje-posadky-po-cele-zemi-od-posty-chce-nevyuzivane-budovy-40530581\" target=\"_blank\" rel=\"nofollow noopener\">2<\/a>]<\/strong>\u00a0pro pot\u0159eby arm\u00e1dy na tzv. pracovi\u0161t\u011b m\u00edstn\u00edch odvodn\u00edch spr\u00e1v a mobiliza\u010dn\u00edch center pro zjevn\u011b chystanou v\u00e1lku s Ruskem?<\/p>\n<h3>EU pot\u0159ebuje Ukrajince jako nositele autentick\u00e9 nacistick\u00e9 ideologie z dob II. sv. v\u00e1lky, kter\u00e1 jinde v Evrop\u011b se nezachovala!<\/h3>\n<p><strong>Ukrajinci jsou toti\u017e jako jedin\u00fd n\u00e1rod v Evrop\u011b nas\u00e1knut\u00ed nacismem SS a \u0159\u00ed\u0161skou proti-slovanskou ideologi\u00ed, kter\u00e1 nevyprchala a z\u016fst\u00e1v\u00e1 v nich obdiv a l\u00e1ska ke III. \u0158\u00ed\u0161i<\/strong>, k Adolfu Hitlerovi, k Wehrmachtu, ale hlavn\u011b z nich nevyprchala za\u017eran\u00e1 a patologick\u00e1 nen\u00e1vist v\u016f\u010di Rusku, Rus\u016fm a \u00fapln\u011b v\u0161emu rusk\u00e9mu, od pomn\u00edk\u016f a hrob\u016f padl\u00fdch voj\u00e1k\u016f Rud\u00e9 arm\u00e1dy, p\u0159es kulturu, a\u017e po kostely rusk\u00e9 pravoslavn\u00e9 c\u00edrkve. Orb\u00e1n na festivalu hovo\u0159il o tom, \u017ee ten pl\u00e1n v Bruselu je takov\u00fd, \u017ee i Ma\u010farsko mus\u00ed j\u00edt do v\u00e1lky s Ruskem, tak to pr\u00fd bylo v Bruselu rozhodnuto a \u0161mitec!<\/p>\n<figure id=\"attachment_6408\" class=\"wp-caption aligncenter\" style=\"width: 711px;\"><a href=\"https:\/\/aeronet.news\/wp-content\/uploads\/pl%C3%A1n-Barbarossa.jpg\"><img decoding=\"async\" loading=\"lazy\" class=\"wp-image-6408 \" src=\"https:\/\/aeronet.news\/wp-content\/uploads\/pl%C3%A1n-Barbarossa-1024x830.jpg\" sizes=\"(max-width: 700px) 100vw, 700px\" srcset=\"https:\/\/aeronet.news\/wp-content\/uploads\/pl\u00e1n-Barbarossa-1024x830.jpg 1024w, https:\/\/aeronet.news\/wp-content\/uploads\/pl\u00e1n-Barbarossa-300x243.jpg 300w, https:\/\/aeronet.news\/wp-content\/uploads\/pl\u00e1n-Barbarossa-700x568.jpg 700w, https:\/\/aeronet.news\/wp-content\/uploads\/pl\u00e1n-Barbarossa-440x357.jpg 440w, https:\/\/aeronet.news\/wp-content\/uploads\/pl\u00e1n-Barbarossa-596x483.jpg 596w, https:\/\/aeronet.news\/wp-content\/uploads\/pl\u00e1n-Barbarossa.jpg 1295w\" alt=\"\" width=\"711\" height=\"576\" \/><\/a><figcaption class=\"wp-caption-text\">Sm\u011bry \u00fatoku na SSSR v r\u00e1mci operace Barbarossa<\/figcaption><\/figure>\n<p>Cel\u00e1 Evropa, tedy podle Orb\u00e1na, mus\u00ed j\u00edt do t\u00e9to v\u00e1lky. A ty zem\u011b Evropy, kter\u00e9 te\u010f maj\u00ed u moci protiv\u00e1le\u010dn\u00e9 vl\u00e1dy, v t\u011bch v\u0161ech zem\u00edch prob\u00edhaj\u00ed procesy na jejich svr\u017een\u00ed a nastolen\u00ed ukrajinsk\u00fdch vl\u00e1d, kter\u00e9 vedle toho budou i vl\u00e1dami pro-bruselsk\u00fdmi. Podle Orb\u00e1na se jedn\u00e1 o proces a snahu vytvo\u0159en\u00ed celoevropsk\u00e9 v\u00e1le\u010dn\u00e9 koalice jako v roce 1941 p\u0159i spu\u0161t\u011bn\u00ed operace\u00a0<em>Barbarossa<\/em>\u00a0a \u00fatoku na Sov\u011btsk\u00fd svaz.<\/p>\n<p>Toho \u00fatoku se \u00fa\u010dastnila cel\u00e1 Evropa, v\u010detn\u011b Finska, pouze s v\u00fdjimkou Protektor\u00e1tu \u010cechy a Morava, a to na osobn\u00ed p\u0159\u00edkaz Henricha HImmlera, \u0161\u00e9fa SS, kter\u00fd p\u0159esv\u011bd\u010dil Adolfa Hitlera, \u017ee \u010de\u0161t\u00ed voj\u00e1ci nesm\u00ed vstoupit do boj\u016f, jinak to povede k napln\u011bn\u00ed stra\u0161liv\u00e9 p\u0159edpov\u011bdi o osudu N\u011bmecka a cel\u00e9 Evropy. To ale pr\u00fd Hitlerovi ne\u0159ekl, nechal si to pro sebe. Hitlerovi jako d\u016fvod uvedl z\u00e1stupn\u00fd d\u016fvod o pot\u0159eb\u011b pr\u00e1ce \u010cech\u016f v pr\u016fmyslu. A tak\u00e9 proto, \u017ee mnoho \u010cech\u016f m\u011blo prokazateln\u011b n\u011bmeck\u00e9 ko\u0159eny a p\u016fvod.<\/p>\n<h3>Protektor\u00e1t \u010cechy a Morava vznikl v d\u016fsledku varov\u00e1n\u00ed okultn\u00ed organizace<\/h3>\n<p>Varov\u00e1n\u00ed, \u017ee Praha se nesm\u00ed \u00fa\u010dastnit vojensk\u00fdch ta\u017een\u00ed po boku N\u011bmecka, poch\u00e1zelo od Marie Orsi\u010d, okultn\u00ed poradkyn\u011b Heinricha Himmlera a hlavn\u00edho m\u00e9dia okultn\u00ed organizace Vril. Ta fungovala jako vy\u0161\u0161\u00ed organizace vedle organizace Thule, kter\u00e1 byla Himmlerovi velmi bl\u00edzk\u00e1.<\/p>\n<p><strong>Orsi\u010d\u00a0varovala ji\u017e v p\u0159edstihu Heinricha Himmlera, \u017ee pokud n\u011bkdy Praha vstoup\u00ed do v\u00e1lky proti Rusku, povede to ke zni\u010den\u00ed nejen N\u011bmecka, ale \u00fapln\u011b cel\u00e9 Evropy<\/strong>, jej\u00ed\u017e povrch bude sp\u00e1len obrovsk\u00fdm ohn\u011bm, od Lvova a\u017e po Faersk\u00e9 ostrovy. Himmler byl posedl\u00fd projekcemi a p\u0159edpov\u011b\u010fmi okultn\u00edch organizac\u00ed, tak\u017ee p\u0159esv\u011bd\u010dil Hitlera, \u017ee \u010ce\u0161i nesm\u00ed do v\u00e1lky, proto\u017ee mus\u00ed pracovat ve zbrojn\u00edm pr\u016fmyslu.<\/p>\n<figure id=\"attachment_64248\" class=\"wp-caption aligncenter\" style=\"width: 705px;\"><a href=\"https:\/\/aeronet.news\/wp-content\/uploads\/HimmlerHitler.jpg\"><img decoding=\"async\" loading=\"lazy\" class=\"wp-image-64248 \" src=\"https:\/\/aeronet.news\/wp-content\/uploads\/HimmlerHitler-1024x576.jpg\" sizes=\"(max-width: 700px) 100vw, 700px\" srcset=\"https:\/\/aeronet.news\/wp-content\/uploads\/HimmlerHitler-1024x576.jpg 1024w, https:\/\/aeronet.news\/wp-content\/uploads\/HimmlerHitler-300x169.jpg 300w, https:\/\/aeronet.news\/wp-content\/uploads\/HimmlerHitler-768x432.jpg 768w, https:\/\/aeronet.news\/wp-content\/uploads\/HimmlerHitler-700x394.jpg 700w, https:\/\/aeronet.news\/wp-content\/uploads\/HimmlerHitler-635x357.jpg 635w, https:\/\/aeronet.news\/wp-content\/uploads\/HimmlerHitler-859x483.jpg 859w, https:\/\/aeronet.news\/wp-content\/uploads\/HimmlerHitler.jpg 1280w\" alt=\"\" width=\"705\" height=\"397\" \/><\/a><figcaption class=\"wp-caption-text\">\u0160\u00e9f SS a druh\u00fd mu\u017e T\u0159et\u00ed \u0159\u00ed\u0161e Heinrich Himmler vedle v\u016fdce Adolfa Hitlera<\/figcaption><\/figure>\n<p>Hitler t\u00e9 z\u00e1mince bez probl\u00e9m\u016f uv\u011b\u0159il, i t\u011bm jinak pravdiv\u00fdm informac\u00edm o n\u011bmeck\u00e9m p\u016fvodu mnoha \u010cech\u016f, a vydal z\u00e1kaz, \u017ee ob\u010dan\u00e9 Protektor\u00e1tu, kte\u0159\u00ed nemaj\u00ed n\u011bmeck\u00e9 ob\u010danstv\u00ed, nebo nemaj\u00ed prokazateln\u00fd n\u011bmeck\u00fd p\u016fvod, co\u017e by je oprav\u0148ovalo k nabyt\u00ed n\u011bmeck\u00e9ho ob\u010danstv\u00ed, se nebudou ta\u017een\u00ed Wehrmachtu v Evrop\u011b a pozd\u011bji v roce 1941 do SSSR \u00fa\u010dastnit.<\/p>\n<p>To, co Maria Orsi\u010d vid\u011bla v projekci, to byla jedna z iterac\u00ed Evropy, ale podle m\u00e9ho n\u00e1zoru chybn\u011b interpretovan\u00e1. Tato projekce zni\u010den\u00e9 Evropy se toti\u017e objevuje v budoucnu, v r\u016fzn\u00fdch iterac\u00edch let od roku 2019 a\u017e do roku 2057. Ve v\u0161ech t\u011bchto iterac\u00edch je spou\u0161t\u011b\u010dem III. sv. v\u00e1lky Praha a jej\u00ed politici, kte\u0159\u00ed rozhodli o mobilizac\u00ed \u010desk\u00e9ho n\u00e1roda, a o povol\u00e1n\u00ed celkem 3 mobiliza\u010dn\u00edch vln.<\/p>\n<h3>Vstup \u010desk\u00fdch voj\u00e1k\u016f do v\u00e1lky s Ruskem m\u016f\u017ee v\u00e9st podle itera\u010dn\u00edch projekc\u00ed ke zni\u010den\u00ed nejen N\u011bmecka, ale cel\u00e9 Evropy a\u017e po Faersk\u00e9 ostrovy<\/h3>\n<p>NATO p\u0159esune v t\u011bchto iterac\u00edch \u010d\u00e1st velen\u00ed strategick\u00fdch vojsk a naviga\u010dn\u00ed raketov\u00fd \u0161t\u00e1b do Prahy. Ta se stane centrem termojadern\u00fdch \u00fader\u016f Rusk\u00e9 arm\u00e1dy, na co\u017e zareaguje NATO odvetn\u00fdmi \u00fadery na Kaliningrad, Petrohrad, Moskvu, Voron\u011b\u017e a rovn\u011b\u017e Novosibirsk za Uralem. Bude to posledn\u00ed \u00fader Z\u00e1padu a posledn\u00ed jeho odp\u00e1len\u00e9 rakety. Rusko na to zareaguje odp\u00e1len\u00edm 3 755 hlavic na balistick\u00fdch raket\u00e1ch, tzv.\u00a0<em>salva 1<\/em>, kter\u00e1 vyma\u017ee Evropu, Velkou Brit\u00e1nii a dokonce i vzd\u00e1len\u00e9 Faersk\u00e9 ostrovy z povrchu zem\u011b.<\/p>\n<p>Z\u00e1padn\u00ed rakety ale ji\u017e \u017e\u00e1dn\u00e9 neodstartuj\u00ed. Nen\u00ed jasn\u00e9, co se stalo, jestli \u0161lo o sabot\u00e1\u017e, ale iterace zobrazuj\u00ed, \u017ee Evropa a ani USA v reakci na hlavn\u00ed rusk\u00fd \u00fader u\u017e nic neodp\u00e1l\u00ed.\u00a0<strong>V t\u00e9 dob\u011b podle projekce bude v Moskv\u011b u moci uzn\u00e1van\u00fd a holohlav\u00fd gener\u00e1l.<\/strong>\u00a0Po tomto zni\u010den\u00ed Evropy dojde k ukon\u010den\u00ed v\u00e1lky a nastolen\u00ed m\u00edru mezi Ruskem, USA a Bl\u00edzk\u00fdm v\u00fdchodem. Popis de facto, a\u017e na malou drobnost (<em>zachov\u00e1n\u00ed USA na \u00fakor kompletn\u011b zni\u010den\u00e9 Evropy<\/em>), odpov\u00edd\u00e1 hebrejsk\u00e9mu proroctv\u00ed \u00faderu Gog Magoga na Evropu. V\u00edce o proroctv\u00ed v kompilaci v\u00fdrok\u016f \u017eidovsk\u00fdch rab\u00edn\u016f n\u00ed\u017ee.<\/p>\n<p>&nbsp;<\/p>\n<div id=\"rumble_v6gsm1d\">\n<div id=\"vid_v6gsm1d\" class=\"rumble_v6gsm1d-Rumble-cls\" tabindex=\"-1\">\n<div><div class='videoWrapper'>\r\n\t            <iframe src='https:\/\/rumble.com\/embed\/pj.v6gsm1d\/' frameborder='0' allowfullscreen><\/iframe>\r\n\t        <\/div><\/div>\n<\/div>\n<\/div>\n<p>&nbsp;<\/p>\n<p>Ten popis holohlav\u00e9ho gener\u00e1la odpov\u00edd\u00e1 shodou okolnost\u00ed na Sergeje Surovikina, p\u0159ezd\u00edvan\u00e9ho \u201c<em>Gener\u00e1l Armageddon<\/em>\u201c. Ov\u0161em takov\u00fdch gener\u00e1l\u016f m\u016f\u017ee b\u00fdt v Rusk\u00e9 arm\u00e1d\u011b mnohem v\u00edce. Tyto projekce jsou samoz\u0159ejm\u011b zcela z\u00e1visl\u00e9 na \u010dasov\u00e9m kontinuu, na ust\u00e1len\u00ed tzv. itera\u010dn\u00edch bod\u016f, kter\u00e9 tvo\u0159\u00ed tzv. realitu na\u0161eho sv\u011bta, kter\u00e1 trv\u00e1 jen miliontinu sekundy.<\/p>\n<p>Budoucnost je v\u0161echno p\u0159ed t\u00edmto itera\u010dn\u00edm bodem, minulost je v\u0161echno za n\u00edm jako stopa a kolej. Nen\u00ed proto mo\u017en\u00e9 \u0159\u00edct, kter\u00e1 projekce se nakonec ust\u00e1l\u00ed a zrealizuje, proto\u017ee v kvantov\u00e9m \u010dasoprostoru i mal\u00e1 drobnost dok\u00e1\u017ee pozm\u011bnit tok \u010dasov\u00e9ho kontinua.<\/p>\n<h3>Pro\u010d se gener\u00e1lov\u00e9 NATO a cel\u00e1 Evropa chyst\u00e1 s takovou jistotou na v\u00e1lku s Ruskem u\u017e v roce 2027?<\/h3>\n<p>Nicm\u00e9n\u011b plat\u00ed, a to chci zd\u016fraznit, \u017ee\u00a0<strong>pokud existuje mno\u017eina X(n) mo\u017en\u00fdch iterac\u00ed obsahuj\u00edc\u00edch poka\u017ed\u00e9 stejn\u00fd pr\u016fb\u011bh, stejn\u00fd obsah, stejn\u00fd d\u011bj, stejn\u00fd osud, stejn\u00fd v\u00fdsledek, stejn\u00fd n\u00e1sledek a neust\u00e1le se opakuj\u00edc\u00ed stejn\u00e9 rysy, potom plat\u00ed tvrzen\u00ed, \u017ee mno\u017eina X(n) iterac\u00ed konverguje k \u010d\u00edslu 1, tedy k ust\u00e1len\u00ed do reality, kterou pro\u017eijeme.<\/strong><\/p>\n<p>V\u0161imli jste si t\u011bch proces\u016f? V Rumunsku zru\u0161ili v\u00fdsledek voleb 1. kola prezidentsk\u00fdch voleb, dosadili ukrajinsk\u00e9ho prezidenta s pro-bruselsk\u00fdmi postoji. Ve Francii zak\u00e1zali Marine Le Pen kandidovat na prezidentku. Tady v N\u011bmecku cht\u011bj\u00ed zak\u00e1zat protiv\u00e1le\u010dnou AfD.<\/p>\n<div class=\"twitter-tweet twitter-tweet-rendered\"><a href=\"https:\/\/x.com\/DD_Geopolitics\/status\/1949411974489469216?ref_src=twsrc%5Etfw%7Ctwcamp%5Etweetembed%7Ctwterm%5E1949411974489469216%7Ctwgr%5E313d0010fcc2a6a97f79ad167e0dc0ae70aef4af%7Ctwcon%5Es1_&amp;ref_url=https%3A%2F%2Faeronet.news%2Fevropska-unie-se-rozhodla-jit-do-valky-s-ruskem-eu-vznikla-puvodne-jako-mirovy-projekt-ktery-se-promenil-na-projekt-valecny-viktor-orban-varoval-na-festivalu-madarskeho-krajanskeho-sdruzeni%2F\"><img decoding=\"async\" loading=\"lazy\" class=\"wp-image-84475 aligncenter\" src=\"http:\/\/www.infokuryr.cz\/n\/wp-content\/uploads\/2025\/07\/o1-1-239x300.jpg\" alt=\"\" width=\"481\" height=\"604\" srcset=\"https:\/\/www.infokuryr.cz\/n\/wp-content\/uploads\/2025\/07\/o1-1-239x300.jpg 239w, https:\/\/www.infokuryr.cz\/n\/wp-content\/uploads\/2025\/07\/o1-1.jpg 678w\" sizes=\"(max-width: 481px) 100vw, 481px\" \/><\/a><\/div>\n<p>V \u010cesku arm\u00e1da za\u010dala \u0161pehovat opozi\u010dn\u00ed strany\u00a0<strong>[<a href=\"https:\/\/aeronet.news\/armada-cr-a-jeji-slozky-informacniho-boje-se-chystaji-na-ovlivneni-voleb-v-cr-operace-vede-do-sidla-britske-zahranicni-rozvedky-mi-6-do-ktereho-vstoupil-premier-petr-fiala-behem-navstevy-londyna\/\">3<\/a>]<\/strong>\u00a0a za\u010dala sb\u00edrat informace o \u010desk\u00fdch ob\u010danech s negativn\u00edmi postoji k Ukrajin\u011b\u00a0<strong>[<a href=\"https:\/\/aeronet.news\/ministerstvo-obrany-ma-po-sberu-informaci-o-ceske-opozici-dalsi-skandal-v-roce-2024-sbiralo-osobni-udaje-o-vytipovanych-ceskych-obcanech-na-socialnich-sitich-v-ramci-tajne-operace\/\">4<\/a>]<\/strong>. A to nen\u00ed v\u0161echno. V ned\u011bli p\u0159i\u0161la informace, \u017ee rakousk\u00e1 ministryn\u011b zahrani\u010d\u00ed Beate Meinl-Reisinger, p\u0159ezd\u00edvan\u00e1 \u201c<em>rakousk\u00e1 \u010caputov\u00e1<\/em>,\u201d navrhla zah\u00e1jen\u00ed diskus\u00ed o zru\u0161en\u00ed rakousk\u00e9 neutrality a o vstupu do NATO. A pro\u010d?<\/p>\n<p>No, proto\u017ee Rakousko je rodi\u0161t\u011bm Adolfa Hitlera a o\u017eiven\u00ed nacismu v Evrop\u011b a ta\u017een\u00ed EU do v\u00e1lky v Rusku se nem\u016f\u017ee obej\u00edt bez Rakouska! Proto\u017ee Rakousko v dne\u0161n\u00ed podob\u011b je p\u0159ipom\u00ednkou v\u00edt\u011bzstv\u00ed SSSR nad nacismem a p\u0159ipom\u00ednkou Stalina, kter\u00fd ud\u011blil Rakousku samostatnost v\u00fdm\u011bnou za jejich p\u0159ijet\u00ed neutrality. A tohle v\u0161echno ty eurobestie z Eurosojuzu cht\u011bj\u00ed odstranit.<\/p>\n<h3>Eurosojuz chce prov\u00e9st rekonstrukci operace Barbarossa a t\u00e1hnout na Rusko v p\u016fvodn\u00ed sestav\u011b, v\u010detn\u011b dnes neutr\u00e1ln\u00edho Rakouska<\/h3>\n<p>Proto cht\u011bj\u00ed,\u00a0<strong>aby se ta\u017een\u00ed na Rusko \u00fa\u010dastnilo i Rakousko<\/strong>\u00a0a rakousk\u00fd voj\u00e1k, stejn\u011b jako v roce 1941. Proto cht\u011bj\u00ed, aby se toho ta\u017een\u00ed \u00fa\u010dastnil i slovensk\u00fd voj\u00e1k, jako v roce 1941.\u00a0Proto cht\u011bj\u00ed, aby se toho ta\u017een\u00ed \u00fa\u010dastnil i rumunsk\u00fd voj\u00e1k, jako v roce 1941.<\/p>\n<p>Proto cht\u011bj\u00ed, aby se toho ta\u017een\u00ed \u00fa\u010dastnil i ma\u010farsk\u00fd voj\u00e1k, jako v roce 1941.\u00a0Proto cht\u011bj\u00ed, aby se toho ta\u017een\u00ed \u00fa\u010dastnil i francouzsk\u00fd voj\u00e1k, jako v roce 1941.\u00a0<strong>A samoz\u0159ejm\u011b a logicky i ten n\u011bmeck\u00fd, ale pozor, nov\u011b a p\u0159esn\u011b podle projekce i ten \u010desk\u00fd! Tohle je zkr\u00e1tka rozsudek Zeitgeist.<\/strong>\u00a0A proto polsk\u00fd premi\u00e9r opakuje v\u00fdk\u0159iky\u00a0<strong>[<a href=\"https:\/\/aeronet.news\/novy-vrchni-velitel-spojeneckych-sil-nato-prohlasil-ze-cina-a-rusko-chystaji-koordinovane-utoky-v-evrope-a-na-taiwanu-jiz-v-roce-2027-takze-aliance-nema-cas-a-musi-se-rychle-pripravit\/\">5<\/a>]<\/strong>\u00a0vrchn\u00edho velitele NATO o v\u00e1lce s Ruskem ji\u017e v roce 2027.<\/p>\n<div class=\"twitter-tweet twitter-tweet-rendered\"><a href=\"https:\/\/x.com\/TGEThGlobalEye\/status\/1949083761372450990\"><img decoding=\"async\" loading=\"lazy\" class=\"wp-image-84476 aligncenter\" src=\"http:\/\/www.infokuryr.cz\/n\/wp-content\/uploads\/2025\/07\/o2-1-289x300.jpg\" alt=\"\" width=\"517\" height=\"537\" srcset=\"https:\/\/www.infokuryr.cz\/n\/wp-content\/uploads\/2025\/07\/o2-1-289x300.jpg 289w, https:\/\/www.infokuryr.cz\/n\/wp-content\/uploads\/2025\/07\/o2-1.jpg 671w\" sizes=\"(max-width: 517px) 100vw, 517px\" \/><\/a><\/div>\n<p>Duch \u010dasu ve smyslu principu, \u017ee kdy\u017e se n\u00e1rody nepou\u010d\u00ed z historie, jsou donuceny si tu historii tvrd\u011b a t\u011b\u017ece zopakovat. Proto neochota k v\u00e1lce s Ruskem nen\u00ed omluvou! Eurosojuz chce toti\u017e zopakovat ta\u017een\u00ed Barbarossa a chce, aby se ho \u00fa\u010dastnili nejen ti, kte\u0159\u00ed tam byli tenkr\u00e1t v roce 1941, ale i ti, kte\u0159\u00ed tam nebyli, tedy nap\u0159. \u010ce\u0161i! To nen\u00ed stra\u0161en\u00ed, to je prost\u011b fakt sou\u010dasn\u00e9 nacifikovan\u00e9 Evropy!<\/p>\n<p>Proto zvolen\u00ed protiv\u00e1le\u010dn\u00e9 vl\u00e1dy ve volb\u00e1ch nic natrvalo ne\u0159e\u0161\u00ed! Eurosojuz napne s\u00edly, aby tu vl\u00e1du svrhl a dosadil ukrajinskou a pro-bruselskou vl\u00e1du p\u0159ipravenou mobilizovat sv\u016fj n\u00e1rod a poslat ho do v\u00e1lky s Ruskem v r\u00e1mci obrovsk\u00e9 evropsk\u00e9 arm\u00e1dy. Nen\u00ed dovoleno nikomu se tohoto ta\u017een\u00ed ne\u00fa\u010dastnit! A to je pro mnoh\u00e9 asi velmi d\u011bsiv\u00e9 zji\u0161t\u011bn\u00ed. Na tyto procesy se mus\u00ed, cht\u011b necht\u011b, alternativa p\u0159ipravit! Bohu\u017eel, v\u0161echny sign\u00e1ly a informace potvrzuj\u00ed, \u017ee se ustanovuje iterace, kterou si nikdo norm\u00e1ln\u00ed ani nechce p\u0159edstavit.<\/p>\n<p><a href=\"https:\/\/aeronet.news\/evropska-unie-se-rozhodla-jit-do-valky-s-ruskem-eu-vznikla-puvodne-jako-mirovy-projekt-ktery-se-promenil-na-projekt-valecny-viktor-orban-varoval-na-festivalu-madarskeho-krajanskeho-sdruzeni\/\">-VK-<\/a><\/p>\n<p>&nbsp;<\/p>\n","protected":false},"excerpt":{"rendered":"<p>Evropsk\u00e1 unie se rozhodla j\u00edt do v\u00e1lky s Ruskem! EU vznikla p\u016fvodn\u011b jako m\u00edrov\u00fd projekt,&#8230;<\/p>\n","protected":false},"author":2,"featured_media":84477,"comment_status":"closed","ping_status":"closed","sticky":false,"template":"","format":"standard","meta":[],"categories":[6],"tags":[1042,41,22,40],"_links":{"self":[{"href":"https:\/\/www.infokuryr.cz\/n\/wp-json\/wp\/v2\/posts\/84474"}],"collection":[{"href":"https:\/\/www.infokuryr.cz\/n\/wp-json\/wp\/v2\/posts"}],"about":[{"href":"https:\/\/www.infokuryr.cz\/n\/wp-json\/wp\/v2\/types\/post"}],"author":[{"embeddable":true,"href":"https:\/\/www.infokuryr.cz\/n\/wp-json\/wp\/v2\/users\/2"}],"replies":[{"embeddable":true,"href":"https:\/\/www.infokuryr.cz\/n\/wp-json\/wp\/v2\/comments?post=84474"}],"version-history":[{"count":0,"href":"https:\/\/www.infokuryr.cz\/n\/wp-json\/wp\/v2\/posts\/84474\/revisions"}],"wp:featuredmedia":[{"embeddable":true,"href":"https:\/\/www.infokuryr.cz\/n\/wp-json\/wp\/v2\/media\/84477"}],"wp:attachment":[{"href":"https:\/\/www.infokuryr.cz\/n\/wp-json\/wp\/v2\/media?parent=84474"}],"wp:term":[{"taxonomy":"category","embeddable":true,"href":"https:\/\/www.infokuryr.cz\/n\/wp-json\/wp\/v2\/categories?post=84474"},{"taxonomy":"post_tag","embeddable":true,"href":"https:\/\/www.infokuryr.cz\/n\/wp-json\/wp\/v2\/tags?post=84474"}],"curies":[{"name":"wp","href":"https:\/\/api.w.org\/{rel}","templated":true}]}}