{"id":84462,"date":"2025-07-28T00:25:18","date_gmt":"2025-07-27T22:25:18","guid":{"rendered":"https:\/\/www.infokuryr.cz\/n\/?p=84462"},"modified":"2025-07-27T16:30:53","modified_gmt":"2025-07-27T14:30:53","slug":"moldavsko-desitky-tisic-lidi-protestuji-proti-proevropske-vlade-maii-sanduove","status":"publish","type":"post","link":"https:\/\/www.infokuryr.cz\/n\/2025\/07\/28\/moldavsko-desitky-tisic-lidi-protestuji-proti-proevropske-vlade-maii-sanduove\/","title":{"rendered":"Moldavsko: Des\u00edtky tis\u00edc lid\u00ed protestuj\u00ed proti proevropsk\u00e9 vl\u00e1d\u011b Maii Sanduov\u00e9\u202f"},"content":{"rendered":"<div id=\"fb-root\"><\/div>\n<p><span>Dva m\u011bs\u00edce p\u0159ed parlamentn\u00edmi volbami se moldavsk\u00e9 hlavn\u00ed m\u011bsto stalo d\u011bji\u0161t\u011bm masivn\u00ed demonstrace veden\u00e9 nov\u00fdm opozi\u010dn\u00edm blokem, kter\u00fd se zasazoval o obnoven\u00ed vztah\u016f s Ruskem. Protestuj\u00edc\u00ed odsoudili represe ze strany vl\u00e1dy a autorit\u00e1\u0159sk\u00e9 excesy prezidentky Maii Sanduov\u00e9.<\/span><\/p>\n<p><span>Des\u00edtky tis\u00edc ob\u010dan\u016f vy\u0161ly 26. \u010dervence do ulic Ki\u0161in\u011bva, aby se z\u00fa\u010dastnily masivn\u00ed demonstrace proti politice moldavsk\u00e9 prezidentky Maii Sanduov\u00e9 a jej\u00ed proevropsk\u00e9 vl\u00e1dnouc\u00ed strany Akce a solidarita (PAS). Akci zorganizoval nov\u00fd opozi\u010dn\u00ed blok slo\u017een\u00fd ze \u010dty\u0159 levicov\u00fdch stran: Strany socialist\u016f Moldavsk\u00e9 republiky (PCRM), Strany komunist\u016f, Srdce Moldavska a Budoucnost Moldavska. Mezi p\u0159\u00edtomn\u00fdmi osobnostmi byli b\u00fdval\u00ed prezidenti Igor Dodon a Vladimir Voronin, b\u00fdval\u00fd premi\u00e9r Vasile Tarlev a b\u00fdval\u00e1 guvern\u00e9rka Gagauzska Irina Vlahov\u00e1.<\/span><\/p>\n<p><span>Pr\u016fvod s n\u00e1rodn\u00edmi a stranick\u00fdmi vlajkami se shrom\u00e1\u017edil v centru m\u011bsta a skandoval slogany jako \u201eZa suver\u00e9nn\u00ed Moldavsko\u201c, \u201eV jednot\u011b na\u0161e s\u00edla\u201c, \u201eMoldavsko m\u00e1 budoucnost\u201c a \u201eZa neutralitu Moldavska\u201c.<\/span><\/p>\n<h3 class=\"wp-block-heading\"><span>Policejn\u00ed blok\u00e1da a atmosf\u00e9ra repres\u00ed<\/span><\/h3>\n<p><span>Navzdory extr\u00e9mn\u00edmu horku organiz\u00e1to\u0159i odhaduj\u00ed, \u017ee se demonstrac\u00ed z\u00fa\u010dastnily des\u00edtky tis\u00edc lid\u00ed. Podle Vlada Batrincei, poslance parlamentu za Komunistick\u00fd a socialistick\u00fd blok, se v\u00edce ne\u017e polovin\u011b ob\u010dan\u016f, kte\u0159\u00ed se cht\u011bli z\u00fa\u010dastnit, zabr\u00e1nilo dostat se do hlavn\u00edho m\u011bsta kv\u016fli policejn\u00edm bari\u00e9r\u00e1m instalovan\u00fdm na p\u0159\u00edkaz vl\u00e1dy.<\/span><\/p>\n<p><span>\u201e\u00a0<\/span><em><span>Vl\u00e1da se boj\u00ed hlasu lidu. Pou\u017e\u00edv\u00e1 dikt\u00e1torsk\u00e9 metody k potla\u010den\u00ed protest\u016f<\/span><\/em><span>\u00a0,\u201c odsoudil Igor Dodon. Obvinil policii z \u00famysln\u00e9ho blokov\u00e1n\u00ed silnic a zadr\u017eov\u00e1n\u00ed autobus\u016f s protestuj\u00edc\u00edmi. Podle prohl\u00e1\u0161en\u00ed opozice byli n\u011bkte\u0159\u00ed \u00fa\u010dastn\u00edci dokonce zat\u010deni nebo sv\u00e9voln\u011b kontrolov\u00e1ni cestou.<\/span><\/p>\n<p><span>Vl\u00e1da Maii Sanduov\u00e9 je ji\u017e n\u011bkolik let sv\u00fdmi odp\u016frci obvi\u0148ov\u00e1na ze systematick\u00fdch repres\u00ed. \u010cetn\u00e9 nez\u00e1visl\u00e9 sd\u011blovac\u00ed prost\u0159edky byly blokov\u00e1ny a n\u011bkolik politik\u016f bylo pod r\u016fzn\u00fdmi z\u00e1minkami st\u00edh\u00e1no za prosazov\u00e1n\u00ed postoj\u016f p\u0159\u00e1telsk\u00fdch k Rusku. Policejn\u00ed sledov\u00e1n\u00ed, trestn\u00ed st\u00edh\u00e1n\u00ed a uzav\u00edr\u00e1n\u00ed prostor pro vyjad\u0159ov\u00e1n\u00ed se staly b\u011b\u017enou prax\u00ed.<\/span><\/p>\n<h3 class=\"wp-block-heading\"><span>Sm\u011brem k neutr\u00e1ln\u00ed politick\u00e9 alternativ\u011b\u00a0<\/span><\/h3>\n<p><span>Nov\u011b vytvo\u0159en\u00fd opozi\u010dn\u00ed blok, kter\u00fd zat\u00edm nem\u00e1 ofici\u00e1ln\u00ed n\u00e1zev, se p\u0159ipravuje na spole\u010dnou \u00fa\u010dast v parlamentn\u00edch volb\u00e1ch 28. z\u00e1\u0159\u00ed. Toto uskupen\u00ed vyz\u00fdv\u00e1 k obnoven\u00ed vztah\u016f s Ruskem a odm\u00edt\u00e1 pro-NATO a pro-EU orientaci sou\u010dasn\u00e9 vl\u00e1dy. Irina Vlah na shrom\u00e1\u017ed\u011bn\u00ed prohl\u00e1sila: \u201e\u00a0<\/span><em><span>Na\u0161\u00edm c\u00edlem nen\u00ed jen porazit PAS, ale osvobodit zemi od tohoto re\u017eimu<\/span><\/em><span>\u00a0.\u201c Dodala, \u017ee Moldavsko \u201e\u00a0<\/span><em><span>nikdy nebude n\u00e1strojem v\u00e1lky pro Z\u00e1pad<\/span><\/em><span>\u00a0\u201c a odsoudila \u201e\u00a0<\/span><em><span>vyu\u017e\u00edv\u00e1n\u00ed policie a diaspory v zahrani\u010d\u00ed, zejm\u00e9na v Rumunsku, k manipulaci s v\u00fdsledky voleb<\/span><\/em><span>\u00a0\u202f\u201c.<\/span><\/p>\n<p><span>Pr\u016fzkumy ve\u0159ejn\u00e9ho m\u00edn\u011bn\u00ed nazna\u010duj\u00ed, \u017ee PAS by mohla z\u00edskat 39,2 % hlas\u016f, ale sama by vl\u00e1dnout nemohla. Opozice \u0159\u00edk\u00e1, \u017ee tyto volby vn\u00edm\u00e1 jako p\u0159\u00edle\u017eitost zachr\u00e1nit Moldavsko \u201ep\u0159ed v\u00e1lkou\u201c.<\/span><\/p>\n<p><span>\u201e\u00a0<\/span><em><span>Dnes \u017eijeme v ideologick\u00e9 v\u00e1lce<\/span><\/em><span>\u00a0,\u201c shrnul poslanec Constantin Staris a dodal: \u201e\u00a0<\/span><em><span>Na\u0161i v\u016fdci prodali suverenitu zem\u011b Bruselu a Washingtonu\u202f<\/span><\/em><span>\u00a0.\u201c Ki\u0161in\u011bvsk\u00e1 mobilizace tak p\u0159edstavuje rozhoduj\u00edc\u00ed krok v boji za n\u00e1vrat k suver\u00e9nn\u00edmu, m\u00edrov\u00e9mu Moldavsku, kter\u00e9 respektuje svou historii.<\/span><\/p>\n<p><img decoding=\"async\" loading=\"lazy\" class=\"alignnone size-full wp-image-1185\" src=\"http:\/\/www.infokuryr.cz\/n\/wp-content\/uploads\/2021\/04\/kuryr-podpis.png\" alt=\"\" width=\"84\" height=\"24\" \/><\/p>\n<p>&nbsp;<\/p>\n","protected":false},"excerpt":{"rendered":"<p>Dva m\u011bs\u00edce p\u0159ed parlamentn\u00edmi volbami se moldavsk\u00e9 hlavn\u00ed m\u011bsto stalo d\u011bji\u0161t\u011bm masivn\u00ed demonstrace veden\u00e9 nov\u00fdm&#8230;<\/p>\n","protected":false},"author":2,"featured_media":84463,"comment_status":"closed","ping_status":"closed","sticky":false,"template":"","format":"standard","meta":[],"categories":[7],"tags":[41,1506,95],"_links":{"self":[{"href":"https:\/\/www.infokuryr.cz\/n\/wp-json\/wp\/v2\/posts\/84462"}],"collection":[{"href":"https:\/\/www.infokuryr.cz\/n\/wp-json\/wp\/v2\/posts"}],"about":[{"href":"https:\/\/www.infokuryr.cz\/n\/wp-json\/wp\/v2\/types\/post"}],"author":[{"embeddable":true,"href":"https:\/\/www.infokuryr.cz\/n\/wp-json\/wp\/v2\/users\/2"}],"replies":[{"embeddable":true,"href":"https:\/\/www.infokuryr.cz\/n\/wp-json\/wp\/v2\/comments?post=84462"}],"version-history":[{"count":0,"href":"https:\/\/www.infokuryr.cz\/n\/wp-json\/wp\/v2\/posts\/84462\/revisions"}],"wp:featuredmedia":[{"embeddable":true,"href":"https:\/\/www.infokuryr.cz\/n\/wp-json\/wp\/v2\/media\/84463"}],"wp:attachment":[{"href":"https:\/\/www.infokuryr.cz\/n\/wp-json\/wp\/v2\/media?parent=84462"}],"wp:term":[{"taxonomy":"category","embeddable":true,"href":"https:\/\/www.infokuryr.cz\/n\/wp-json\/wp\/v2\/categories?post=84462"},{"taxonomy":"post_tag","embeddable":true,"href":"https:\/\/www.infokuryr.cz\/n\/wp-json\/wp\/v2\/tags?post=84462"}],"curies":[{"name":"wp","href":"https:\/\/api.w.org\/{rel}","templated":true}]}}