{"id":8446,"date":"2022-02-21T03:42:42","date_gmt":"2022-02-21T02:42:42","guid":{"rendered":"http:\/\/www.infokuryr.cz\/n\/?p=8446"},"modified":"2022-02-21T03:42:42","modified_gmt":"2022-02-21T02:42:42","slug":"ted-uz-nam-tedy-nezbyva-nic-nez-tu-valku-spustit","status":"publish","type":"post","link":"https:\/\/www.infokuryr.cz\/n\/2022\/02\/21\/ted-uz-nam-tedy-nezbyva-nic-nez-tu-valku-spustit\/","title":{"rendered":"Te\u010f u\u017e n\u00e1m tedy nezb\u00fdv\u00e1 nic, ne\u017e\u00a0 tu v\u00e1lku spustit"},"content":{"rendered":"<div id=\"fb-root\"><\/div>\n<p>Za\u010dal to Biden a britsk\u00fd premi\u00e9r Johnson to p\u0159evedl do podrobnost\u00ed: \u201eJe naprosto jist\u00e9 a z\u00e1padn\u00ed zpravodajsk\u00e9 slu\u017eby to potvrzuj\u00ed, \u017ee Rusko ka\u017ed\u00fdm okam\u017eikem napadne Ukrajinu a obkl\u00ed\u010d\u00ed jej\u00ed hlavn\u00ed m\u011bsto Kyjev\u201c.<\/p>\n<p>Nab\u00edz\u00ed se ot\u00e1zka: jak si tihle st\u00e1tn\u00edci mohou b\u00fdt tak jisti, \u017ee ta v\u00e1lka bude?<\/p>\n<p>Odpov\u011b\u010f: Proto\u017ee ji sami inspirovali, jej\u00ed zah\u00e1jen\u00ed pom\u00e1hali p\u0159ipravit a v t\u011bchto okam\u017eic\u00edch v\u011bd\u00ed hlavn\u011b to, \u017ee u\u017e je neodvratiteln\u00e1. P\u0159esn\u011bji \u0159e\u010deno v\u011bd\u00ed, \u017ee ani v nejmen\u0161\u00ed nen\u00ed jejich v\u016fl\u00ed a p\u0159\u00e1n\u00edm\u00a0 v\u00e1lku odvr\u00e1tit. Proto t\u00e9\u017e na\u0161li odvahu k tomu, \u017ee do sv\u00e9ho ozn\u00e1men\u00ed o nevyhnutelnosti rusk\u00e9ho zah\u00e1jen\u00ed v\u00e1lky vlo\u017eili nejen v\u0161echnu svou presti\u017e osobn\u00ed, ale i presti\u017e cel\u00e9ho z\u00e1padn\u00edho sv\u011bta, kter\u00fd reprezentuj\u00ed. P\u0159edpov\u00eddan\u00e1 v\u00e1lka mus\u00ed tedy bouchnout &#8211; nic jin\u00e9ho n\u00e1m, mil\u00ed na\u0161i spolupracovn\u00edci z B\u00edl\u00e9ho domu a z lond\u00fdnsk\u00e9ho Downing Street \u010d. 10 u\u017e nezb\u00fdv\u00e1. A\u00a0 na po\u0159adu dne je tedy u\u017e jen to posledn\u00ed: prov\u00e9st onen \u00fatok pod fale\u0161nou vlajkou tak, aby vypadal jako \u00fatok proveden\u00fd Rusy, t\u0159eba\u017ee jej provedou Ukrajinci, veden\u00ed zku\u0161enou rukou na\u0161\u00ed osv\u011bd\u010den\u00e9 CIA. Co\u017e v\u0161e prob\u011bhne na p\u016fdorysu sou\u010dasn\u00e9ho postaven\u00ed ukrajinsk\u00fdch vojsk, kter\u00e1, jak v\u00edte, nestoj\u00ed po cel\u00e9 d\u00e9lce pozemn\u00edch ukrajinsko-rusk\u00fdch hranic, \u010d\u00edtaj\u00edc\u00edch zhruba 1 500 kilometr\u016f, ale jsou v po\u010dtu 150 000 voj\u00e1k\u016f obr\u00e1cena jen proti zhruba 500 km dlouh\u00e9 ukrajinsk\u00e9 hranici\u00a0 s Donbasem, co\u017e je p\u0159ev\u00e1\u017en\u011b Rusy os\u00eddlen\u00e9 povstaleck\u00e9 \u00fazem\u00ed, skl\u00e1daj\u00edc\u00ed se z dne\u0161n\u00ed Don\u011bck\u00e9 lidov\u00e9 republiky a\u00a0 Luhansk\u00e9 lidov\u00e9 republiky.<\/p>\n<p>\u017de ukrajinsk\u00e9 vojsko nestoj\u00ed na zhruba 1 500 km dlouh\u00e9 hranic\u00ed s Ruskem, odkud se rusk\u00fd \u00fatok teoreticky o\u010dek\u00e1vat d\u00e1, ale stoj\u00ed jen na zhruba 500 kilometr\u016f dlouh\u00e9 hranici s Donbasem, odkud se rusk\u00fd \u00fatok naopak o\u010dek\u00e1vat ned\u00e1, vypad\u00e1 sice jako opat\u0159en\u00ed na hlavu padl\u00e9, ale z\u00edsk\u00e1\u00a0 hlubok\u00fd smysl, kdy\u017e si uv\u011bdom\u00edme, \u017ee vedle obrany existuje ve v\u00e1le\u010dn\u00e9 strategii a taktice i \u00fatok. A do\u0159eknu v\u00e1m u\u017e jen tohle: Samoz\u0159ejm\u011b, \u017ee a\u017e se on\u011bch 150 000 ukrajinsk\u00fdch voj\u00e1k\u016f proti Donbasu vrhne, p\u0159ijdou Rusov\u00e9 napaden\u00e9 oblasti na pomoc a ukrajinsk\u00fd \u00fatok bude odra\u017een.a vr\u017een zp\u011bt, nejsp\u00ed\u0161 a\u017e na ukrajinsk\u00e9 \u00fazem\u00ed. A pr\u00e1v\u011b tahle na\u0161e zd\u00e1nliv\u00e1 prohra a nov\u00e1 p\u0159\u00edtomnost Rus\u016f na ukrajinsk\u00e9m \u00fazem\u00ed, bude, na\u0161i mil\u00ed\u00a0 spolupracovn\u00edci, na\u0161\u00ed velkou a osudovou v\u00fdhrou. Pro na\u0161i propagandu bude toti\u017e hra\u010dkou u\u010dinit z ukrajinsk\u00fdch \u00fato\u010dn\u00edk\u016f obr\u00e1nce, v\u0161echny televizn\u00ed i filmov\u00e9 z\u00e1b\u011bry o rusk\u00e9m \u00fatoku proti Ukrajin\u011b s pozab\u00edjen\u00fdmi\u00a0 ukrajinsk\u00fdmi nejen voj\u00e1ky, ale i civilisty a d\u011btmi u\u017e m\u00e1me p\u0159edem nato\u010den\u00e9 a p\u0159ipraven\u00e9, a bude to tedy nejen all right, ale i OK. Rus bude ozna\u010den za nel\u00edtostn\u00e9ho agresora a nep\u0159\u00edtele lidsk\u00e9ho rodu, Rus\u016fm bude zak\u00e1z\u00e1n p\u0159\u00edstup na sv\u011btov\u00e1 um\u011bleck\u00e1 a sportovn\u00ed kl\u00e1n\u00ed a p\u0159edstaven\u00ed, ropovod Nord Stream 2 kone\u010dn\u011b\u00a0 padne, Evropa bude va\u0159it nad americk\u00fdm zkapaln\u011bn\u00fdm plynem, americk\u00e9 energetick\u00e9 spole\u010dnosti zbohatnou, americk\u00e1 vl\u00e1da nad Evropou se utu\u017e\u00ed \u2013 a s Ruskem a s jeho vlivem na sv\u011btov\u00e9 d\u011bn\u00ed\u00a0 bude ve v\u0161ech ohledech kone\u010dn\u011b a definitivn\u011b \u00e1men.<\/p>\n<p>Tak\u017ee dr\u017ete, na\u0161emu \u00fasil\u00ed palce. Jde o boj spravedliv\u00fd.<\/p>\n<p>Lubom\u00edr Man<\/p>\n<p><img decoding=\"async\" loading=\"lazy\" class=\"alignnone size-full wp-image-860\" src=\"http:\/\/www.infokuryr.cz\/n\/wp-content\/uploads\/2021\/04\/lub_man.jpg\" alt=\"\" width=\"143\" height=\"200\" \/><\/p>\n<p>&nbsp;<\/p>\n<p>&nbsp;<\/p>\n","protected":false},"excerpt":{"rendered":"<p>Za\u010dal to Biden a britsk\u00fd premi\u00e9r Johnson to p\u0159evedl do podrobnost\u00ed: \u201eJe naprosto jist\u00e9 a&#8230;<\/p>\n","protected":false},"author":2,"featured_media":8416,"comment_status":"closed","ping_status":"closed","sticky":false,"template":"","format":"standard","meta":[],"categories":[6],"tags":[64,29,22,26,37],"_links":{"self":[{"href":"https:\/\/www.infokuryr.cz\/n\/wp-json\/wp\/v2\/posts\/8446"}],"collection":[{"href":"https:\/\/www.infokuryr.cz\/n\/wp-json\/wp\/v2\/posts"}],"about":[{"href":"https:\/\/www.infokuryr.cz\/n\/wp-json\/wp\/v2\/types\/post"}],"author":[{"embeddable":true,"href":"https:\/\/www.infokuryr.cz\/n\/wp-json\/wp\/v2\/users\/2"}],"replies":[{"embeddable":true,"href":"https:\/\/www.infokuryr.cz\/n\/wp-json\/wp\/v2\/comments?post=8446"}],"version-history":[{"count":0,"href":"https:\/\/www.infokuryr.cz\/n\/wp-json\/wp\/v2\/posts\/8446\/revisions"}],"wp:featuredmedia":[{"embeddable":true,"href":"https:\/\/www.infokuryr.cz\/n\/wp-json\/wp\/v2\/media\/8416"}],"wp:attachment":[{"href":"https:\/\/www.infokuryr.cz\/n\/wp-json\/wp\/v2\/media?parent=8446"}],"wp:term":[{"taxonomy":"category","embeddable":true,"href":"https:\/\/www.infokuryr.cz\/n\/wp-json\/wp\/v2\/categories?post=8446"},{"taxonomy":"post_tag","embeddable":true,"href":"https:\/\/www.infokuryr.cz\/n\/wp-json\/wp\/v2\/tags?post=8446"}],"curies":[{"name":"wp","href":"https:\/\/api.w.org\/{rel}","templated":true}]}}