{"id":84458,"date":"2025-07-28T00:24:35","date_gmt":"2025-07-27T22:24:35","guid":{"rendered":"https:\/\/www.infokuryr.cz\/n\/?p=84458"},"modified":"2025-07-27T16:26:33","modified_gmt":"2025-07-27T14:26:33","slug":"londyn-1000-hrncu-a-panvi-pred-kancelari-premiera-odsoudilo-hladomor-v-gaze","status":"publish","type":"post","link":"https:\/\/www.infokuryr.cz\/n\/2025\/07\/28\/londyn-1000-hrncu-a-panvi-pred-kancelari-premiera-odsoudilo-hladomor-v-gaze\/","title":{"rendered":"Lond\u00fdn: 1000 hrnc\u016f a p\u00e1nv\u00ed p\u0159ed kancel\u00e1\u0159\u00ed premi\u00e9ra odsoudilo hladomor v Gaze"},"content":{"rendered":"<div id=\"fb-root\"><\/div>\n<p><span>Tis\u00edce lid\u00ed v p\u00e1tek protestovaly p\u0159ed kancel\u00e1\u0159\u00ed britsk\u00e9ho premi\u00e9ra v Lond\u00fdn\u011b a polo\u017eily 1000 hrnc\u016f a p\u00e1nv\u00ed na pam\u00e1tku v\u00edce ne\u017e 1000 Palestinc\u016f zabit\u00fdch Izraelem p\u0159i hled\u00e1n\u00ed j\u00eddla.<\/span><\/p>\n<p><span>Demonstranti bouchali do hrnc\u016f a p\u00e1nv\u00ed, aby odsoudili hladomor \u201ez\u00e1m\u011brn\u011b vynucen\u00fd Izraelem\u201c, a shrom\u00e1\u017edili se p\u0159ed kancel\u00e1\u0159\u00ed Keira Starmera na Downing Street 10.<\/span><\/p>\n<p><span>Organizace Solidarita s Palestinou (PSC), jedna z organizac\u00ed stoj\u00edc\u00ed za protestem, na X napsala: \u201eP\u0159ed Downing Street v Lond\u00fdn\u011b bylo ponech\u00e1no 1 000 hrnc\u016f a p\u00e1nv\u00ed pro v\u00edce ne\u017e 1 000 Palestinc\u016f, kte\u0159\u00ed byli zabiti p\u0159i hled\u00e1n\u00ed j\u00eddla, zat\u00edmco je Izrael \u2013 spojenec britsk\u00e9 vl\u00e1dy \u2013 \u00famysln\u011b vyhladov\u00ed.\u201c<\/span><\/p>\n<p><span>Protestuj\u00edc\u00ed dr\u017eeli palestinsk\u00e9 vlajky a transparenty a odsuzovali Izrael a britskou vl\u00e1du za zoufalou situaci v p\u00e1smu Gazy.<\/span><\/p>\n<p><span>Ministerstvo zdravotnictv\u00ed v Gaze v p\u00e1tek brzy r\u00e1no ozn\u00e1milo, \u017ee za posledn\u00edch 24 hodin zem\u0159elo v d\u016fsledku hladov\u011bn\u00ed a podv\u00fd\u017eivy dal\u0161\u00edch dev\u011bt Palestinc\u016f, \u010d\u00edm\u017e se celkov\u00fd po\u010det \u00famrt\u00ed souvisej\u00edc\u00edch s hladem zv\u00fd\u0161il na 122, v\u010detn\u011b 83 d\u011bt\u00ed.<\/span><\/p>\n<p><span>Protestuj\u00edc\u00ed pot\u00e9 p\u0159ed kancel\u00e1\u0159\u00ed premi\u00e9ra um\u00edstili 1 000 hrnc\u016f a p\u00e1nv\u00ed, aby po\u017eadovali, aby vl\u00e1da p\u0159ijala \u201eokam\u017eit\u00e9 opat\u0159en\u00ed\u201c k donucen\u00ed Izraele ukon\u010dit hladov\u011bn\u00ed, kter\u00e9mu jsou vystaveni Palestinci v Gaze.<\/span><\/p>\n<p><span>Protestuj\u00edc\u00ed Clive agentu\u0159e Anadolu \u0159ekl: \u201e\u00a0<\/span><em><span>Hladov\u011bn\u00ed a str\u00e1d\u00e1n\u00ed v Gaze jsou bez rozd\u00edlu a zd\u00e1 se, \u017ee je nic nem\u016f\u017ee zastavit<\/span><\/em><span>\u00a0.\u201c<\/span><\/p>\n<div class=\"wp-block-image\">\n<figure class=\"aligncenter size-full is-resized\"><a class=\"single-popup\" href=\"https:\/\/i0.wp.com\/reseauinternational.net\/wp-content\/uploads\/2025\/07\/TRT-20250727.jpg?quality=100&amp;ssl=1\"><img decoding=\"async\" loading=\"lazy\" class=\"wp-image-473333 aligncenter\" src=\"https:\/\/i0.wp.com\/reseauinternational.net\/wp-content\/uploads\/2025\/07\/TRT-20250727.jpg?resize=238%2C791&amp;quality=100&amp;ssl=1\" sizes=\"auto\" srcset=\"https:\/\/i0.wp.com\/reseauinternational.net\/wp-content\/uploads\/2025\/07\/TRT-20250727.jpg?w=238&amp;quality=100&amp;ssl=1 238w, https:\/\/i0.wp.com\/reseauinternational.net\/wp-content\/uploads\/2025\/07\/TRT-20250727.jpg?resize=90%2C300&amp;quality=100&amp;ssl=1 90w,https:\/\/i0.wp.com\/reseauinternational.net\/wp-content\/uploads\/2025\/07\/TRT-20250727.jpg?resize=320%2C1064&amp;quality=100&amp;ssl=1&amp;_jb=custom 1913w\" alt=\"\" width=\"280\" height=\"931\" data-recalc-dims=\"1\" \/><\/a><\/figure>\n<\/div>\n<p><span>\u201e\u00a0<\/span><em><span>Nikdo se proti tomu nestav\u00ed. Ka\u017ed\u00fd, kdo se proti tomu postav\u00ed, je ozna\u010den za antisemitu jen proto, \u017ee projevuje lidskost. Status quo z\u016fst\u00e1v\u00e1 zachov\u00e1n. Izrael nad\u00e1le zab\u00edj\u00ed. Nejen Ham\u00e1s, ale bez rozd\u00edlu \u2013 nevinn\u00e9 d\u011bti v\u0161ech v\u011bkov\u00fdch kategori\u00ed, \u017eeny, mu\u017ee. A nikdo to nezastav\u00ed. Je to hrozn\u00e9<\/span><\/em><span>\u00a0,\u201c \u0159ekl rozho\u0159\u010den\u011b.<\/span><\/p>\n<p><span>&#8220;\u00a0<\/span><em><span>Nemaj\u00ed \u017e\u00e1dnou hanbu<\/span><\/em><span>\u00a0.&#8220;<\/span><\/p>\n<p><span>Paul, dal\u0161\u00ed protestuj\u00edc\u00ed, \u0159ekl, \u017ee ho \u201eunavuje pohled na z\u00e1b\u011bry bombardovan\u00e9 Gazy a um\u00edraj\u00edc\u00edch d\u011bt\u00ed\u201c.<\/span><\/p>\n<p><span>\u201e\u00a0<\/span><em><span>Mu\u017ei, \u017eeny a d\u011bti um\u00edraj\u00ed hlady. Nyn\u00ed vid\u00edme, jak lid\u00e9 hladov\u00ed. To se d\u011bje u\u017e velmi, velmi dlouho<\/span><\/em><span>\u00a0,\u201c \u0159ekl.<\/span><\/p>\n<p><span>S odkazem na okupovan\u00fd Z\u00e1padn\u00ed b\u0159eh Jord\u00e1nu Pavel odsoudil trval\u00fd stav obl\u00e9h\u00e1n\u00ed a \u201ekr\u00e1de\u017e p\u016fdy\u201c, kdy jsou Palestinci vyh\u00e1n\u011bni ze sv\u00fdch domov\u016f a napad\u00e1ni izraelsk\u00fdmi osadn\u00edky.<\/span><\/p>\n<p><span>\u201e\u00a0<\/span><em><span>Izrael\u0161t\u00ed minist\u0159i otev\u0159en\u011b hovo\u0159\u00ed o etnick\u00fdch \u010distk\u00e1ch a vra\u017ed\u00e1ch v\u0161ech Palestinc\u016f. Nestyd\u00ed se prohl\u00e1sit, \u017ee mu\u010den\u00ed je pro palestinsk\u00e9 v\u011bzn\u011b p\u0159ijateln\u00e9<\/span><\/em><span>\u00a0,\u201c odsoudil.<\/span><\/p>\n<p><span>Od \u0159\u00edjna 2023 Izrael v p\u00e1smu Gazy zabil v\u00edce ne\u017e 59 700 Palestinc\u016f, v\u011bt\u0161inou \u017een a d\u011bt\u00ed. Vojensk\u00e1 kampa\u0148 zdevastovala enkl\u00e1vu, zp\u016fsobila kolaps syst\u00e9mu zdravotnictv\u00ed a vedla k v\u00e1\u017en\u00e9mu nedostatku potravin.<\/span><\/p>\n<p><span>Mezin\u00e1rodn\u00ed trestn\u00ed soud (ICC) vydal v listopadu lo\u0148sk\u00e9ho roku zatyka\u010de na izraelsk\u00e9ho premi\u00e9ra Benjamina Netanjahua a jeho b\u00fdval\u00e9ho ministra obrany Joava Gallanta za v\u00e1le\u010dn\u00e9 zlo\u010diny a zlo\u010diny proti lidskosti v Gaze. Izrael tak\u00e9 \u010del\u00ed u Mezin\u00e1rodn\u00edho soudn\u00edho dvora \u0159\u00edzen\u00ed o genocid\u011b kv\u016fli v\u00e1lce v Gaze.<\/span><\/p>\n<p><span>Zdroj: <\/span><a title=\"TRT Global\" href=\"https:\/\/trt.global\/fran%C3%A7ais\/article\/ebac333958c2\" target=\"_blank\" rel=\"noopener\"><span>TRT Global<\/span><\/a><\/p>\n<p>&nbsp;<\/p>\n","protected":false},"excerpt":{"rendered":"<p>Tis\u00edce lid\u00ed v p\u00e1tek protestovaly p\u0159ed kancel\u00e1\u0159\u00ed britsk\u00e9ho premi\u00e9ra v Lond\u00fdn\u011b a polo\u017eily 1000 hrnc\u016f&#8230;<\/p>\n","protected":false},"author":2,"featured_media":84459,"comment_status":"closed","ping_status":"closed","sticky":false,"template":"","format":"standard","meta":[],"categories":[7],"tags":[348,9546,306,815],"_links":{"self":[{"href":"https:\/\/www.infokuryr.cz\/n\/wp-json\/wp\/v2\/posts\/84458"}],"collection":[{"href":"https:\/\/www.infokuryr.cz\/n\/wp-json\/wp\/v2\/posts"}],"about":[{"href":"https:\/\/www.infokuryr.cz\/n\/wp-json\/wp\/v2\/types\/post"}],"author":[{"embeddable":true,"href":"https:\/\/www.infokuryr.cz\/n\/wp-json\/wp\/v2\/users\/2"}],"replies":[{"embeddable":true,"href":"https:\/\/www.infokuryr.cz\/n\/wp-json\/wp\/v2\/comments?post=84458"}],"version-history":[{"count":0,"href":"https:\/\/www.infokuryr.cz\/n\/wp-json\/wp\/v2\/posts\/84458\/revisions"}],"wp:featuredmedia":[{"embeddable":true,"href":"https:\/\/www.infokuryr.cz\/n\/wp-json\/wp\/v2\/media\/84459"}],"wp:attachment":[{"href":"https:\/\/www.infokuryr.cz\/n\/wp-json\/wp\/v2\/media?parent=84458"}],"wp:term":[{"taxonomy":"category","embeddable":true,"href":"https:\/\/www.infokuryr.cz\/n\/wp-json\/wp\/v2\/categories?post=84458"},{"taxonomy":"post_tag","embeddable":true,"href":"https:\/\/www.infokuryr.cz\/n\/wp-json\/wp\/v2\/tags?post=84458"}],"curies":[{"name":"wp","href":"https:\/\/api.w.org\/{rel}","templated":true}]}}