{"id":8444,"date":"2022-02-21T03:38:29","date_gmt":"2022-02-21T02:38:29","guid":{"rendered":"http:\/\/www.infokuryr.cz\/n\/?p=8444"},"modified":"2022-02-21T03:38:29","modified_gmt":"2022-02-21T02:38:29","slug":"predseda-mov-thomas-bach-opetne-prijal-exkluzivni-rozhovor-s-cmg","status":"publish","type":"post","link":"https:\/\/www.infokuryr.cz\/n\/2022\/02\/21\/predseda-mov-thomas-bach-opetne-prijal-exkluzivni-rozhovor-s-cmg\/","title":{"rendered":"P\u0159edseda MOV Thomas Bach op\u011btn\u011b p\u0159ijal exkluzivn\u00ed rozhovor s CMG"},"content":{"rendered":"<div id=\"fb-root\"><\/div>\n<p>U p\u0159\u00edle\u017eitosti skon\u010den\u00ed Zimn\u00edch olympijsk\u00fdch her v Pekingu 2022 p\u0159edseda Mezin\u00e1rodn\u00edho olympijsk\u00e9ho v\u00fdboru Thomas Bach v ned\u011bli odpoledne op\u011btn\u011b p\u0159ijal exkluzivn\u00ed rozhovor s report\u00e9rem CMG (China Media Group) ve studiu v n\u00e1rodn\u00edm sportovn\u00edm stadionu Pta\u010d\u00edm hn\u00edzd\u011b.<\/p>\n<p>Report\u00e9r: Jak\u00fd mysl\u00edte, \u017ee leto\u0161n\u00ed Zimn\u00ed olympijsk\u00e9 hry zanechaj\u00ed d\u016fle\u017eit\u00fd historick\u00fd v\u00fdznam pro mezin\u00e1rodn\u00ed olympijsk\u00e9 hnut\u00ed a dne\u0161n\u00ed sv\u011bt?<\/p>\n<p>Thomas Bach: Za prv\u00e9, tento odkaz zanechaj\u00ed Zimn\u00ed olympijsk\u00e9 hry, zimn\u00ed sporty p\u0159i Zimn\u00edch olympijsk\u00fdch hr\u00e1ch v Pekingu 2022 pro\u0161ly obrovsk\u00fdmi prom\u011bnami, proto\u017ee se v \u010c\u00edn\u011b z\u00fa\u010dastnilo 300 milion\u016f lid\u00ed zimn\u00edch sport\u016f. Zimn\u00ed sporty budou m\u00edt obrovsk\u00fd potenci\u00e1l a mezin\u00e1rodn\u00ed federace r\u016fzn\u00fdch zimn\u00edch sport\u016f tak\u00e9 velmi r\u00e1dy vid\u00ed tento v\u00fdsledek a dos\u00e1hly shody s p\u0159\u00edslu\u0161n\u00fdmi stranami v \u010c\u00edn\u011b, aby se zimn\u00ed sporty neomezovaly jen na Zimn\u00ed olympijsk\u00e9 hry, ale aby si udr\u017eely udr\u017eiteln\u00fd rozvoj.<\/p>\n<p>Report\u00e9r: Co si mysl\u00edte, jak\u00e1 je zm\u011bna nad\u0161en\u00ed \u010d\u00ednsk\u00e9ho lidu k \u00fa\u010dasti na zimn\u00edch sportech po Zimn\u00edch olympijsk\u00fdch hr\u00e1ch v Pekingu?<\/p>\n<p>Bach: Jsme p\u0159esv\u011bd\u010deni, \u017ee zimn\u00ed sporty mus\u00ed zm\u011bnit n\u011bco ze \u017eivotn\u00edho stylu lid\u00ed, v\u00edce sport\u016f znamen\u00e1 tak\u00e9 \u017eivotn\u00ed styl a zdrav\u00ed, nejen zdrav\u00ed t\u011bla, ale i du\u0161evn\u00ed zdrav\u00ed. Tak\u017ee m\u016f\u017eeme vid\u011bt b\u011bhem epidemie, du\u0161evn\u00ed zdrav\u00ed a fyzick\u00e9 zdrav\u00ed jsou d\u016fle\u017eit\u00e9, aby n\u00e1m pomohly \u0159e\u0161it n\u011bkter\u00e1 omezen\u00ed epidemie.<\/p>\n<p>Report\u00e9r: \u010c\u00edn\u0161t\u00ed sportovci dos\u00e1hli pr\u016flomov\u00fdch v\u00fdsledk\u016f v t\u011bchto zimn\u00edch olympijsk\u00fdch hr\u00e1ch, jak hodnot\u00edte \u010d\u00ednskou sportovn\u00ed v\u00fdpravu? Jakou roli budou hr\u00e1t takov\u00e9 v\u00fdsledky pro v\u00fdvoj zimn\u00edch sport\u016f v \u010c\u00edn\u011b?<\/p>\n<p>Thomas Bach: Jsem velmi r\u00e1d, \u017ee jsem vid\u011bl z\u00e1vody \u010d\u00ednsk\u00fdch sportovc\u016f, zejm\u00e9na z\u00e1vody Gu Ailing Eileen zv\u00edt\u011bzila zlatou medaili ve skoc\u00edch na ly\u017e\u00edch a v\u010dera \u010d\u00edn\u0161t\u00ed krasobrusla\u0159i tak\u00e9 z\u00edskali zlatou medaili. Vid\u011bl jsem nad\u0161en\u00ed sportovc\u016f. Tito sportovci se stanou modelem lid\u00ed, nejen model pro zimn\u00ed sporty, ale model pro \u010d\u00ednsk\u00e9 sporty. M\u016f\u017eeme vid\u011bt, \u017ee tito sportovci s medail\u00ed povzbuzuj\u00ed v\u0161echny lidi a stanou se velvyslancem olympijsk\u00fdch sport\u016f a olympijsk\u00fdch hodnot.<\/p>\n<p><img decoding=\"async\" loading=\"lazy\" class=\"alignnone size-full wp-image-1185\" src=\"http:\/\/www.infokuryr.cz\/n\/wp-content\/uploads\/2021\/04\/kuryr-podpis.png\" alt=\"\" width=\"84\" height=\"24\" \/><\/p>\n<p>&nbsp;<\/p>\n","protected":false},"excerpt":{"rendered":"<p>U p\u0159\u00edle\u017eitosti skon\u010den\u00ed Zimn\u00edch olympijsk\u00fdch her v Pekingu 2022 p\u0159edseda Mezin\u00e1rodn\u00edho olympijsk\u00e9ho v\u00fdboru Thomas Bach&#8230;<\/p>\n","protected":false},"author":2,"featured_media":8445,"comment_status":"closed","ping_status":"closed","sticky":false,"template":"","format":"standard","meta":[],"categories":[7],"tags":[30,1916,1915,1052],"_links":{"self":[{"href":"https:\/\/www.infokuryr.cz\/n\/wp-json\/wp\/v2\/posts\/8444"}],"collection":[{"href":"https:\/\/www.infokuryr.cz\/n\/wp-json\/wp\/v2\/posts"}],"about":[{"href":"https:\/\/www.infokuryr.cz\/n\/wp-json\/wp\/v2\/types\/post"}],"author":[{"embeddable":true,"href":"https:\/\/www.infokuryr.cz\/n\/wp-json\/wp\/v2\/users\/2"}],"replies":[{"embeddable":true,"href":"https:\/\/www.infokuryr.cz\/n\/wp-json\/wp\/v2\/comments?post=8444"}],"version-history":[{"count":0,"href":"https:\/\/www.infokuryr.cz\/n\/wp-json\/wp\/v2\/posts\/8444\/revisions"}],"wp:featuredmedia":[{"embeddable":true,"href":"https:\/\/www.infokuryr.cz\/n\/wp-json\/wp\/v2\/media\/8445"}],"wp:attachment":[{"href":"https:\/\/www.infokuryr.cz\/n\/wp-json\/wp\/v2\/media?parent=8444"}],"wp:term":[{"taxonomy":"category","embeddable":true,"href":"https:\/\/www.infokuryr.cz\/n\/wp-json\/wp\/v2\/categories?post=8444"},{"taxonomy":"post_tag","embeddable":true,"href":"https:\/\/www.infokuryr.cz\/n\/wp-json\/wp\/v2\/tags?post=8444"}],"curies":[{"name":"wp","href":"https:\/\/api.w.org\/{rel}","templated":true}]}}