{"id":8443,"date":"2022-02-21T03:36:05","date_gmt":"2022-02-21T02:36:05","guid":{"rendered":"http:\/\/www.infokuryr.cz\/n\/?p=8443"},"modified":"2022-02-21T03:36:05","modified_gmt":"2022-02-21T02:36:05","slug":"wang-yi-vyjadril-stanovisko-k-ukrajinske-otazce","status":"publish","type":"post","link":"https:\/\/www.infokuryr.cz\/n\/2022\/02\/21\/wang-yi-vyjadril-stanovisko-k-ukrajinske-otazce\/","title":{"rendered":"Wang Yi vyj\u00e1d\u0159il stanovisko k ukrajinsk\u00e9 ot\u00e1zce"},"content":{"rendered":"<div id=\"fb-root\"><\/div>\n<p>\u010clen \u010d\u00ednsk\u00e9 St\u00e1tn\u00ed rady a ministr zahrani\u010dn\u00edch v\u011bc\u00ed Wang Yi (Wang I) se v sobotu ve\u010der z\u00fa\u010dastnil 58. Mnichovsk\u00e9 bezpe\u010dnostn\u00ed konference prost\u0159ednictv\u00edm videa a p\u0159ednesl tematick\u00fd projev. Wang Yi odpov\u011bd\u011bl ot\u00e1zky od moder\u00e1tora ohledn\u011b roz\u0161\u00ed\u0159en\u00ed NATO na v\u00fdchod, evropsk\u00e9 bezpe\u010dnosti a postoje k ukrajinsk\u00e9 situaci.<\/p>\n<p>Wang Yi \u0159ekl, \u017ee studen\u00e1 v\u00e1lka d\u00e1vno skon\u010dila. NATO jako produkt studen\u00e9 v\u00e1lky by m\u011blo v sou\u010dasn\u00e9 dob\u011b ud\u011blat pot\u0159ebnou regulaci. Pokud NATO st\u00e1le podporuje roz\u0161i\u0159ov\u00e1n\u00ed na v\u00fdchod, p\u0159isp\u011bje to k m\u00edru a stabilit\u011b v Evrop\u011b, p\u0159isp\u011bje to k realizaci dlouhodob\u00e9 bezpe\u010dnosti? To je ot\u00e1zka, kter\u00e1 stoj\u00ed za zamy\u0161len\u00ed pro evropsk\u00e9 p\u0159\u00e1tele.<\/p>\n<p>Wang Yi zd\u016fraznil, \u017ee suverenita, nez\u00e1vislost a celistvost \u00fazemn\u00ed by m\u011bly b\u00fdt respektov\u00e1ny, proto\u017ee to je z\u00e1kladn\u00ed princip mezin\u00e1rodn\u00edch vztah\u016f a odr\u00e1\u017e\u00ed c\u00edl Charty OSN. \u010c\u00edna st\u00e1le podporuje tento princip k Ukrajin\u011b bez v\u00fdjimky. Pokud n\u011bkdo v t\u00e9to ot\u00e1zce o \u010c\u00edn\u011b pochybuje, tak zkresl\u00ed \u010d\u00ednsk\u00e9 stanovisko jin\u00fdmi z\u00e1m\u011bry.<\/p>\n<p>Wang Yi \u0159ekl, \u017ee \u010c\u00edna jako st\u00e1l\u00fd \u010dlen Rady bezpe\u010dnosti OSN rozhodne sv\u00e9 stanovisko podle skute\u010dnosti v \u0159e\u0161en\u00ed mezin\u00e1rodn\u00edch z\u00e1le\u017eitostech. \u010c\u00edna se domn\u00edv\u00e1, \u017ee na ukrajinskou ot\u00e1zku by se r\u016fzn\u00e9 strany vr\u00e1tily do startu nov\u00e9 dohody v Minsku. Vzhledem k tomu, \u017ee tato dohoda je z\u00e1vazn\u00e1 dohoda, kter\u00e1 je sjedn\u00e1na prost\u0159ednictv\u00edm jedn\u00e1n\u00ed, je to jedin\u00fd zp\u016fsob, jak vy\u0159e\u0161it ukrajinsk\u00fd probl\u00e9m. Zaznamenal jsem, \u017ee Rusko a EU podporuj\u00ed novou dohodu v Minsku. P\u0159i ned\u00e1vn\u00e9m rozhovoru se sv\u00fdm americk\u00fdm prot\u011bj\u0161kem Antonym Blinkemem Spojen\u00e9 st\u00e1ty tak\u00e9 vyj\u00e1d\u0159ily podporu k t\u00e9to dohod\u011b. V tomto p\u0159\u00edpad\u011b, pro\u010d nemohou v\u0161ichni sed\u011bt spole\u010dn\u011b za plnou diskusi a rozv\u00edjet cestovn\u00ed mapu a harmonogram pro prov\u00e1d\u011bn\u00ed dohody. V sou\u010dasn\u00e9 dob\u011b p\u0159\u00edslu\u0161n\u00e9 strany mus\u00ed b\u00fdt zodpov\u011bdn\u00e9 a usilovat o m\u00edru sp\u00ed\u0161e ne\u017e tla\u010dit nap\u011bt\u00ed, v\u00fdrobu paniky a dokonce podporu v\u00e1lky.<\/p>\n<p><img decoding=\"async\" loading=\"lazy\" class=\"alignnone size-full wp-image-1185\" src=\"http:\/\/www.infokuryr.cz\/n\/wp-content\/uploads\/2021\/04\/kuryr-podpis.png\" alt=\"\" width=\"84\" height=\"24\" \/><\/p>\n<p>&nbsp;<\/p>\n","protected":false},"excerpt":{"rendered":"<p>\u010clen \u010d\u00ednsk\u00e9 St\u00e1tn\u00ed rady a ministr zahrani\u010dn\u00edch v\u011bc\u00ed Wang Yi (Wang I) se v sobotu&#8230;<\/p>\n","protected":false},"author":2,"featured_media":1740,"comment_status":"closed","ping_status":"closed","sticky":false,"template":"","format":"standard","meta":[],"categories":[7],"tags":[30,26,40],"_links":{"self":[{"href":"https:\/\/www.infokuryr.cz\/n\/wp-json\/wp\/v2\/posts\/8443"}],"collection":[{"href":"https:\/\/www.infokuryr.cz\/n\/wp-json\/wp\/v2\/posts"}],"about":[{"href":"https:\/\/www.infokuryr.cz\/n\/wp-json\/wp\/v2\/types\/post"}],"author":[{"embeddable":true,"href":"https:\/\/www.infokuryr.cz\/n\/wp-json\/wp\/v2\/users\/2"}],"replies":[{"embeddable":true,"href":"https:\/\/www.infokuryr.cz\/n\/wp-json\/wp\/v2\/comments?post=8443"}],"version-history":[{"count":0,"href":"https:\/\/www.infokuryr.cz\/n\/wp-json\/wp\/v2\/posts\/8443\/revisions"}],"wp:featuredmedia":[{"embeddable":true,"href":"https:\/\/www.infokuryr.cz\/n\/wp-json\/wp\/v2\/media\/1740"}],"wp:attachment":[{"href":"https:\/\/www.infokuryr.cz\/n\/wp-json\/wp\/v2\/media?parent=8443"}],"wp:term":[{"taxonomy":"category","embeddable":true,"href":"https:\/\/www.infokuryr.cz\/n\/wp-json\/wp\/v2\/categories?post=8443"},{"taxonomy":"post_tag","embeddable":true,"href":"https:\/\/www.infokuryr.cz\/n\/wp-json\/wp\/v2\/tags?post=8443"}],"curies":[{"name":"wp","href":"https:\/\/api.w.org\/{rel}","templated":true}]}}