{"id":84429,"date":"2025-07-28T00:12:33","date_gmt":"2025-07-27T22:12:33","guid":{"rendered":"https:\/\/www.infokuryr.cz\/n\/?p=84429"},"modified":"2025-07-27T14:16:13","modified_gmt":"2025-07-27T12:16:13","slug":"odhalena-klimaticka-propaganda-agentury-reuters-pravda-o-lesnich-pozarech-ve-stredomori","status":"publish","type":"post","link":"https:\/\/www.infokuryr.cz\/n\/2025\/07\/28\/odhalena-klimaticka-propaganda-agentury-reuters-pravda-o-lesnich-pozarech-ve-stredomori\/","title":{"rendered":"Odhalen\u00e1 klimatick\u00e1 propaganda agentury Reuters: Pravda o lesn\u00edch po\u017e\u00e1rech ve St\u0159edomo\u0159\u00ed"},"content":{"rendered":"<div id=\"fb-root\"><\/div>\n<p><strong><span dir=\"auto\">Hlavn\u00ed proud n\u00e1zor\u016f \u010dasto reflexivn\u011b p\u0159ipisuje lesn\u00ed po\u017e\u00e1ry ve St\u0159edomo\u0159\u00ed zm\u011bn\u011b klimatu. Pohled na historick\u00e1 fakta a sou\u010dasn\u00e1 satelitn\u00ed data v\u0161ak odhaluje, \u017ee realita je mnohem slo\u017eit\u011bj\u0161\u00ed. Lesn\u00ed po\u017e\u00e1ry nejsou nov\u00fdm jevem, ale starobyl\u00fdm prvkem st\u0159edomo\u0159sk\u00e9 krajiny. Nav\u00edc jejich \u010detnost ve skute\u010dnosti celosv\u011btov\u011b kles\u00e1.<\/span><\/strong><\/p>\n<p><span dir=\"auto\">Ve St\u0159edomo\u0159\u00ed op\u011bt doch\u00e1z\u00ed k n\u011bkolika lesn\u00edm po\u017e\u00e1r\u016fm. To je v letn\u00edch m\u011bs\u00edc\u00edch vlastn\u011b docela b\u011b\u017en\u00e9, zejm\u00e9na proto, \u017ee v tomto regionu po tis\u00edcilet\u00ed dominuje pom\u011brn\u011b such\u00e9 klima. Sucha jsou tam b\u011b\u017en\u00e1 a jsou sou\u010d\u00e1st\u00ed klimatick\u00e9ho cyklu. Ale mainstream, kter\u00fd se zcela pod\u0159izuje globalistick\u00e9mu klimatick\u00e9mu narativu, to ignoruje, a to i p\u0159es empirick\u00e1 data dokazuj\u00edc\u00ed opak. Report24 ji\u017e zve\u0159ejnil dva d\u016fle\u017eit\u00e9 ov\u011b\u0159en\u00ed fakt\u016f k tomuto t\u00e9matu (\u00a0<\/span><a href=\"https:\/\/report24.news\/faktencheck-waldbraende-klimapropaganda-und-realitaet\/\" target=\"_blank\" rel=\"noreferrer noopener\"><span dir=\"auto\">zde<\/span><\/a><span dir=\"auto\">\u00a0a\u00a0<\/span><a href=\"https:\/\/report24.news\/europas-waldbraende-auf-historischem-tiefstand-klimaalarm-im-faktencheck\/\" target=\"_blank\" rel=\"noreferrer noopener\"><span dir=\"auto\">zde<\/span><\/a><span dir=\"auto\"> ). Proto\u017ee na rozd\u00edl od tvrzen\u00ed klimatick\u00fdch apokalyptik\u016f se lesn\u00ed po\u017e\u00e1ry nezhor\u0161uj\u00ed. Ve skute\u010dnosti se na mnoha m\u00edstech dokonce objevuj\u00ed zn\u00e1mky v\u00fdrazn\u00e9ho sn\u00ed\u017een\u00ed.<\/span><\/p>\n<figure class=\"wp-block-embed is-type-rich is-provider-twitter wp-block-embed-twitter\">\n<div class=\"wp-block-embed__wrapper\">\n<div class=\"twitter-tweet twitter-tweet-rendered\"><iframe id=\"twitter-widget-0\" class=\"\" title=\"X P\u0159\u00edsp\u011bvek\" src=\"https:\/\/platform.twitter.com\/embed\/Tweet.html?dnt=true&amp;embedId=twitter-widget-0&amp;features=eyJ0ZndfdGltZWxpbmVfbGlzdCI6eyJidWNrZXQiOltdLCJ2ZXJzaW9uIjpudWxsfSwidGZ3X2ZvbGxvd2VyX2NvdW50X3N1bnNldCI6eyJidWNrZXQiOnRydWUsInZlcnNpb24iOm51bGx9LCJ0ZndfdHdlZXRfZWRpdF9iYWNrZW5kIjp7ImJ1Y2tldCI6Im9uIiwidmVyc2lvbiI6bnVsbH0sInRmd19yZWZzcmNfc2Vzc2lvbiI6eyJidWNrZXQiOiJvbiIsInZlcnNpb24iOm51bGx9LCJ0ZndfZm9zbnJfc29mdF9pbnRlcnZlbnRpb25zX2VuYWJsZWQiOnsiYnVja2V0Ijoib24iLCJ2ZXJzaW9uIjpudWxsfSwidGZ3X21peGVkX21lZGlhXzE1ODk3Ijp7ImJ1Y2tldCI6InRyZWF0bWVudCIsInZlcnNpb24iOm51bGx9LCJ0ZndfZXhwZXJpbWVudHNfY29va2llX2V4cGlyYXRpb24iOnsiYnVja2V0IjoxMjA5NjAwLCJ2ZXJzaW9uIjpudWxsfSwidGZ3X3Nob3dfYmlyZHdhdGNoX3Bpdm90c19lbmFibGVkIjp7ImJ1Y2tldCI6Im9uIiwidmVyc2lvbiI6bnVsbH0sInRmd19kdXBsaWNhdGVfc2NyaWJlc190b19zZXR0aW5ncyI6eyJidWNrZXQiOiJvbiIsInZlcnNpb24iOm51bGx9LCJ0ZndfdXNlX3Byb2ZpbGVfaW1hZ2Vfc2hhcGVfZW5hYmxlZCI6eyJidWNrZXQiOiJvbiIsInZlcnNpb24iOm51bGx9LCJ0ZndfdmlkZW9faGxzX2R5bmFtaWNfbWFuaWZlc3RzXzE1MDgyIjp7ImJ1Y2tldCI6InRydWVfYml0cmF0ZSIsInZlcnNpb24iOm51bGx9LCJ0ZndfbGVnYWN5X3RpbWVsaW5lX3N1bnNldCI6eyJidWNrZXQiOnRydWUsInZlcnNpb24iOm51bGx9LCJ0ZndfdHdlZXRfZWRpdF9mcm9udGVuZCI6eyJidWNrZXQiOiJvbiIsInZlcnNpb24iOm51bGx9fQ%3D%3D&amp;frame=false&amp;hideCard=false&amp;hideThread=false&amp;id=1949123060914598031&amp;lang=cs&amp;origin=https%3A%2F%2Freport24.news%2Freuters-klimapropaganda-entlarvt-die-wahrheit-ueber-die-waldbraende-im-mittelmeerraum%2F&amp;sessionId=a61cf17c6bc8e451259542e72779cc7121c48341&amp;theme=light&amp;widgetsVersion=2615f7e52b7e0%3A1702314776716&amp;width=550px\" frameborder=\"0\" scrolling=\"no\" allowfullscreen=\"allowfullscreen\" data-tweet-id=\"1949123060914598031\" data-mce-fragment=\"1\"><\/iframe><\/div>\n<\/div>\n<\/figure>\n<p><span dir=\"auto\">To ale nap\u0159\u00edklad nezabr\u00e1nilo mezin\u00e1rodn\u00ed tiskov\u00e9 agentu\u0159e Reuters v op\u011btovn\u00e9m \u0161\u00ed\u0159en\u00ed klimatick\u00e9ho alarmismu ohledn\u011b sou\u010dasn\u00fdch lesn\u00edch po\u017e\u00e1r\u016f v regionu. Pod n\u00e1zvem \u201e\u00a0<\/span><a href=\"https:\/\/www.reuters.com\/sustainability\/cop\/how-climate-change-is-fuelling-wildfires-europe-2025-07-15\/\" target=\"_blank\" rel=\"noreferrer noopener\"><span dir=\"auto\">Jak zm\u011bna klimatu \u017eiv\u00ed lesn\u00ed po\u017e\u00e1ry v Evrop\u011b<\/span><\/a><span dir=\"auto\">\u00a0\u201c \u0161\u00ed\u0159\u00ed novin\u00e1\u0159ka agentury Reuters Kate Abnettov\u00e1 zjevn\u011b ideologicky motivovan\u00e9 dezinformace. Historick\u00e9 z\u00e1znamy jasn\u011b ukazuj\u00ed, \u017ee k ni\u010div\u00fdm po\u017e\u00e1r\u016fm v minulosti doch\u00e1zelo opakovan\u011b \u2013 nap\u0159\u00edklad k velk\u00e9mu po\u017e\u00e1ru Solun\u011b v roce 1917. Tehdy sho\u0159ely do z\u00e1klad\u016f asi dv\u011b t\u0159etiny m\u011bsta.<\/span><\/p>\n<p><span dir=\"auto\">V eseji pro klimatick\u00fd port\u00e1l \u201e\u00a0<\/span><a href=\"https:\/\/wattsupwiththat.com\/2025\/07\/26\/wildfires-in-the-mediterranean-history-vs-climate-narrative\/\" target=\"_blank\" rel=\"noreferrer noopener\"><span dir=\"auto\">Watts Up With That<\/span><\/a><span dir=\"auto\">\u00a0\u201c H. Sterling Burnett s odkazem na propagandistick\u00fd \u010dl\u00e1nek agentury Reuters o klimatu poukazuje na n\u011bkolik studi\u00ed o historii lesn\u00edch po\u017e\u00e1r\u016f ve Francii, \u0158ecku, \u0160pan\u011blsku a S\u00fdrii. To v\u0161e jsou st\u0159edomo\u0159sk\u00e9 zem\u011b, kter\u00fdmi se Abnett ve sv\u00e9m \u010dl\u00e1nku zab\u00fdv\u00e1. Nemluv\u011b o tom, \u017ee ned\u00e1vn\u00e9 lesn\u00ed po\u017e\u00e1ry v S\u00fdrii byly \u00fadajn\u011b \u00famysln\u011b zalo\u017eeny provl\u00e1dn\u00edmi islamisty, kte\u0159\u00ed se sna\u017eili sp\u00e1chat etnocidu proti etnick\u00fdm men\u0161in\u00e1m. O tom\u00a0<\/span><a href=\"https:\/\/report24.news\/ethnozid-syrische-islamisten-vertreiben-alawiten-mittels-waldbraenden\/\" target=\"_blank\" rel=\"noreferrer noopener\"><span dir=\"auto\">informoval<\/span><\/a><span dir=\"auto\"> i Report24.<\/span><\/p>\n<p><span dir=\"auto\">Roz\u0161\u00ed\u0159en\u00ed os\u00eddlen\u00ed, infrastruktury a cestovn\u00edho ruchu do d\u0159\u00edve nedot\u010den\u00fdch oblast\u00ed n\u00e1chyln\u00fdch k po\u017e\u00e1r\u016fm v\u0161ak tak\u00e9 znamen\u00e1, \u017ee dnes je t\u011bmito po\u017e\u00e1ry posti\u017eeno v\u00edce lid\u00ed ne\u017e v minulosti. Z\u00e1rove\u0148 je mnoho po\u017e\u00e1r\u016f zp\u016fsobeno lidskou \u010dinnost\u00ed \u2013 \u00famyslnou nebo nedbalostn\u00ed. To v\u0161e jsou d\u016fle\u017eit\u00e9 faktory, kter\u00e9 klimati\u010dt\u00ed apokalyptikov\u00e9 v\u011bt\u0161inou ignoruj\u00ed. P\u0159esto m\u00e1 Reuters, jako\u017eto v\u00fdznamn\u00e1 tiskov\u00e1 agentura, kter\u00e1 z\u00e1sobuje nespo\u010det m\u00e9di\u00ed po cel\u00e9m sv\u011bt\u011b materi\u00e1ly, ve skute\u010dnosti odpov\u011bdnost \u0161\u00ed\u0159it neutr\u00e1ln\u00ed fakta a zpr\u00e1vy. Poskytovatel zpravodajsk\u00fdch slu\u017eeb m\u00edsto toho funguje jako propagandistick\u00fd org\u00e1n klimatick\u00e9ho kultu.<\/span><\/p>\n<p><img decoding=\"async\" loading=\"lazy\" class=\"alignnone size-full wp-image-1185\" src=\"http:\/\/www.infokuryr.cz\/n\/wp-content\/uploads\/2021\/04\/kuryr-podpis.png\" alt=\"\" width=\"84\" height=\"24\" \/><\/p>\n<p>&nbsp;<\/p>\n","protected":false},"excerpt":{"rendered":"<p>Hlavn\u00ed proud n\u00e1zor\u016f \u010dasto reflexivn\u011b p\u0159ipisuje lesn\u00ed po\u017e\u00e1ry ve St\u0159edomo\u0159\u00ed zm\u011bn\u011b klimatu. Pohled na historick\u00e1&#8230;<\/p>\n","protected":false},"author":2,"featured_media":84430,"comment_status":"closed","ping_status":"closed","sticky":false,"template":"","format":"standard","meta":[],"categories":[7],"tags":[28,873,158,2323,1051],"_links":{"self":[{"href":"https:\/\/www.infokuryr.cz\/n\/wp-json\/wp\/v2\/posts\/84429"}],"collection":[{"href":"https:\/\/www.infokuryr.cz\/n\/wp-json\/wp\/v2\/posts"}],"about":[{"href":"https:\/\/www.infokuryr.cz\/n\/wp-json\/wp\/v2\/types\/post"}],"author":[{"embeddable":true,"href":"https:\/\/www.infokuryr.cz\/n\/wp-json\/wp\/v2\/users\/2"}],"replies":[{"embeddable":true,"href":"https:\/\/www.infokuryr.cz\/n\/wp-json\/wp\/v2\/comments?post=84429"}],"version-history":[{"count":0,"href":"https:\/\/www.infokuryr.cz\/n\/wp-json\/wp\/v2\/posts\/84429\/revisions"}],"wp:featuredmedia":[{"embeddable":true,"href":"https:\/\/www.infokuryr.cz\/n\/wp-json\/wp\/v2\/media\/84430"}],"wp:attachment":[{"href":"https:\/\/www.infokuryr.cz\/n\/wp-json\/wp\/v2\/media?parent=84429"}],"wp:term":[{"taxonomy":"category","embeddable":true,"href":"https:\/\/www.infokuryr.cz\/n\/wp-json\/wp\/v2\/categories?post=84429"},{"taxonomy":"post_tag","embeddable":true,"href":"https:\/\/www.infokuryr.cz\/n\/wp-json\/wp\/v2\/tags?post=84429"}],"curies":[{"name":"wp","href":"https:\/\/api.w.org\/{rel}","templated":true}]}}