{"id":84408,"date":"2025-07-27T05:49:07","date_gmt":"2025-07-27T03:49:07","guid":{"rendered":"https:\/\/www.infokuryr.cz\/n\/?p=84408"},"modified":"2025-07-27T05:49:07","modified_gmt":"2025-07-27T03:49:07","slug":"marek-adam-socialni-stat-neni-zadnym-kostlivcem-ve-skrini","status":"publish","type":"post","link":"https:\/\/www.infokuryr.cz\/n\/2025\/07\/27\/marek-adam-socialni-stat-neni-zadnym-kostlivcem-ve-skrini\/","title":{"rendered":"Marek Adam: Soci\u00e1ln\u00ed st\u00e1t nen\u00ed \u017e\u00e1dn\u00fdm kostlivcem ve sk\u0159\u00edni!"},"content":{"rendered":"<div id=\"fb-root\"><\/div>\n<p>Je tomu pr\u00e1v\u011b naopak! Projekt soci\u00e1ln\u00edho st\u00e1tu p\u0159edstavuje novodobou v\u00fdzvu a st\u00e1v\u00e1 se t\u00e9matem dne\u0161n\u00ed perspektivy p\u0159e\u017eit\u00ed. M\u00e1me-li v\u016fbec hovo\u0159it o <em>perspektiv\u011b p\u0159e\u017eit\u00ed lid\u00ed <\/em>ve 21. stolet\u00ed, tzn. o \u017eivot\u011b v m\u00edru, o soci\u00e1ln\u00edch pr\u00e1vech a jistot\u00e1ch, a pevn\u00e9 hr\u00e1zi v\u016f\u010di depopula\u010dn\u00edm snah\u00e1m globalist\u016f, pak n\u00e1m jako jedin\u00e9 v\u00fdchodisko z\u016fst\u00e1v\u00e1 socialismus. Ten je i hlavn\u00edm d\u016fvodem, pro\u010d jsem kandiduj\u00edc\u00edm \u010dlenem do PS P\u010cR na kandid\u00e1tce STA\u010cILO! pr\u00e1v\u011b za Komunistickou stranu \u010cech a Moravy.<\/p>\n<p>Existence tzv. soci\u00e1ln\u00edho st\u00e1tu v\u017edy vych\u00e1z\u00ed z kontextu mezin\u00e1rodn\u011bpolitick\u00e9ho rozlo\u017een\u00ed sil. V dob\u00e1ch, kdy byl sv\u011bt bipol\u00e1rn\u011b rozd\u011blen\u00fd, doch\u00e1zelo k efektu, kter\u00fd pregnantn\u011b definoval sociolog Ulrich Beck, kdy\u017e analyzoval modern\u00ed soci\u00e1ln\u00ed st\u00e1t na Z\u00e1pad\u011b coby &#8222;necht\u011bn\u00e9ho levobo\u010dka socialismu na V\u00fdchod\u011b&#8220;.<\/p>\n<p>Modern\u00ed kapit\u00e1l pro svou expanzi pot\u0159ebuje v\u00e1lky. A tak\u00e9 je produkuje. Po z\u00e1ke\u0159n\u00e9 zrad\u011b v\u016f\u010di koncepci socialismu na konci 80. let 20. stolet\u00ed a po n\u00e1sledn\u00e9m rozpadu socialistick\u00e9 soustavy z\u00e1konit\u011b padl i m\u00edrov\u00fd koncept, jen\u017e socialismus garantoval.<\/p>\n<p>S n\u00e1stupem devades\u00e1tek sice kapitalismus zaznamenal i v na\u0161\u00ed zemi pokus o comeback (z\u0159ejm\u011b iluz\u00ed o svobodn\u00e9m a voln\u00e9m trhu), ale ji\u017e po p\u00e1r letech nastalo ho\u0159k\u00e9 vyst\u0159\u00edzliv\u011bn\u00ed.<\/p>\n<p><strong>\u00a0\u00a0\u00a0\u00a0\u00a0\u00a0\u00a0\u00a0 O tom, \u017ee se m\u00e1 ka\u017ed\u00fd um\u011bt postarat s\u00e1m o sebe, zp\u00edvali fale\u0161nou p\u00edsni\u010dku nejv\u00edce ti, kte\u0159\u00ed si v r\u00e1mci loupe\u017ee tis\u00edcilet\u00ed zprivatizovali n\u00e1rodn\u00ed majetek za p\u00e1r korun, nebo ti, kdo se p\u0159is\u00e1li na ve\u0159ejn\u00e9 zak\u00e1zky.<\/strong><\/p>\n<p>Pouze a jedin\u011b tlak zleva m\u016f\u017ee donutit sou\u010dasn\u00fd syst\u00e9m k tzv. konvergenci, kdy ve v\u00fdsledku doch\u00e1z\u00ed k jak\u00e9musi sbli\u017eov\u00e1n\u00ed sv\u011btov\u00e9ho socialismu a kapitalismu, k zaji\u0161t\u011bn\u00ed <em>st\u00e1tu blahobytu pro co nejv\u00edce lid\u00ed<\/em>. Ke stabilit\u011b a rovnov\u00e1ze sil mohou dopomoci jen siln\u00e9 odbory, h\u00e1j\u00edc\u00ed z\u00e1jmy pracuj\u00edc\u00edch. A ty nutn\u011b pot\u0159ebuj\u00ed vl\u00e1du, jej\u00ed\u017e srdce bije vlevo.<\/p>\n<p>Soci\u00e1ln\u00ed st\u00e1t jako siln\u00fd ve\u0159ejn\u00fd sektor b\u00fdv\u00e1 v sou\u010dasn\u00e9 dob\u011b destruov\u00e1n p\u0159edev\u0161\u00edm z\u00e1jmy zbroja\u0159sk\u00e9ho lobbingu, kdy je ve\u0159ejnost fale\u0161n\u011b zastra\u0161ov\u00e1na p\u0159\u00edpadn\u00fdm ohro\u017een\u00edm Ruskou federac\u00ed, aby se t\u00edm maskovala \u0159\u00edzen\u00e1 destrukce soci\u00e1ln\u00edho syst\u00e9mu.<\/p>\n<p>Rostouc\u00ed v\u00fddaje na zbrojen\u00ed a s t\u00edm spojen\u00e1 militarizace na\u0161\u00ed zem\u011b bude m\u00edt za d\u016fsledek jedin\u00e9 &#8211; hrozbu soci\u00e1ln\u00ed v\u00e1lky mezi obyvateli vlastn\u00ed zem\u011b, tzn. potenci\u00e1ln\u00ed nebezpe\u010d\u00ed v\u00e1lky ob\u010dansk\u00e9!<\/p>\n<p><strong>Nav\u00edc ji\u017e dnes se frustrace st\u0159edn\u011b p\u0159\u00edjmov\u00fdch a n\u00edzko p\u0159\u00edjmov\u00fdch vrstev (jako\u017e i proletari\u00e1tu, jen\u017e st\u00e1le nev\u00ed, \u017ee je proletari\u00e1tem) neobrac\u00ed proti vrstv\u00e1m vyko\u0159is\u0165uj\u00edc\u00edm, n\u00fdbr\u017e nepochopiteln\u011b proti lidem nejnuzn\u011bj\u0161\u00edm\u2026\u00a0 <\/strong><\/p>\n<p>P\u0159esn\u011b o to glob\u00e1ln\u00edm lichv\u00e1\u0159\u016fm jde nejv\u00edce. Ovl\u00e1dat podle osv\u011bd\u010den\u00e9ho feud\u00e1ln\u00edho mechanismu, skryt\u00e9ho do hesla, je\u017e zn\u00ed: <em>Rozd\u011bl a panuj! (lat. Divide et impera!) <\/em><\/p>\n<p>M\u00e1me-li tedy zajistit skute\u010dnou perspektivu p\u0159e\u017eit\u00ed pro co nejvy\u0161\u0161\u00ed po\u010det obyvatel (tak, aby nedoch\u00e1zelo k depopulaci), pak se jako k p\u0159\u00ed\u0161t\u00edmu v\u00fdchodisku mus\u00edme znovu vr\u00e1tit k n\u011bjak\u00e9 aktu\u00e1ln\u00ed form\u011b syst\u00e9mu, je\u017e bude pokra\u010dov\u00e1n\u00edm n\u011b\u010deho, co u\u017e na\u0161i p\u0159edci kdysi zapo\u010dali pod n\u00e1zvem <strong>demokratick\u00fd socialismus<\/strong>.<\/p>\n<p>Pr\u00e1v\u011b demokratick\u00fd socialismus a s n\u00edm spojen\u00fd siln\u00fd soci\u00e1ln\u00ed st\u00e1t budou, a to nejen pro n\u00e1s, aktu\u00e1ln\u011b znamenat cestu, kter\u00e9 \u0159\u00edk\u00e1me NOV\u00dd ZA\u010c\u00c1TEK!<\/p>\n<p><strong><em>Marek Adam<\/em><\/strong><\/p>\n<p>&nbsp;<\/p>\n","protected":false},"excerpt":{"rendered":"<p>Je tomu pr\u00e1v\u011b naopak! Projekt soci\u00e1ln\u00edho st\u00e1tu p\u0159edstavuje novodobou v\u00fdzvu a st\u00e1v\u00e1 se t\u00e9matem dne\u0161n\u00ed&#8230;<\/p>\n","protected":false},"author":2,"featured_media":14109,"comment_status":"closed","ping_status":"closed","sticky":false,"template":"","format":"standard","meta":[],"categories":[6],"tags":[2118,4948,9542,8084],"_links":{"self":[{"href":"https:\/\/www.infokuryr.cz\/n\/wp-json\/wp\/v2\/posts\/84408"}],"collection":[{"href":"https:\/\/www.infokuryr.cz\/n\/wp-json\/wp\/v2\/posts"}],"about":[{"href":"https:\/\/www.infokuryr.cz\/n\/wp-json\/wp\/v2\/types\/post"}],"author":[{"embeddable":true,"href":"https:\/\/www.infokuryr.cz\/n\/wp-json\/wp\/v2\/users\/2"}],"replies":[{"embeddable":true,"href":"https:\/\/www.infokuryr.cz\/n\/wp-json\/wp\/v2\/comments?post=84408"}],"version-history":[{"count":0,"href":"https:\/\/www.infokuryr.cz\/n\/wp-json\/wp\/v2\/posts\/84408\/revisions"}],"wp:featuredmedia":[{"embeddable":true,"href":"https:\/\/www.infokuryr.cz\/n\/wp-json\/wp\/v2\/media\/14109"}],"wp:attachment":[{"href":"https:\/\/www.infokuryr.cz\/n\/wp-json\/wp\/v2\/media?parent=84408"}],"wp:term":[{"taxonomy":"category","embeddable":true,"href":"https:\/\/www.infokuryr.cz\/n\/wp-json\/wp\/v2\/categories?post=84408"},{"taxonomy":"post_tag","embeddable":true,"href":"https:\/\/www.infokuryr.cz\/n\/wp-json\/wp\/v2\/tags?post=84408"}],"curies":[{"name":"wp","href":"https:\/\/api.w.org\/{rel}","templated":true}]}}