{"id":8436,"date":"2022-02-20T05:40:43","date_gmt":"2022-02-20T04:40:43","guid":{"rendered":"http:\/\/www.infokuryr.cz\/n\/?p=8436"},"modified":"2022-02-20T05:40:43","modified_gmt":"2022-02-20T04:40:43","slug":"polska-justice-se-s-nemeckymi-antifaky-nepare","status":"publish","type":"post","link":"https:\/\/www.infokuryr.cz\/n\/2022\/02\/20\/polska-justice-se-s-nemeckymi-antifaky-nepare\/","title":{"rendered":"Polsk\u00e1 justice se s n\u011bmeck\u00fdmi Antif\u00e1ky nep\u00e1\u0159e"},"content":{"rendered":"<div id=\"fb-root\"><\/div>\n<h1 class=\"entry-title\"><span style=\"font-size: 14pt;\">Za \u00fatoky na policii p\u016fjdou p\u0159ed soud. Bude je zase chr\u00e1nit EU?<\/span><\/h1>\n<p>Polsk\u00e9 st\u00e1tn\u00ed zastupitelstv\u00ed obvinilo<strong>\u00a01<a href=\"https:\/\/jungefreiheit.de\/politik\/ausland\/2022\/antifa-polen-anklage\/\">0 \u010dlen\u016f n\u011bmeck\u00e9 pro imigrantsk\u00e9 organizace<\/a>\u00a0\u201eNo borders\u201c (bez hranic), kter\u00e1 je odno\u017e\u00ed levicov\u00e9 Antify, z \u00fatoku na polsk\u00e9 policisty pobl\u00ed\u017e imigrantsk\u00e9ho t\u00e1bora ve m\u011bst\u011b Krosno Odrza\u0144skie. Antif\u00e1ci napadli m\u00edstn\u00ed velitelstv\u00ed polsk\u00e9 pohrani\u010dn\u00ed str\u00e1\u017ee kameny, lahvemi, ty\u010demi a klacky.\u00a0<\/strong>D\u016fvodem bylo \u00fadajn\u011b podpo\u0159it muslimsk\u00e9 uprchl\u00edky z nedalek\u00e9ho t\u00e1bora, kter\u00fdm e pr\u00fd \u00fadajn\u011b odst\u00e1v\u00e1 \u0161patn\u00e9ho zach\u00e1zen\u00ed. Ve skute\u010dnosti je Pol\u00e1ci necht\u011bj\u00ed po dohod\u011b s n\u011bmeck\u00fdmi \u00fa\u0159ady necht\u011bj\u00ed pustit do vysn\u011bn\u00e9ho N\u011bmecka.<\/p>\n<p><strong>Na ochranu \u00fa\u0159adu byla povol\u00e1na po\u0159\u00e1dkov\u00e1 polsk\u00e1 policie a p\u0159i \u00fatoc\u00edch Antif\u00e1k\u016f bylo n\u011bkolik \u00fato\u010dn\u00edk\u016f zat\u010deno a nyn\u00ed budou \u010delit trestn\u00edmu st\u00edh\u00e1n\u00ed. Jedn\u00e1 se o 8 mu\u017e\u016f a 2 \u017eeny s n\u011bmeck\u00fdm st\u00e1tn\u00edm ob\u010danstv\u00edm.<\/strong><\/p>\n<p><strong>N\u011bmeck\u00e1 Antifa je z toho velmi p\u0159ekvapen\u00e1, proto\u017ee v N\u011bmecku si na n\u011b policie netrouf\u00e1 a nech\u00e1 je \u0159\u00e1dit podle libosti. D\u016fvodem je napojen\u00ed Antifa na politick\u00fd establishment, kter\u00fd boj\u016fvky Antifa vyu\u017e\u00edv\u00e1 k fyzick\u00fdm \u00fatok\u016fm na politick\u00e9 oponenty<\/strong>\u00a0(v\u010detn\u011b pokus\u016f o vra\u017edu) a kritiky liber\u00e1ln\u011b demokratick\u00e9 totality.\u00a0<strong>Jen\u017ee sou\u010dasn\u00e1 polsk\u00e1 vl\u00e1da se na rozd\u00edl od \u201eliber\u00e1ln\u011b demokratick\u00fdch vl\u00e1d dosazen\u00fdch k moci volebn\u00edmi podvody) op\u00edr\u00e1 o mand\u00e1t voli\u010d\u016f a tak se s Aftif\u00e1ky nep\u00e1\u0159e.<\/strong><\/p>\n<p>Bude zaj\u00edmav\u00e9 sledovat, jak\u00fd postoj zaujme EU.\u00a0<strong>Proto\u017ee EU obvykle za pr\u00e1va pa\u0161er\u00e1k\u016f uprchl\u00edk\u016f aktivn\u011b bojuje, nap\u0159\u00edklad p\u0159i jejich zat\u010den\u00ed a obvin\u011bn\u00ed v It\u00e1lii. Vypad\u00e1 to proto na dal\u0161\u00ed diplomatickou roztr\u017eku mezi EU a Polskem, proto\u017ee pa\u0161er\u00e1ci uprchl\u00edk\u016f jsou p\u0159ece nad z\u00e1konem, v\u017edy\u0165 buduj\u00ed evropsk\u00fd chal\u00edf\u00e1t a ten m\u00e1 p\u0159ece p\u0159ednost. Ostatn\u011b \u010dlenov\u00e9 a sympatizanti Antifa sed\u00ed v N\u011bmecku dokonce ve vl\u00e1d\u011b (<a href=\"https:\/\/ceskavec.com\/2022\/02\/nemecka-ministryne-vnitra-soc-dem-psala-do-casopisu-antifa-ted-ale-bude-bojovat-proti-pravici\">psali jsme zde<\/a>) a u n\u00e1s doma bohu\u017eel tak\u00e9.<\/strong><\/p>\n<p><a href=\"https:\/\/ceskavec.com\/2022\/02\/polska-justice-se-s-nemeckymi-antifaky-nepare-za-utoky-na-policii-pujdou-pred-soud-bude-je-zase-chranit-eu\">\u010cesk\u00e1 v\u011bc<\/a><\/p>\n<p>&nbsp;<\/p>\n","protected":false},"excerpt":{"rendered":"<p>Za \u00fatoky na policii p\u016fjdou p\u0159ed soud. Bude je zase chr\u00e1nit EU? Polsk\u00e9 st\u00e1tn\u00ed zastupitelstv\u00ed&#8230;<\/p>\n","protected":false},"author":2,"featured_media":8437,"comment_status":"closed","ping_status":"closed","sticky":false,"template":"","format":"standard","meta":[],"categories":[7],"tags":[70,86,31,324],"_links":{"self":[{"href":"https:\/\/www.infokuryr.cz\/n\/wp-json\/wp\/v2\/posts\/8436"}],"collection":[{"href":"https:\/\/www.infokuryr.cz\/n\/wp-json\/wp\/v2\/posts"}],"about":[{"href":"https:\/\/www.infokuryr.cz\/n\/wp-json\/wp\/v2\/types\/post"}],"author":[{"embeddable":true,"href":"https:\/\/www.infokuryr.cz\/n\/wp-json\/wp\/v2\/users\/2"}],"replies":[{"embeddable":true,"href":"https:\/\/www.infokuryr.cz\/n\/wp-json\/wp\/v2\/comments?post=8436"}],"version-history":[{"count":0,"href":"https:\/\/www.infokuryr.cz\/n\/wp-json\/wp\/v2\/posts\/8436\/revisions"}],"wp:featuredmedia":[{"embeddable":true,"href":"https:\/\/www.infokuryr.cz\/n\/wp-json\/wp\/v2\/media\/8437"}],"wp:attachment":[{"href":"https:\/\/www.infokuryr.cz\/n\/wp-json\/wp\/v2\/media?parent=8436"}],"wp:term":[{"taxonomy":"category","embeddable":true,"href":"https:\/\/www.infokuryr.cz\/n\/wp-json\/wp\/v2\/categories?post=8436"},{"taxonomy":"post_tag","embeddable":true,"href":"https:\/\/www.infokuryr.cz\/n\/wp-json\/wp\/v2\/tags?post=8436"}],"curies":[{"name":"wp","href":"https:\/\/api.w.org\/{rel}","templated":true}]}}