{"id":8435,"date":"2022-02-20T05:38:25","date_gmt":"2022-02-20T04:38:25","guid":{"rendered":"http:\/\/www.infokuryr.cz\/n\/?p=8435"},"modified":"2022-02-20T05:38:25","modified_gmt":"2022-02-20T04:38:25","slug":"nemecky-lekar-vydaval-potvrzeni-o-nemoznosti-vakcinace-na-jeho-ordinaci-zautocila-policie-vyrazila-dvere-a-doktora-zatkla","status":"publish","type":"post","link":"https:\/\/www.infokuryr.cz\/n\/2022\/02\/20\/nemecky-lekar-vydaval-potvrzeni-o-nemoznosti-vakcinace-na-jeho-ordinaci-zautocila-policie-vyrazila-dvere-a-doktora-zatkla\/","title":{"rendered":"N\u011bmeck\u00fd l\u00e9ka\u0159 vyd\u00e1val potvrzen\u00ed o \u201enemo\u017enosti vakcinace\u201c, na jeho ordinaci za\u00fato\u010dila policie, vyrazila dve\u0159e a doktora zatkla"},"content":{"rendered":"<div id=\"fb-root\"><\/div>\n<p>L\u00e9ka\u0159 v n\u011bmeck\u00e9m Leverkusenu vyd\u00e1val (nikoliv prod\u00e1val)\u00a0<a href=\"https:\/\/twitter.com\/claudisbest\/status\/1491421930603573248\">z<\/a><strong><a href=\"https:\/\/twitter.com\/claudisbest\/status\/1491421930603573248\">\u00e1jemc\u016fm potvrzen\u00ed, \u017ee nemohou b\u00fdt<\/a>\u00a0o\u010dkov\u00e1ni experiment\u00e1ln\u00ed vakc\u00ednou proti koronaviru. P\u0159ed jeho ordinac\u00ed se pr\u00fd dokonce tvo\u0159ily fronty z\u00e1jemc\u016f, pak ho ale n\u011bjak\u00fd sna\u017eivec udal a na idealistick\u00e9ho l\u00e9ka\u0159i si posv\u00edtila policie.<\/strong><\/p>\n<p><strong>Policie vyrazila dve\u0159e do ordinace a n\u00e1sledn\u011b i do vy\u0161et\u0159ovny, kde se onen l\u00e9ka\u0159 \u00fadajn\u011b zabarik\u00e1doval. Nyn\u00ed policie pro\u0161et\u0159uje p\u0159\u00edpad a \u00fadajn\u011b pl\u00e1nuje l\u00e9ka\u0159e obvinit podle paragrafu 278 trestn\u00edho z\u00e1kona za vyd\u00e1v\u00e1n\u00ed \u201efale\u0161n\u00fdch zdravotnick\u00fdch certifik\u00e1t\u016f\u201c<\/strong>.<\/p>\n<p>Nen\u00ed pochyb, \u017ee se liber\u00e1ln\u011b demokratick\u00fdch re\u017eim pokus\u00ed z onoho l\u00e9ka\u0159e ud\u011blat exempl\u00e1rn\u00ed p\u0159\u00edpad, kter\u00fd bude slou\u017eit jako varov\u00e1n\u00ed v\u0161em ostatn\u00edm.\u00a0<strong>V N\u011bmecku toti\u017e bylo schv\u00e1len\u00e9 povinn\u00e9 o\u010dkov\u00e1n\u00ed experiment\u00e1ln\u00edmi korona vakc\u00ednami pro v\u0161echny pracovn\u00edky ve zdravotnictv\u00ed, p\u0159itom velk\u00e1 \u010d\u00e1st l\u00e9ka\u0159\u016f a sester o\u010dkov\u00e1n\u00ed odm\u00edt\u00e1. Vid\u00ed ka\u017ed\u00fd den, jeho \u201ep\u0159\u00ednos\u201c a tak\u00e9 ne\u017e\u00e1douc\u00ed \u00fa\u010dinky.\u00a0<\/strong>Dokonce se za\u010d\u00edn\u00e1 mluvit o povinn\u00e9m o\u010dkov\u00e1n\u00ed pro v\u0161echny N\u011bmce (v v\u00fdjimkou vyvolen\u00fdch men\u0161in).<\/p>\n<p>Je to paradox:\u00a0<strong>norm\u00e1ln\u011b lid\u00e9 plat\u00ed, aby m\u011bli p\u0159\u00edstup k n\u011bjak\u00e9 l\u00e9\u010db\u011b, ale v p\u0159\u00edpad\u011b korona vakc\u00edn plat\u00ed za to, \u017ee je nedostanou!<\/strong><\/p>\n<p><a href=\"https:\/\/ceskavec.com\/2022\/02\/nemecky-lekar-vydaval-potvrzeni-o-nemoznosti-vakcinace-na-jeho-ordinaci-zautocila-policie-a-doktora-zatkla\">\u010cesk\u00e1 v\u011bc<\/a><\/p>\n<p>&nbsp;<\/p>\n","protected":false},"excerpt":{"rendered":"<p>L\u00e9ka\u0159 v n\u011bmeck\u00e9m Leverkusenu vyd\u00e1val (nikoliv prod\u00e1val)\u00a0z\u00e1jemc\u016fm potvrzen\u00ed, \u017ee nemohou b\u00fdt\u00a0o\u010dkov\u00e1ni experiment\u00e1ln\u00ed vakc\u00ednou proti koronaviru&#8230;.<\/p>\n","protected":false},"author":2,"featured_media":5145,"comment_status":"closed","ping_status":"closed","sticky":false,"template":"","format":"standard","meta":[],"categories":[7],"tags":[630,84,86],"_links":{"self":[{"href":"https:\/\/www.infokuryr.cz\/n\/wp-json\/wp\/v2\/posts\/8435"}],"collection":[{"href":"https:\/\/www.infokuryr.cz\/n\/wp-json\/wp\/v2\/posts"}],"about":[{"href":"https:\/\/www.infokuryr.cz\/n\/wp-json\/wp\/v2\/types\/post"}],"author":[{"embeddable":true,"href":"https:\/\/www.infokuryr.cz\/n\/wp-json\/wp\/v2\/users\/2"}],"replies":[{"embeddable":true,"href":"https:\/\/www.infokuryr.cz\/n\/wp-json\/wp\/v2\/comments?post=8435"}],"version-history":[{"count":0,"href":"https:\/\/www.infokuryr.cz\/n\/wp-json\/wp\/v2\/posts\/8435\/revisions"}],"wp:featuredmedia":[{"embeddable":true,"href":"https:\/\/www.infokuryr.cz\/n\/wp-json\/wp\/v2\/media\/5145"}],"wp:attachment":[{"href":"https:\/\/www.infokuryr.cz\/n\/wp-json\/wp\/v2\/media?parent=8435"}],"wp:term":[{"taxonomy":"category","embeddable":true,"href":"https:\/\/www.infokuryr.cz\/n\/wp-json\/wp\/v2\/categories?post=8435"},{"taxonomy":"post_tag","embeddable":true,"href":"https:\/\/www.infokuryr.cz\/n\/wp-json\/wp\/v2\/tags?post=8435"}],"curies":[{"name":"wp","href":"https:\/\/api.w.org\/{rel}","templated":true}]}}