{"id":84332,"date":"2025-07-26T04:08:44","date_gmt":"2025-07-26T02:08:44","guid":{"rendered":"https:\/\/www.infokuryr.cz\/n\/?p=84332"},"modified":"2025-07-26T04:08:44","modified_gmt":"2025-07-26T02:08:44","slug":"pata-kolona-sudetskeho-kryptonacismu","status":"publish","type":"post","link":"https:\/\/www.infokuryr.cz\/n\/2025\/07\/26\/pata-kolona-sudetskeho-kryptonacismu\/","title":{"rendered":"P\u00e1t\u00e1 kolona sudetsk\u00e9ho kryptonacismu"},"content":{"rendered":"<div id=\"fb-root\"><\/div>\n<p><strong>Historicko-politick\u00e1 anal\u00fdza \u010cesk\u00e9ho svazu protifa\u0161istick\u00fdch bojovn\u00edk\u016f, z. s. Jedn\u00edm z politick\u00fdch a hospod\u00e1\u0159sk\u00fdch nebezpe\u010d\u00ed pro sou\u010dasnou \u010ceskou republiku je sudetsk\u00fd protonacismus; je vn\u011bj\u0161\u00ed, ale m\u00e1 v na\u0161\u00ed zemi p\u00e1tou kolonu. Sudeton\u011bmeck\u00e9 landsman\u0161afty jsou nebezpe\u010d\u00edm nejen pro n\u00e1s, n\u00fdbr\u017e pro celou Evropu.<\/strong><\/p>\n<h3><strong>75.sudetosjezd a p\u00e1t\u00e1 kolona v \u010cR<\/strong><\/h3>\n<p style=\"font-weight: 400;\">Ve dnech 6. 6. a\u017e 8. 6. 2025 se v bavorsk\u00e9m \u0158ezn\u011b konal 75. sudeton\u011bmeck\u00fd sjezd. \u00da\u010dastnil se ho ministr \u0161kolstv\u00ed \u010cR Mikul\u00e1\u0161 Bek; \u010cTK to 5. 6. 2025 sd\u011blila mluv\u010d\u00ed vl\u00e1dy Lucie Michut Je\u0161\u00e1tkov\u00e1. Mluv\u010d\u00ed ministerstva \u0161kolstv\u00ed\u00a0Veronika Luck\u00e1 Loosov\u00e1\u00a0k tomu dodala, \u017ee se Bek akce z\u00fa\u010dastnil jako ministr, nikoli ale jako pov\u011b\u0159en\u00fd z\u00e1stupce \u010desk\u00e9 vl\u00e1dy. Bek se uveden\u00e9ho sjezdu z\u00fa\u010dastnil u\u017e v roce 2023; v roce 2024 byl nejvy\u0161\u0161\u00edm \u010desk\u00fdm reprezentantem tehdej\u0161\u00ed velvyslanec v N\u011bmecku Tom\u00e1\u0161 Kafka.<\/p>\n<p style=\"font-weight: 400;\">Podle mluv\u010d\u00ed ministerstva \u0161kolstv\u00ed Veroniky Luck\u00e9 Loosov\u00e9 se Bek letos (2025) sjezdu \u00fa\u010dastnil \u201enikoli jako pov\u011b\u0159en\u00fd z\u00e1stupce \u010desk\u00e9 vl\u00e1dy, n\u00fdbr\u017e jako ministr \u0161kolstv\u00ed, ml\u00e1de\u017ee a t\u011blov\u00fdchovy \u010cesk\u00e9 republiky\u201c \u2212 to je v\u0161ak lacin\u00e1 demagogie a le\u017e \u2013 ministr je \u010dlen vl\u00e1dy, v r\u00e1mci p\u016fsoben\u00ed sv\u00e9ho resortu vl\u00e1du zastupuje a reprezentuje. Jde o primitivn\u00ed pokus o politick\u00e9 mimikry, tedy o zakryt\u00ed politick\u00e9 podstaty cel\u00e9 v\u011bci. Je to l\u017eiv\u00e9 tvrzen\u00ed: Na ofici\u00e1ln\u00ed akci sudetosjezdu nem\u016f\u017ee b\u00fdt \u00fa\u010dast ministra \u010desk\u00e9 vl\u00e1dy neofici\u00e1ln\u00ed, soukrom\u00e1; funkce ministra vl\u00e1dy je ofici\u00e1ln\u00ed, je to funkce ve\u0159ejn\u00e1. Proto n\u00e1v\u0161t\u011bva ministra \u010desk\u00e9 vl\u00e1dy na ofici\u00e1ln\u00ed akci sudetosjezdu je ofici\u00e1ln\u00ed \u00fa\u010dast\u00ed \u010dlena vl\u00e1dy; vl\u00e1da \u010cR se takto sv\u00fdm reprezentantem na sudetosjezdu prezentuje.<\/p>\n<p style=\"font-weight: 400;\">V roce 2013 v Mnichov\u011b tehdej\u0161\u00ed premi\u00e9r Petr Ne\u010das vyj\u00e1d\u0159il l\u00edtost \u010ceska za p\u0159\u00edko\u0159\u00ed zp\u016fsoben\u00e1 sudetsk\u00fdm N\u011bmc\u016fm p\u0159i vys\u00eddlen\u00ed po druh\u00e9 sv\u011btov\u00e9 v\u00e1lce. Stejn\u00e9 provoka\u010dn\u00ed Pavel B\u011blobr\u00e1dek, vicepremi\u00e9r vl\u00e1dy, se v roce 2015 v Mnichov\u011b z\u00fa\u010dastnil provoka\u010dn\u00ed akce landsman\u0161aftu. V roce 2016 byl na sudetosjezdu Daniel Herman jako prvn\u00ed \u00fa\u0159aduj\u00edc\u00ed ministr \u010desk\u00e9 vl\u00e1dy (ministr kultury). V roce 2017 k sudetsk\u00fdm N\u011bmc\u016fm p\u0159ijel tehdej\u0161\u00ed vicepremi\u00e9r vl\u00e1dy \u010cR Pavel B\u011blobr\u00e1dek.<\/p>\n<p style=\"font-weight: 400;\">Jako podporovatel sudetismu se v\u00fdrazn\u011b projevil i sou\u010dasn\u00fd prezident Petr Pavel: Nastoupil cestu servility a pod\u0159\u00edzenosti v\u016f\u010di Sudeton\u011bmeck\u00e9mu landsman\u0161aftu; Petr Pavel v Selbu v Bavorsku 19. 5. 2023 na akci \u201eBavorsko-\u010desk\u00e9 t\u00fddny p\u0159\u00e1telstv\u00ed\u201c\u00a0k \u0161\u00e9fovi landsman\u0161aftu:\u00a0<em>D\u011bkuji Berndtu Posseltovi za zlep\u0161en\u00ed n\u011bmecko-\u010desk\u00fdch vztah\u016f \u2026 velice v\u00edt\u00e1m posun, ke kter\u00e9mu v posledn\u00edch letech do\u0161lo v Sudeton\u011bmeck\u00e9m krajansk\u00e9m sdru\u017een\u00ed, a za to bych velice r\u00e1d osobn\u011b pod\u011bkoval Berndu Posseltovi, proto\u017ee si toho opravdu velice v\u00e1\u017e\u00edm.\u00a0<\/em>Pt\u00e1me se: K jak\u00e9mu z\u00e1sadn\u00edmu posunu v sudetosdru\u017een\u00ed do\u0161lo? Jejich historick\u00e1 pam\u011b\u0165 st\u00e1le za\u010d\u00edn\u00e1 a\u017e od kv\u011btna 1945 odsunem jejich p\u0159edk\u016f z \u010ceskoslovenska, z nich\u017e se v\u011bt\u0161ina dopustila vlastizrady; pro dobu p\u0159ed kv\u011btnem 1945 trp\u00ed amn\u00e9zii; jejich p\u0159edci vra\u017edili na\u0161e ob\u010dany, vypalovali obce, av\u0161ak nikdy jsme od sudet\u016f nesly\u0161eli jedin\u00e9 slovo l\u00edtosti, omluvy, p\u0159izn\u00e1n\u00ed viny tehdej\u0161\u00edch n\u011bmeck\u00fdch ob\u010dan\u016f \u010ceskoslovenska na okupaci nacistick\u00fdm N\u011bmeckem a vra\u017ed\u00e1ch ve t\u0159ic\u00e1t\u00fdch letech do konce 2. sv\u011btov\u00e9 v\u00e1lky. K jak\u00e9mu posunu do\u0161lo?<\/p>\n<p style=\"font-weight: 400;\">V\u0161e zapo\u010dal V\u00e1clav Havel: V roce 1990 se jel do N\u011bmecka omluvit za odsun v\u011bt\u0161iny N\u011bmc\u016f z tehdej\u0161\u00edho \u010ceskoslovenska, p\u016fvodn\u011b n\u011bmeck\u00fdch ob\u010dan\u016f \u010cSR, kter\u00e1 kolaborovala s nacismem. Tvrdil, \u017ee se omlouv\u00e1 za celou v\u0161echny ob\u010dany cel\u00e9ho \u010ceskoslovenska. Nebyla to pravda. Mluvil s\u00e1m za sebe, by\u0165 byl prezidentem. Opr\u00e1vn\u011bn\u00ed od ob\u010dan\u016f k tomu toti\u017e nem\u011bl. Byla to jeho \u00falitba za zejm. finan\u010dn\u00ed podporu, kterou organizace odsunut\u00fdch N\u011bmc\u016f p\u0159ed rokem 1989 jeho disidentsk\u00e9mu hnut\u00ed v \u010cR poskytovaly.<\/p>\n<p style=\"font-weight: 400;\">\u017d\u00e1dn\u00ed sudet\u0161t\u00ed N\u011bmci z na\u0161eho \u00fazem\u00ed nikdy vyhn\u00e1ni nebyli. Ozna\u010dov\u00e1n\u00ed odsunu v roce 1945 slovem \u201evyhn\u00e1n\u00ed\u201c je jednou ze sudeton\u011bmeck\u00fdch l\u017e\u00ed. K vyhn\u00e1n\u00ed do\u0161lo v dev\u011btat\u0159ic\u00e1t\u00e9m \u2212 nacistick\u00e9 hordy vyh\u00e1n\u011bly na\u0161e ob\u010dany z pohrani\u010d\u00ed. O odsunu sudetsk\u00fdch N\u011bmc\u016f, kte\u0159\u00ed podporovali Hitlera, rozhodly v\u00edt\u011bzn\u00e9 mocnosti na konci 2. sv\u011btov\u00e9 v\u00e1lky, n\u00e1rok na nemovit\u00fd majetek, um\u00edst\u011bn\u00fd na \u00fazem\u00ed \u010ceskoslovenska, odsunem t\u00edmto rozhodnut\u00edm ztratili.<\/p>\n<p style=\"font-weight: 400;\">Sudet\u0161t\u00ed N\u011bmci, jejich potomci, pohrobci, ideov\u00ed n\u00e1sledovn\u00edci se n\u00e1m nikdy neomluvili a nikdy omlouvat nebudou. Za nic. Ani za Lidice, ani za Le\u017e\u00e1ky. Oni se nikdy se nez\u0159ekli obdivu sv\u00fdch p\u0159edch\u016fdc\u016f a jejich aktivn\u00ed podpory Konr\u00e1da Henleina a jeho Sudetendeutsche Heimatsfront (SHF), resp. Sudetendeutsche Partei (SdP), jejich obdivu a aktivn\u00ed podpory Adolfa Hitlera a jeho NSDAP, SS, wehrmachtu, freikorpsu; nikdy se kriticky nevyrovnali s aktivn\u00ed \u00fa\u010dast\u00ed sv\u00fdch p\u0159edk\u016f na zlo\u010dinech nacismu. Nikdy v\u00e1\u017en\u011b nelitovali sv\u00fdch trestn\u00fdch \u010din\u016f, trestn\u00fdch \u010din\u016f sv\u00fdch p\u0159edk\u016f, kte\u0159\u00ed\u00a0vra\u017edili na\u0161e ob\u010dany, vypalovali obce. Nikdy jsme od sudet\u016f nesly\u0161eli jedin\u00e9 slovo k\u0159es\u0165ansk\u00e9 l\u00edtosti, omluvy.<\/p>\n<p style=\"font-weight: 400;\">Sjezdy sudet\u016f jsou sjezdy politick\u00e9ho ob\u010dansk\u00e9ho sdru\u017een\u00ed. Na n\u011b mohou z \u010cR jezdit jen z\u00e1stupci obdobn\u00fdch politick\u00fdch sdru\u017een\u00ed \u2212 pokud na to maj\u00ed \u017ealudek; nikoli \u010dlenov\u00e9 vl\u00e1dy \u010cR. Pokud se jich \u00fa\u010dastn\u00ed \u010dlenov\u00e9 vl\u00e1dy \u010cR \u2013 jde o reprezentaci p\u00e1t\u00e9 sudetsk\u00e9 kolony v na\u0161\u00ed zemi.<\/p>\n<h3 style=\"font-weight: 400;\"><strong><em>Spr\u00e1vn\u00e9 t\u00e9ma, l\u017eiv\u00e1 interpretace<\/em><\/strong><\/h3>\n<p style=\"font-weight: 400;\">Osmdes\u00e1t let po konci druh\u00e9 sv\u011btov\u00e9 v\u00e1lky, podle motta sudetosjezdu 2025, cht\u011bj\u00ed jeho \u00fa\u010dastn\u00edci hledat pou\u010den\u00ed z minulosti a bojovat za m\u00edr a svobodu.<\/p>\n<p style=\"font-weight: 400;\">Spr\u00e1vn\u00e9 t\u00e9ma. Z\u00e1kladem porozum\u011bn\u00ed a sm\u00ed\u0159en\u00ed s\u00a0potomky sudet\u016f mus\u00ed b\u00fdt jejich kritick\u00e1 sebereflexe: Pou\u010den\u00ed z\u00a0minulosti najdou v\u00a0p\u0159izn\u00e1n\u00ed, \u017ee v\u011bt\u0161ina jejich p\u0159edk\u016f se dopustila v\u00e1le\u010dn\u00fdch zlo\u010din\u016f, a \u017ee jejich odsun byl projevem velmi shov\u00edvav\u00e9ho rozhodnut\u00ed \u2212 za jejich v\u00e1le\u010dn\u00e9 zlo\u010diny toti\u017e platil trest smrti. Podstatn\u00e9 bylo, \u017ee devades\u00e1t osm procent sudetsk\u00fdch N\u011bmc\u016f byli henleinovci, volili Henleina, tedy Hitlera. Podstatn\u00e9 bylo, \u017ee jako ob\u010dan\u00e9 tehdej\u0161\u00edho \u010ceskoslovenska tuto zem zradili. Podstatn\u00e9 bylo, \u017ee mnoz\u00ed z nich na\u0161e p\u0159edky vra\u017edili. I v Lidic\u00edch. A podstatn\u00e9 je, \u017ee o tom dnes spolky jejich n\u00e1sledovn\u00edk\u016f necht\u011bj\u00ed nic v\u011bd\u011bt.<\/p>\n<p style=\"font-weight: 400;\">Za t\u0159et\u00ed. B. Sobotka vyrukoval se sudeton\u011bmeckou l\u017e\u00ed, kter\u00e1 zn\u00ed: P\u0159i odsunu pro 2. sv\u011btov\u00e9 v\u00e1lce byl v\u016f\u010di sudetsk\u00fdm N\u011bmc\u016fm uplatn\u011bn princip kolektivn\u00ed viny. Ale to nen\u00ed pravda. Do odsunu byli za\u0159azeni nacist\u00e9, jejich sympatizanti. Nikoli antifa\u0161ist\u00e9.<\/p>\n<p style=\"font-weight: 400;\">Znetvo\u0159en\u00e9 historick\u00e9 v\u011bdom\u00ed sudet\u016f za\u010d\u00edn\u00e1 a\u017e po por\u00e1\u017ece nacismu, a\u017e v\u00a0kv\u011btnu 1945. P\u0159edt\u00edm pro n\u011b nic nebylo, nic neexistovalo. P\u0159edpokladem sm\u00ed\u0159en\u00ed je pravda; jej\u00edm z\u00e1kladem je skute\u010dnost, \u017ee \u010deskosloven\u0161t\u00ed N\u011bmci se od t\u0159ic\u00e1t\u00fdch let minul\u00e9ho stolet\u00ed dopou\u0161t\u011bl zrady \u010cSR, zrady, kter\u00e1 byla v t\u00e9 dob\u011b trest\u00e1na smrt\u00ed \u2013 po por\u00e1\u017ece nacismu v kv\u011btnu 1945 byli nacist\u00e9 m\u00edsto toho milosrdn\u011b odsunuti.<\/p>\n<p style=\"font-weight: 400;\">Na sudetosjezdu 2025 vystoupil zemsk\u00fd p\u0159edseda bavorsk\u00e9 organizace Sudeton\u011bmeck\u00e9ho krajansk\u00e9ho sdru\u017een\u00ed Steffen H\u00f6rtler; prohl\u00e1sil, \u017ee odsun nacistick\u00fdch sudet\u016f z\u00a0\u010cSR v\u00a0roce 1945 byl \u201epov\u00e1le\u010dn\u00fd zlo\u010din\u201c \u2013 z\u00e1kladem sm\u00ed\u0159en\u00ed m\u016f\u017ee b\u00fdt jen pravda: Odsun nacistick\u00fdch sudet\u016f z\u00a0\u010cSR v\u00a0roce 1945 bylo \u0159e\u0161en\u00edm, kter\u00e9 schv\u00e1lili v\u00edt\u011bzn\u00e9 mocnosti, jako reakci na v\u00e1le\u010dn\u00e9 zlo\u010diny nacismu. A znovu nutno zd\u016fraznit, \u017ee to bylo \u0159e\u0161en\u00ed milosrdn\u00e9 \u2013 za v\u00e1le\u010dn\u00e9 zlo\u010diny m\u011bli b\u00fdt jejich pachatel\u00e9 potrest\u00e1ni.<\/p>\n<p style=\"font-weight: 400;\">Av\u0161ak cesta vp\u0159ed mus\u00ed b\u00fdt zalo\u017eena na p\u0159izn\u00e1n\u00ed viny, p\u0159izn\u00e1n\u00ed viny tehdej\u0161\u00edch n\u011bmeck\u00fdch ob\u010dan\u016f \u010ceskoslovenska na okupaci a vra\u017ed\u00e1ch ve t\u0159ic\u00e1t\u00fdch letech do konce 2. sv\u011btov\u00e9 v\u00e1lky. Sudeti v\u0161ak \u00famysln\u011b zapom\u00ednaj\u00ed na p\u0159\u00ed\u010diny minul\u00fdch ud\u00e1lost\u00ed. Jde o ztr\u00e1tu pam\u011bti.<\/p>\n<p style=\"font-weight: 400;\">O odsunu n\u011bmeck\u00fdch osob, kolaboruj\u00edc\u00edch s nacismem, z pohrani\u010d\u00ed \u010ceskoslovenska, rozhodly v\u00edt\u011bzn\u00e9 mocnosti, odsun s kolektivn\u00ed vinou nem\u011bl nic spole\u010dn\u00e9ho, a to i kdy\u017e v\u00edce ne\u017e devades\u00e1t procent z tehdej\u0161\u00edch sudet\u016f podporovalo nacismus; kdo nebyl nacista a cht\u011bl z\u016fstat, z\u016fstal. A jak se provinily desetitis\u00edce na\u0161ich spoluob\u010dan\u016f, kter\u00e9 byly nacistick\u00fdmi sude\u0165\u00e1ky vyhn\u00e1ny z pohrani\u010d\u00ed po jeho z\u00e1boru nacistickou soldateskou?<\/p>\n<p style=\"font-weight: 400;\">Hled\u011bt do spole\u010dn\u00e9 m\u00edrov\u00e9 a kooperativn\u00ed, p\u0159\u00e1telsk\u00e9 sousedsk\u00e9 budoucnosti spolu se sudety m\u016f\u017eeme jen tehdy, jestli\u017ee tato sdru\u017een\u00ed n\u00e1sledn\u00edk\u016f, potomk\u016f nacist\u016f \u2212 ano, v\u011bt\u0161ina jejich p\u0159edk\u016f nacismus volila a jako svou \u017eivotn\u00ed orientaci zvolila \u2212 tedy jestli\u017ee \u010dlenov\u00e9 t\u011bchto spolk\u016f projdou seri\u00f3zn\u00ed reflex\u00ed, jej\u00edm\u017e v\u00fdsledkem bude omluva za nacistick\u00e9 \u0159\u00e1d\u011bn\u00ed v na\u0161ich zem\u00edch, kter\u00e9ho se jejich p\u0159edci dopustili; tedy jestli\u017ee projdou hodnotovou katarz\u00ed. A\u017e sude\u0165\u00e1ci za\u010dnou od za\u010d\u00e1tku \u2013 tedy od toho jak jejich p\u0159edci, henleinovci, rozbili \u010ceskoslovensko. A\u017e se za to omluv\u00ed. A pro\u010d by nem\u011bli nahradit hmotn\u00e9 a mor\u00e1ln\u00ed \u0161kody na\u0161im ob\u010dan\u016fm (jejich d\u011bdic\u016fm), kter\u00e9 p\u0159edci \u010dlen\u016f a sympatizant\u016f sudeton\u011bmeck\u00fdch organizac\u00ed z pohrani\u010d\u00ed v roce 1939 vyhnali. Evidentn\u011b se k n\u011b\u010demu takov\u00e9mu v\u0161ak nechystaj\u00ed.<\/p>\n<h3 style=\"font-weight: 400;\"><strong><em>V \u010dem sudetsk\u00fd kryptonacismus spo\u010d\u00edv\u00e1?<\/em><\/strong><\/h3>\n<p style=\"font-weight: 400;\">Sudet\u0161t\u00ed N\u011bmci, jejich potomci, pohrobci, ideov\u00ed n\u00e1sledovn\u00edci, se n\u00e1m nikdy neomluvili a nikdy omlouvat nebudou. Za nic. Ani za Lidice, ani za Le\u017e\u00e1ky. Oni se nikdy se nez\u0159ekli b\u00fdval\u00e9ho obdivu sv\u00fdch p\u0159edch\u016fdc\u016f a jejich aktivn\u00ed podpory Konr\u00e1da Henleina a jeho Sudetendeutsche Heimatsfront (SHF), resp. Sudetendeutsche Partei (SdP), jejich minul\u00e9ho obdivu a aktivn\u00ed podpory Adolfa Hitlera a jeho NSDAP, SS, wehrmachtu, freikorpsu; nikdy se kriticky nevyrovnali s aktivn\u00ed \u00fa\u010dast\u00ed sv\u00fdch p\u0159edk\u016f na zlo\u010dinech nacismu.<\/p>\n<p style=\"font-weight: 400;\">Mysl\u00ed si snad n\u011bkdo, \u017ee se zm\u011bnili? Omyl. Oni v\u00e1le\u010dn\u00e9 zlo\u010dince oslavuj\u00ed jako sv\u00e9 velkon\u011bmeck\u00e9 hrdiny. P\u0159\u00edklad za v\u0161echny: Pro\u010d by se jinak spolkov\u00fd p\u0159edseda sudeton\u011bmeck\u00e9ho landsman\u0161aftu Bernd Posselt a jeho mluv\u010d\u00ed Johann B\u00f6hm v roce 2006 \u00fa\u010dastnili oslavy devades\u00e1t\u00fdch narozenin Siegfrieda Zoglmanna, d\u016fstojn\u00edka SS, germaniz\u00e1tora p\u016fsob\u00edc\u00edho v Praze za n\u011bmeck\u00e9 okupace. A kolik takov\u00fdch oslav se konalo a kon\u00e1.<\/p>\n<p style=\"font-weight: 400;\">Sudeti byli odsunuti pro svou n\u011bkdej\u0161\u00ed politickou volbu, byli odsunuti, proto\u017ee na z\u00e1klad\u011b sv\u00e9 politick\u00e9 volby nacismus aktivn\u011b podporovali, proto\u017ee v\u00edce ne\u017e devades\u00e1t procent z nich nacisty byli, proto\u017ee zradili svou p\u016fvodn\u00ed vlast \u010ceskoslovensko, proto\u017ee na\u0161e ob\u010dany vra\u017edili, mu\u010dili, okr\u00e1dali. Ze sudet\u016f se rekrutovalo mnohem v\u011bt\u0161\u00ed procento \u010dlen\u016f SS, SD, gestapa, ne\u017e z ostatn\u00edho obyvatelstva nacistick\u00e9ho N\u011bmecka? V\u00edte, \u017ee sudeti v SS vypalovali Lidice, Le\u017e\u00e1ky, dal\u0161\u00ed na\u0161e obce? Za takov\u00e9 \u010diny m\u011bly p\u0159ij\u00edt mnohalet\u00e9 tresty v\u011bzen\u00ed nebo trest smrti \u2013 v t\u00e9 dob\u011b za velezradu a v\u00e1le\u010dn\u00e9 zlo\u010diny trest smrti existoval. Oni v\u0161ak byli pouze odsunuti. Pro pov\u00e1le\u010dn\u00fd odsun N\u011bmc\u016f ze zem\u00ed st\u0159edn\u00ed Evropy bylo mor\u00e1ln\u00ed i politick\u00e9 ospravedln\u011bn\u00ed; takov\u00fdm ospravedln\u011bn\u00edm byly hr\u016fzy druh\u00e9 sv\u011btov\u00e9 v\u00e1lky, kter\u00e9 zp\u016fsobilo nacistick\u00e9 N\u011bmecko, ospravedln\u011bn\u00edm byly miliony lid\u00ed, kter\u00e9 vyvra\u017edily nacistick\u00e9 hordy, ospravedln\u011bn\u00edm byly koncentra\u010dn\u00ed t\u00e1bory, ve kter\u00fdch nacist\u00e9 vra\u017edili \u201em\u00e9n\u011bcenn\u00e9\u201c osoby pr\u016fmyslov\u00fdm zp\u016fsobem, ospravedln\u011bn\u00edm byly stovky vyp\u00e1len\u00fdch m\u011bst, obc\u00ed\u2026<\/p>\n<p style=\"font-weight: 400;\">N\u011bmci, p\u0159\u00edvr\u017eenci SdP v \u010desk\u00e9m pohrani\u010d\u00ed p\u0159ed jeho zabr\u00e1n\u00edm na z\u00e1klad\u011b tzv. Mnichovsk\u00e9 dohody vra\u017edili \u010deskoslovensk\u00e9 voj\u00e1ky, \u010detn\u00edky a spoluob\u010dany bez rozd\u00edlu jejich n\u00e1rodnosti. V pr\u016fb\u011bhu nacistick\u00e9 okupace v tzv. \u201eProtektoratu B\u00f6hmen und M\u00e4hren\u201c napom\u00e1hali masov\u00e9mu vyvra\u017e\u010fov\u00e1n\u00ed obyvatel v\u010detn\u011b vypalov\u00e1n\u00ed obc\u00ed a fyzickou likvidac\u00ed jejich obyvatel (nap\u0159. Lidice, Le\u017e\u00e1ky, Javo\u0159\u00ed\u010dko, Z\u00e1k\u0159ov, Nov\u00fd Mal\u00edn, Plo\u0161tina, Prlov a dal\u0161\u00ed). Nikdy se za tyto zlo\u010diny ti, co je sp\u00e1chali ani jejich potomci a sympatizanti, neomluvili. B\u00fdval\u00ed \u010deskosloven\u0161t\u00ed ob\u010dan\u00e9 n\u011bmeck\u00e9 n\u00e1rodnosti a jejich potomci, kte\u0159\u00ed jsou sdru\u017eeni v landsman\u0161aftu, nikdy neprojevili l\u00edtost nad t\u00edm, \u017ee oni, resp. jejich p\u0159edci, podporovali n\u011bmeck\u00fd nacismus a t\u00edm se v t\u00e9 dob\u011b jako \u010deskosloven\u0161t\u00ed ob\u010dan\u00e9 dopustili vlastizrady. Nikdy se nez\u0159ekli sv\u00e9ho obdivu a aktivn\u00ed podpory Konr\u00e1da Henleina a jeho\u00a0Sudetendeutsche Heimatsfront (SHF), resp. Sudetendeutsche Partei (SdP), sv\u00e9ho obdivu a aktivn\u00ed podpory Adolfa Hitlera a jeho NSDAP, SS a wehrmachtu. Nikdy se kriticky nevyrovnali se svou aktivn\u00ed \u00fa\u010dast\u00ed ve freikorpsu, neleg\u00e1ln\u00ed ozbrojen\u00e9 slo\u017ece, kter\u00e1 vyvolala povst\u00e1n\u00ed v \u010desk\u00e9m pohrani\u010d\u00ed.<\/p>\n<p style=\"font-weight: 400;\">Z\u00a0\u010ceskoslovenska po osvobozen\u00ed v\u00a0r. 1945 nebyli odsunuti \u010deskosloven\u0161t\u00ed ob\u010dan\u00e9 n\u011bmeck\u00e9 n\u00e1rodnosti. T\u00e9m\u011b\u0159 \u017e\u00e1dn\u00ed tu toti\u017e nebyli. V podstat\u011b v\u0161ichni b\u00fdval\u00ed \u010deskosloven\u0161t\u00ed ob\u010dan\u00e9 n\u011bmeck\u00e9 n\u00e1rodnosti v tzv. Sudetech se dobrovoln\u011b po mnichovsk\u00e9 zrad\u011b v r. 1938 (po z\u00e1boru pohrani\u010dn\u00edch oblast\u00ed \u010ceskoslovenska) stali ob\u010dany \u0158\u00ed\u0161e, n\u011bmeck\u00fdmi ob\u010dany nacistick\u00e9ho N\u011bmecka! Odsun sudetsk\u00fdch N\u011bmc\u016f nebylo \u201evyhn\u00e1n\u00ed\u201c \u2013 sudet\u0161t\u00ed N\u011bmci cht\u011bli do \u0158\u00ed\u0161e, jejich heslem bylo zp\u011bt do \u0158\u00ed\u0161e. K Hitlerovi! Odsun nebyla ani \u017e\u00e1dn\u00e1 akce formou kolektivn\u00ed viny: V \u00dastavn\u00edm dekretu prezidenta republiky o \u00faprav\u011b \u010deskoslovensk\u00e9ho st\u00e1tn\u00edho ob\u010danstv\u00ed osob n\u00e1rodnosti n\u011bmeck\u00e9 a ma\u010farsk\u00e9, publikovan\u00e9m pod \u010d. 33\/1945 Sb., bylo jasn\u011b naps\u00e1no, \u017ee \u201eosob\u00e1m \u2026, kter\u00e9 prok\u00e1\u017e\u00ed, \u017ee z\u016fstaly v\u011brny \u010ceskoslovensk\u00e9 republice, nikdy se neprovinily proti n\u00e1rod\u016fm \u010desk\u00e9mu a slovensk\u00e9mu a bu\u010f se \u010dinn\u011b z\u00fa\u010dastnily boje za jej\u00ed osvobozen\u00ed, nebo trp\u011bly pod nacistick\u00fdm nebo fa\u0161istick\u00fdm terorem, zachov\u00e1v\u00e1 se \u010deskoslovensk\u00e9 st\u00e1tn\u00ed ob\u010danstv\u00ed\u201c. Mnoz\u00ed p\u0159edci nyn\u011bj\u0161\u00edch \u010dlen\u016f sude\u0165\u00e1ck\u00fdch organizac\u00ed byli na z\u00e1klad\u011b Postupimsk\u00e9 konference (17. 7. a\u017e 2. 8. 1945) vyst\u011bhov\u00e1ni (nikoli vyhn\u00e1ni) z pov\u00e1le\u010dn\u00e9ho \u010ceskoslovenska; d\u016fvodem bylo, \u017ee v\u011bt\u0161inou aktivn\u011b ve 30. letech pom\u00e1hali rozb\u00edt \u00fazemn\u00ed celistvost \u010ceskoslovenska ve prosp\u011bch nacistick\u00e9ho N\u011bmecka; aktivn\u011b se tak \u00fa\u010dastnili na p\u0159\u00edprav\u011b k n\u00e1sledn\u00e9 okupaci \u010ceskoslovenska nacistick\u00fdm N\u011bmeckem; dopustili se tak zrady na st\u00e1tu, ve kter\u00e9m \u017eili. Vyst\u011bhov\u00e1n\u00ed t\u011bchto osob nebylo uplatn\u011bn\u00edm kolektivn\u00ed viny \u2013 ti, co nebyli aktivn\u00edmi nacisty, co se nedopustili zrady a cht\u011bli v osvobozen\u00e9m \u010ceskoslovensku z\u016fstat \u2013 z\u016fstali. Tedy slu\u0161n\u00ed N\u011bmci, kte\u0159\u00ed se proti \u010ceskoslovensku neprovinili, z\u016fstat mohli; a n\u011bkte\u0159\u00ed tak\u00e9 z\u016fstali.<\/p>\n<p style=\"font-weight: 400;\">B\u00fdval\u00ed \u010deskosloven\u0161t\u00ed ob\u010dan\u00e9 n\u011bmeck\u00e9 n\u00e1rodnosti aktivn\u011b pom\u00e1hali p\u0159i vykr\u00e1d\u00e1n\u00ed \u010desk\u00e9ho hospod\u00e1\u0159stv\u00ed \u2212 v ofici\u00e1ln\u00ed \u010ds. zpr\u00e1v\u011b, p\u0159edlo\u017een\u00e9 norimbersk\u00e9mu tribun\u00e1lu s hlavn\u00edmi v\u00e1le\u010dn\u00fdmi zlo\u010dinci (<em>\u201eN\u011bmeck\u00e9 zlo\u010diny proti \u010ceskoslovensku\u201c<\/em>), byly \u0161kody a ztr\u00e1ty spojen\u00e9 s n\u011bmeckou okupac\u00ed a v\u00e1lkou vy\u010d\u00edsleny sumou 347,5 miliardy tehdej\u0161\u00edch \u010deskoslovensk\u00fdch korun. Na Slovensku dos\u00e1hly v\u00e1le\u010dn\u00e9 \u0161kody 114,5 miliardy korun (viz znaleck\u00fd posudek Leopolda Chmela z procesu s K. H. Frankem, publikov\u00e1n v roce 1946).<\/p>\n<p style=\"font-weight: 400;\">Sudeton\u011bmeck\u00e9 landsman\u0161afty jsou nebezpe\u010d\u00edm pro n\u00e1s, pro Evropu.<\/p>\n<h3 style=\"font-weight: 400;\"><strong><em>Plivnut\u00ed na \u00dastavu \u010cesk\u00e9 republiky<\/em><\/strong><\/h3>\n<p style=\"font-weight: 400;\">Plivnut\u00ed na \u00dastavu \u010cesk\u00e9 republiky, trestn\u00fd \u010din v\u00fdtr\u017enictv\u00ed hrub\u00fdm znev\u00e1\u017een\u00edm st\u00e1tn\u00edho symbolu, podpora sudetsk\u00e9mu protonacismu: Podle ve\u0159ejn\u011b sd\u00edlen\u00fdch informac\u00ed byla na 75. sudetosjezdu hr\u00e1na \u010desk\u00e1 hymna (<a href=\"https:\/\/www.msn.com\/cs-cz\/zpravy\/zahrani%C4%8Dn%C3%AD\/cenu-sudetsk%C3%BDch-n%C4%9Bmc%C5%AF-za-lidsk%C3%A1-pr%C3%A1va-dostal-festival-meeting-brno\/ar-AA1GgKIj?ocid=msedgdhp&amp;pc=ENTPSP&amp;cvid=1f2f1ecc491b4363ae5e13ad84db8623&amp;ei=13\">viz<\/a>, 7. 6. 2005). Pr\u00fd u\u017e po\u010dtvrt\u00e9 v uplynul\u00fdch sudetosjezdech.<\/p>\n<p style=\"font-weight: 400;\">\u010cesk\u00e1 hymna pat\u0159\u00ed mezi st\u00e1tn\u00ed symboly (viz \u010dl. 14 odst. 1 z\u00e1kona \u010d.\u00a01\/1993 Sb. \u00dastava \u010cesk\u00e9 republiky). Podle \u00a7 12 z\u00e1kona \u010d. 352\/2001 Sb., o u\u017e\u00edv\u00e1n\u00ed st\u00e1tn\u00edch symbol\u016f \u010cesk\u00e9 republiky, lze st\u00e1tn\u00ed hymnu\u00a0hr\u00e1t i zp\u00edvat p\u0159i st\u00e1tn\u00edch sv\u00e1tc\u00edch a p\u0159i jin\u00fdch p\u0159\u00edle\u017eitostech, je-li to obvykl\u00e9. Z\u00e1kon jin\u00fdmi p\u0159\u00edle\u017eitostmi mysl\u00ed obdobn\u00e9 p\u0159\u00edle\u017eitosti, jako jsou st\u00e1tn\u00ed sv\u00e1tky, konkr\u00e9tn\u011b akce celost\u00e1tn\u00edho v\u00fdznamu, p\u0159i nich\u017e je hran\u00ed hymny obvykl\u00e9 (kup\u0159. zased\u00e1n\u00ed parlamentu, st\u00e1tn\u00edch org\u00e1n\u016f, organizac\u00ed, ve\u0159ejn\u00e9 i priv\u00e1tn\u00ed akce politick\u00fdch stran a hnut\u00ed, i mezist\u00e1tn\u00ed sportovn\u00ed z\u00e1pasy atp.).<\/p>\n<p style=\"font-weight: 400;\">St\u00e1tn\u00ed symboly a jejich u\u017eit\u00ed podl\u00e9h\u00e1 z\u00e1konn\u00e9 ochran\u011b.<\/p>\n<p style=\"font-weight: 400;\">Pokud osoba zneu\u017eije \u010di hrub\u011b znev\u00e1\u017e\u00ed st\u00e1tn\u00ed symbol, v tomto p\u0159\u00edpad\u011b st\u00e1tn\u00ed hymnu, jde minim\u00e1ln\u011b o p\u0159estupek s pokutou do 30 000 K\u010d [viz \u00a7 13 odst. 1 p\u00edsm. a) a odst. 2 z\u00e1kona \u010d.\u00a0352\/2001 Sb., o u\u017e\u00edv\u00e1n\u00ed st\u00e1tn\u00edch symbol\u016f \u010cesk\u00e9 republiky].\u00a0Po\u0161kozen\u00ed, zneu\u017eit\u00ed a hrub\u00e9 znev\u00e1\u017een\u00ed st\u00e1tn\u00edho symbolu \u010cesk\u00e9 republiky, v tomto p\u0159\u00edpad\u011b hrub\u00e9ho znev\u00e1\u017een\u00ed hymny \u010cR jej\u00edm hran\u00edm na sudetosjezd, \u010dili touto hrubou neslu\u0161nost\u00ed lze postihovat v r\u00e1mci trestn\u00ed odpov\u011bdnosti podle \u00a7 358 (v\u00fdtr\u017enictv\u00ed) z\u00e1kona \u010d. 40\/2009 Sb.,\u00a0trestn\u00ed z\u00e1kon\u00edk.<\/p>\n<p style=\"font-weight: 400;\">St\u00e1tn\u00ed symboly p\u0159edstavuj\u00ed svrchovanost na\u0161eho st\u00e1tu, jsou odrazem historie \u010desk\u00e9 zem\u011b a n\u00e1rodn\u00ed identity; to je podstatou jejich existence. Hran\u00ed st\u00e1tn\u00ed hymny na sjezdu potomk\u016f b\u00fdval\u00fdch ob\u010dan\u016f \u010cSR n\u011bmeck\u00e9 n\u00e1rodnosti, kte\u0159\u00ed ve v\u011bt\u0161in\u011b p\u0159\u00edpad\u016f zradili svou vlast, \u010ceskoslovenskou republiku, aktivn\u011b podporovali nacismus, osobn\u011b se \u00fa\u010dastnili trestn\u00edch \u010din\u016f nacist\u016f, vyvra\u017e\u010fov\u00e1n\u00ed na\u0161ich ob\u010dan\u016f \u2013 tedy hran\u00ed st\u00e1tn\u00ed hymny v tomto p\u0159\u00edpad\u011b je zneu\u017eit\u00edm a hrub\u00fdm znev\u00e1\u017een\u00edm st\u00e1tn\u00edho symbolu \u010cR formou podpory sudetsk\u00e9ho protonacismu.<\/p>\n<h3 style=\"font-weight: 400;\"><strong><em>V \u010dele p\u00e1t\u00e9 kolony Meeting Brno<\/em><\/strong><\/h3>\n<p style=\"font-weight: 400;\">Cenu za lidsk\u00e1 pr\u00e1va na sudetosjezdu dostala ob\u010dansk\u00e1 iniciativa Meeting Brno. Organizuje tzv. pou\u0165 sm\u00ed\u0159en\u00ed, kter\u00e1 vede v opa\u010dn\u00e9m sm\u011bru po trase odsunu N\u011bmc\u016f z Brna v r. 1945. \u0158editel t\u00e9to ob\u010dansk\u00e9 iniciativy\u00a0Petr Kalousek\u00a0na opl\u00e1tku sudetsk\u00e9 N\u011bmce pozval na p\u0159\u00ed\u0161t\u00ed rok (2026) do Brna \u2013 a\u0165 sv\u016fj p\u0159\u00ed\u0161t\u00ed sudetosjezd uskute\u010dn\u00ed v Brn\u011b.\u00a0Vyslou\u017eil si za to na leto\u0161n\u00edm sudetosjezdu (2025) potlesk jeho \u00fa\u010dastn\u00edk\u016f vestoje<strong>.<\/strong><\/p>\n<p style=\"font-weight: 400;\">Nejvy\u0161\u0161\u00ed politick\u00fd p\u0159edstavitel sudetsk\u00fdch N\u011bmc\u016f Bernd Posselt \u0159ekl, \u017ee pozv\u00e1n\u00ed od Meeting Brno pova\u017euje za neuv\u011b\u0159itelnou poctu a zji\u0161\u0165uje, zda by to bylo mo\u017en\u00e9 a zda by to bylo komfortn\u00ed pro ob\u011b strany.<\/p>\n<p style=\"font-weight: 400;\">P\u0159\u00ed\u0161t\u00ed sudetosjezd v\u00a0r. 2026 se m\u00e1 konat v\u00a0Brn\u011b.\u00a0Za potlesku n\u011bkter\u00fdch politik\u016f se serviln\u00edm vztahem k t\u011bmto organizac\u00edm. Pod ochranou na\u0161\u00ed policie. Za frenetick\u00e9ho aplausu pra\u017esk\u00e9 kav\u00e1rny a mainstreamov\u00fdch sd\u011blovac\u00edch prost\u0159edk\u016f. A pokud se to n\u011bkter\u00fdm politick\u00fdm stran\u00e1m a ob\u010dan\u016fm nebude l\u00edbit, octnou se ve zpr\u00e1v\u011b ministerstva vnitra jako extremist\u00e9.<\/p>\n<p style=\"font-weight: 400;\">Z \u010ceskoslovenska byly po druh\u00e9 sv\u011btov\u00e9 v\u00e1lce odsunuty asi t\u0159i miliony N\u011bmc\u016f. Podle \u010desko-n\u011bmeck\u00e9 komise historik\u016f p\u0159i tom p\u0159i\u0161lo o \u017eivot 15 000 a\u017e 30 000 lid\u00ed. B\u011bhem p\u0159ede\u0161l\u00e9 v\u00edce ne\u017e \u0161estilet\u00e9 nacistick\u00e9 nadvl\u00e1dy zahynulo kolem 320 000 a\u017e 350 000 obyvatel n\u011bkdej\u0161\u00edho \u010ceskoslovenska. Byli nacisty zavra\u017ed\u011bni.<\/p>\n<p style=\"font-weight: 400;\">Sjezdy sudet\u016f se k n\u00e1m p\u0159ibli\u017euj\u00ed \u2013 nejen m\u00edstem kon\u00e1n\u00ed; p\u0159ibli\u017euj\u00ed se zejm\u00e9na politicky. P\u0159\u00ed\u0161t\u00ed jejich sjezd Bernd Posselt pl\u00e1nuje u n\u00e1s; jeho vzkaz je jasn\u00fd: Tady (v \u010cesk\u00e9 republice) jsme doma my (sudeti), my (sudeti) si pozveme na n\u00e1\u0161 p\u0159\u00ed\u0161t\u00ed sjezd (na koberec) vl\u00e1du \u010cR. Politicky je takov\u00e9 p\u0159ibli\u017eov\u00e1n\u00ed mo\u017en\u00e9 existenc\u00ed jejich p\u00e1t\u00e9 kolony v \u010cR. P\u00e1t\u00e1 kolona sudet\u016f u n\u00e1s je politick\u00e1 l\u016fza. Spolky, politick\u00e9 strany, osoby, kter\u00e9 \u010desk\u00e9 n\u00e1rodn\u00ed z\u00e1jmy neh\u00e1j\u00ed, jsou hrozbou pro n\u00e1rodn\u00ed bezpe\u010dnost.<\/p>\n<h3 style=\"font-weight: 400;\"><strong>K t\u00e9to na\u0161\u00ed anal\u00fdze p\u0159ipojujeme v\u00fdzvu:<\/strong><\/h3>\n<p style=\"font-weight: 400;\"><strong>\u010cesk\u00fd svaz protifa\u0161istick\u00fdch bojovn\u00edk\u016f, z. s., vyz\u00fdv\u00e1 v\u0161echny vlasteneck\u00e9 spolky, sdru\u017een\u00ed, politick\u00e9 strany a slu\u0161n\u00e9 spoluob\u010dany, aby se k\u00a0na\u0161\u00ed v\u00fdzv\u011b p\u0159ipojili, aby ji rozes\u00edlali, seznamovali s\u00a0n\u00ed sv\u00e9 \u010dleny a dal\u0161\u00ed z\u00e1jemce, a aby vytvo\u0159ili tlak na sv\u00e9 poslance a dal\u0161\u00ed volen\u00e9 z\u00e1stupce s c\u00edlem:<\/strong><\/p>\n<h4 style=\"font-weight: 400;\"><strong>Sudetosjezd Brno 2026 NE!<\/strong><\/h4>\n<p style=\"font-weight: 400;\"><strong>21. 7. 2025<\/strong><\/p>\n<p style=\"font-weight: 400;\"><strong>PaedDr. Mgr. Jitka Gruntov\u00e1,<\/strong><\/p>\n<p style=\"font-weight: 400;\"><em>p\u0159edsedkyn\u011b v\u00fdboru \u010cesk\u00e9ho svazu protifa\u0161istick\u00fdch bojovn\u00edk\u016f, z. s.<\/em><\/p>\n<p style=\"font-weight: 400;\"><strong>Josef Odehnal,<\/strong><\/p>\n<p style=\"font-weight: 400;\"><em>m\u00edstop\u0159edseda v\u00fdboru \u010cesk\u00e9ho svazu protifa\u0161istick\u00fdch bojovn\u00edk\u016f, z. s.<\/em><\/p>\n<p style=\"font-weight: 400;\"><strong>PhDr. Vladim\u00edr Pelc,<\/strong><\/p>\n<p style=\"font-weight: 400;\"><em>m\u00edstop\u0159edseda v\u00fdboru \u010cesk\u00e9ho svazu protifa\u0161istick\u00fdch bojovn\u00edk\u016f, z. s.<\/em><\/p>\n<p><span style=\"font-size: 10pt;\"><a href=\"https:\/\/vasevec.parlamentnilisty.cz\/blogy\/pata-kolona-sudetskeho-kryptonacismu\">ZDROJ<\/a><\/span><\/p>\n<p>&nbsp;<\/p>\n","protected":false},"excerpt":{"rendered":"<p>Historicko-politick\u00e1 anal\u00fdza \u010cesk\u00e9ho svazu protifa\u0161istick\u00fdch bojovn\u00edk\u016f, z. s. Jedn\u00edm z politick\u00fdch a hospod\u00e1\u0159sk\u00fdch nebezpe\u010d\u00ed pro&#8230;<\/p>\n","protected":false},"author":2,"featured_media":81850,"comment_status":"closed","ping_status":"closed","sticky":false,"template":"","format":"standard","meta":[],"categories":[6],"tags":[398,664,811,2886,112],"_links":{"self":[{"href":"https:\/\/www.infokuryr.cz\/n\/wp-json\/wp\/v2\/posts\/84332"}],"collection":[{"href":"https:\/\/www.infokuryr.cz\/n\/wp-json\/wp\/v2\/posts"}],"about":[{"href":"https:\/\/www.infokuryr.cz\/n\/wp-json\/wp\/v2\/types\/post"}],"author":[{"embeddable":true,"href":"https:\/\/www.infokuryr.cz\/n\/wp-json\/wp\/v2\/users\/2"}],"replies":[{"embeddable":true,"href":"https:\/\/www.infokuryr.cz\/n\/wp-json\/wp\/v2\/comments?post=84332"}],"version-history":[{"count":0,"href":"https:\/\/www.infokuryr.cz\/n\/wp-json\/wp\/v2\/posts\/84332\/revisions"}],"wp:featuredmedia":[{"embeddable":true,"href":"https:\/\/www.infokuryr.cz\/n\/wp-json\/wp\/v2\/media\/81850"}],"wp:attachment":[{"href":"https:\/\/www.infokuryr.cz\/n\/wp-json\/wp\/v2\/media?parent=84332"}],"wp:term":[{"taxonomy":"category","embeddable":true,"href":"https:\/\/www.infokuryr.cz\/n\/wp-json\/wp\/v2\/categories?post=84332"},{"taxonomy":"post_tag","embeddable":true,"href":"https:\/\/www.infokuryr.cz\/n\/wp-json\/wp\/v2\/tags?post=84332"}],"curies":[{"name":"wp","href":"https:\/\/api.w.org\/{rel}","templated":true}]}}