{"id":84319,"date":"2025-07-26T00:10:55","date_gmt":"2025-07-25T22:10:55","guid":{"rendered":"https:\/\/www.infokuryr.cz\/n\/?p=84319"},"modified":"2025-07-25T13:08:30","modified_gmt":"2025-07-25T11:08:30","slug":"nepripustne-a-opakovane-vmesovani-ministra-seehofera-posselta-i-dalsich-nemeckych-politiku-a-ustavnich-cinitelu-do-nasich-vnitrnich-zalezitosti","status":"publish","type":"post","link":"https:\/\/www.infokuryr.cz\/n\/2025\/07\/26\/nepripustne-a-opakovane-vmesovani-ministra-seehofera-posselta-i-dalsich-nemeckych-politiku-a-ustavnich-cinitelu-do-nasich-vnitrnich-zalezitosti\/","title":{"rendered":"Nep\u0159\u00edpustn\u00e9 a opakovan\u00e9 vm\u011b\u0161ov\u00e1n\u00ed ministra Seehofera, Posselta i dal\u0161\u00edch n\u011bmeck\u00fdch politik\u016f a \u00fastavn\u00edch \u010dinitel\u016f do na\u0161ich vnit\u0159n\u00edch z\u00e1le\u017eitost\u00ed"},"content":{"rendered":"<div id=\"fb-root\"><\/div>\n<p>Ji\u017e 30.8.2018 H. Seehofer v\u00a0Berl\u00edn\u011b na konferenci \u201eSvazu vyhnanc\u016f\u201c ve sv\u00e9 \u0159e\u010di ozna\u010dil \u201eBene\u0161ovy dekrety\u201c za \u201eprotipr\u00e1vn\u00ed, kter\u00e9 nepat\u0159\u00ed do spole\u010dn\u00e9ho evropsk\u00e9ho bohatstv\u00ed\u201c a jako takov\u00e9 budou zru\u0161eny. Cel\u00fd projev pana spolkov\u00e9ho ministra vnitra m\u016f\u017eete naj\u00edt na ofici\u00e1ln\u00edch www str\u00e1nk\u00e1ch n\u011bmeck\u00e9ho ministerstva vnitra.<\/p>\n<p>Na sjezdu sudet\u016f v\u00a0Augsburku \u0159ekl pan Stephan Mayer (CSU), st\u00e1tn\u00ed tajemn\u00edk n\u011bmeck\u00e9ho ministerstva vnitra, za siln\u00e9ho potlesku stovek p\u0159\u00edtomn\u00fdch: \u201e Jsem pevn\u011b p\u0159esv\u011bd\u010den, je to m\u016fj osobn\u00ed n\u00e1zor, \u017ee do Evropy pr\u00e1va, bezpe\u010dnosti, m\u00edru a svobody nepat\u0159\u00ed takov\u00e9 dekrety.\u201c Sou\u010dasn\u011b vyj\u00e1d\u0159il i p\u0159esv\u011bd\u010den\u00ed, \u017ee dekrety, na jejich\u017e z\u00e1klad\u011b byli sudet\u0161t\u00ed N\u011bmci v\u00a0\u010ceskoslovensku po druh\u00e9 sv\u011btov\u00e9 v\u00e1lce zbaveni ob\u010danstv\u00ed i majetku, odporuj\u00ed mezin\u00e1rodn\u00edmu pr\u00e1vu.<\/p>\n<p>B. Posselt ji\u017e cel\u00e1 l\u00e9ta agituje proti tzv. Bene\u0161ov\u00fdm dekret\u016fm. Je pravdou, \u017ee \u00a0v sou\u010dasnosti jsou lasndsmani v\u016f\u010di dekret\u016fm prezidenta republiky \u201eohledupln\u011bj\u0161\u00ed\u201c. Dokonce z jejich strany jsme mohli sly\u0161et slova, \u017ee \u010ce\u0161i si je zru\u0161\u00ed sami. Opravdu tak m\u016f\u017eeme u\u010dinit? V \u017e\u00e1dn\u00e9m p\u0159\u00edpad\u011b! P\u0159isp\u011bli bychom tak ke zni\u010den\u00ed na\u0161eho st\u00e1tu i \u010desk\u00e9ho n\u00e1roda. O tom podrobn\u011bji pojedn\u00e1 v dal\u0161\u00edm textu pan profesor V. Pavl\u00ed\u010dek.<\/p>\n<p>Pro\u010d v\u0161ak ji\u017e d\u00e1vno proti tomu nezakro\u010dilo Ministerstvo zahrani\u010d\u00ed \u010cR, neprotestovala a neprotestuje vl\u00e1da \u010cR nebo alespo\u0148 n\u011bkte\u0159\u00ed vl\u00e1dn\u00ed \u00fastavn\u00ed \u010dinitel\u00e9? I opozice dr\u017e\u00ed v\u00a0tomto sm\u011bru, a\u017e na n\u011bkolik m\u00e1lo v\u00fdjimek, bob\u0159\u00edka ml\u010den\u00ed.<\/p>\n<p>My se nevm\u011b\u0161ujeme do vnit\u0159n\u00edch z\u00e1le\u017eitost\u00ed N\u011bmecka. N\u011bmci se nesm\u011bj\u00ed vm\u011b\u0161ovat do na\u0161ich. Jeden z\u00a0princip\u016f mezin\u00e1rodn\u00edho pr\u00e1va zakotvuje z\u00e1kaz vm\u011b\u0161ov\u00e1n\u00ed se jednoho st\u00e1tu do vnit\u0159n\u00edch z\u00e1le\u017eitost\u00ed druh\u00e9ho st\u00e1tu. Na na\u0161\u00ed stran\u011b je mezin\u00e1rodn\u00ed pr\u00e1vo. Jednejme tedy v\u00a0souladu s\u00a0n\u00edm!<\/p>\n<p><em><a href=\"https:\/\/ceske-narodni-listy.estranky.cz\/clanky\/prispevky\/nepripustne-a-opakovane-vmesovani-ministra-seehofera--posselta-i-dalsich--do-nasich-vnitrnich-zalezitosti.html\">Dr. O. Tule\u0161kov<\/a><\/em><\/p>\n<p>&nbsp;<\/p>\n<p>&nbsp;<\/p>\n","protected":false},"excerpt":{"rendered":"<p>Ji\u017e 30.8.2018 H. Seehofer v\u00a0Berl\u00edn\u011b na konferenci \u201eSvazu vyhnanc\u016f\u201c ve sv\u00e9 \u0159e\u010di ozna\u010dil \u201eBene\u0161ovy dekrety\u201c&#8230;<\/p>\n","protected":false},"author":2,"featured_media":74814,"comment_status":"closed","ping_status":"closed","sticky":false,"template":"","format":"standard","meta":[],"categories":[6],"tags":[1503,429,112,3676],"_links":{"self":[{"href":"https:\/\/www.infokuryr.cz\/n\/wp-json\/wp\/v2\/posts\/84319"}],"collection":[{"href":"https:\/\/www.infokuryr.cz\/n\/wp-json\/wp\/v2\/posts"}],"about":[{"href":"https:\/\/www.infokuryr.cz\/n\/wp-json\/wp\/v2\/types\/post"}],"author":[{"embeddable":true,"href":"https:\/\/www.infokuryr.cz\/n\/wp-json\/wp\/v2\/users\/2"}],"replies":[{"embeddable":true,"href":"https:\/\/www.infokuryr.cz\/n\/wp-json\/wp\/v2\/comments?post=84319"}],"version-history":[{"count":1,"href":"https:\/\/www.infokuryr.cz\/n\/wp-json\/wp\/v2\/posts\/84319\/revisions"}],"predecessor-version":[{"id":84320,"href":"https:\/\/www.infokuryr.cz\/n\/wp-json\/wp\/v2\/posts\/84319\/revisions\/84320"}],"wp:featuredmedia":[{"embeddable":true,"href":"https:\/\/www.infokuryr.cz\/n\/wp-json\/wp\/v2\/media\/74814"}],"wp:attachment":[{"href":"https:\/\/www.infokuryr.cz\/n\/wp-json\/wp\/v2\/media?parent=84319"}],"wp:term":[{"taxonomy":"category","embeddable":true,"href":"https:\/\/www.infokuryr.cz\/n\/wp-json\/wp\/v2\/categories?post=84319"},{"taxonomy":"post_tag","embeddable":true,"href":"https:\/\/www.infokuryr.cz\/n\/wp-json\/wp\/v2\/tags?post=84319"}],"curies":[{"name":"wp","href":"https:\/\/api.w.org\/{rel}","templated":true}]}}