{"id":84314,"date":"2025-07-26T00:13:21","date_gmt":"2025-07-25T22:13:21","guid":{"rendered":"https:\/\/www.infokuryr.cz\/n\/?p=84314"},"modified":"2025-07-25T12:47:10","modified_gmt":"2025-07-25T10:47:10","slug":"jiri-vyvadil-tak-to-tedy-hodim-spd","status":"publish","type":"post","link":"https:\/\/www.infokuryr.cz\/n\/2025\/07\/26\/jiri-vyvadil-tak-to-tedy-hodim-spd\/","title":{"rendered":"Ji\u0159\u00ed Vyvadil: Tak to tedy hod\u00edm SPD\u2026"},"content":{"rendered":"<div id=\"fb-root\"><\/div>\n<p><strong>Pro opozi\u010dn\u00ed lid je p\u0159irozen\u011b nejd\u016fle\u017eit\u011bj\u0161\u00ed, aby padla tato ne\u00fanosn\u00e1 vl\u00e1da. Ale ona je ne\u00fanosn\u00e1 nejen proto, \u017ee na rozd\u00edl od p\u0159edchoz\u00ed Babi\u0161ovy nezvl\u00e1d\u00e1 ekonomiku a zvy\u0161ov\u00e1n\u00ed \u017eivotn\u00ed \u00farovn\u011b lid\u00ed, na kterou maj\u00ed ob\u010dan\u00e9 pln\u00e9 pr\u00e1vo, ale nav\u00edc kter\u00e1 jako prvn\u00ed po vzniku \u010cR zavedla trestn\u00ed st\u00edh\u00e1n\u00ed pro odli\u0161n\u00e9 politick\u00e9 n\u00e1zory p\u0159\u00edpadn\u011b v men\u0161\u00edm vyhazovy nepohodln\u00fdch samostatn\u011b mysl\u00edc\u00edch ze zam\u011bstn\u00e1n\u00ed. To tu p\u0159edt\u00edm nebylo a je to odpudiv\u00e9 a neomluviteln\u00e9.<\/strong><\/p>\n<p style=\"font-weight: 400;\">U\u010ditelka Martina Bedn\u00e1\u0159ov\u00e1 v\u00a0roce 2022\u00a0 b\u011bhem hodiny slohu na Z\u0160 Na Dlouh\u00e9m l\u00e1nu v Praze prezentovala\u00a0 p\u0159ed \u017e\u00e1ky osm\u00e9 t\u0159\u00eddy uv\u00e1d\u011bla, \u017ee v Kyjev\u011b se nic ned\u011bje, a zpochyb\u0148ovala zpravodajstv\u00ed \u010cesk\u00e9 televize. N\u011bkte\u0159\u00ed \u017e\u00e1ci vyr\u016fstaj\u00edc\u00ed prore\u017eimn\u00ed udava\u010di \u00a0si jej\u00ed v\u00fdklad nahr\u00e1li, co\u017e se stalo kl\u00ed\u010dov\u00fdm d\u016fkazem.<\/p>\n<p style=\"font-weight: 400;\">Po n\u011bkolika kolech soudn\u00edch \u0159\u00edzen\u00ed, kdy byla dvakr\u00e1t zpro\u0161t\u011bna j\u00ed za hr\u016fzostra\u0161n\u011b zn\u011bj\u00edc\u00ed trestn\u00fd \u010din podle z\u00e1kon\u00edku pop\u00edr\u00e1n\u00ed, zpochyb\u0148ov\u00e1n\u00ed, schvalov\u00e1n\u00ed nebo ospravedl\u0148ov\u00e1n\u00ed genocidy, zlo\u010din\u016f proti lidskosti, v\u00e1le\u010dn\u00fdch zlo\u010din\u016f nebo zlo\u010din\u016f proti m\u00edru\u00a0\u00a0podle \u00a7 405 trestn\u00edho z\u00e1kon\u00edku byl letos v kv\u011btnu ulo\u017een sedmim\u011bs\u00ed\u010dn\u00ed podm\u00edn\u011bn\u00fd trest, z\u00e1kaz v\u00fduky na t\u0159i roky a povinnost absolvovat kurz medi\u00e1ln\u00ed gramotnosti. P\u011bkn\u00e1 \u0159acha u dosud netrestan\u00e9 pan\u00ed u\u010ditelky\u2026<\/p>\n<p style=\"font-weight: 400;\">\u010clov\u011bk nem\u00e1 ps\u00e1t s\u00e1m o sob\u011b. Ale i mn\u011b cht\u011bli st\u00edhat, \u017ee jsem napsal na FB po ud\u00e1lostech v\u00a0Bu\u010di, \u017ee j\u00e1 po krvav\u00fdch ud\u00e1lostech euromajdanu, organizovan\u00e9m Z\u00e1padem, nev\u011b\u0159\u00edm Ukrajinc\u016fm ani nos mezi o\u010dima. Bohud\u00edk jsem narazil na inteligentn\u00ed vy\u0161et\u0159ovatele a jejich dozoruj\u00edc\u00ed st\u00e1tn\u00ed z\u00e1stupkyni, kter\u00e1 jim vysv\u011btlila, kdo jsem a v\u011bc dopadla v\u00a0m\u00e9m p\u0159\u00edpad\u011b tak, \u017ee jsme si hezky popov\u00eddali.<\/p>\n<p style=\"font-weight: 400;\">Ale nemylte se. Pro m\u00e9 \u010dl\u00e1nky z\u00a0roku 2022, v\u010detn\u011b t\u00e9 Bu\u010de, na ud\u00e1n\u00ed profialovsk\u00fdch advok\u00e1t\u016f se vedlo proti mn\u011b n\u011bkolik k\u00e1rn\u00fdch \u017ealob, mimo jin\u00e9 \u2013 co\u017e je dnes pikantn\u00ed \u2013 \u017ee jsem argumentoval n\u00e1zory Donalda Trumpa, kter\u00e9mu jsem fandil a kter\u00fd byl br\u00e1n v\u00a0t\u00e9 dob\u011b\u00a0\u00a0jako ideov\u00fd nep\u0159\u00edtel.<\/p>\n<p style=\"font-weight: 400;\">Ale proto\u017ee \u010das postupuje a Trump se stal prezidentem a nav\u00edc odvolac\u00ed org\u00e1n \u010cAK byl velice inteligentn\u00ed a ch\u00e1pav\u00fd a m\u00e9 rozs\u00e1hl\u00e9 politick\u00e9 obvin\u011bn\u00ed bylo\u00a0\u00a0po t\u0159ech letech zru\u0161eno.<\/p>\n<p style=\"font-weight: 400;\">V\u00a0Jihomoravsk\u00e9m kraji jako l\u00eddr kandid\u00e1tky za SPD kandiduje b\u00fdval\u00fd d\u011bkan N\u00e1rodohospod\u00e1\u0159sk\u00e9 fakulty V\u0160E\u00a0\u00a0Miroslav \u0160ev\u010d\u00edk, kter\u00fd se nev\u00e1h\u00e1, jak b\u00fdv\u00e1 obvykl\u00e9 na Z\u00e1pad\u011b u vysoko\u0161kolsk\u00e9ho u\u010ditele spole\u010densko-politicky anga\u017eovat. A tak musel let\u011bt z\u00a0funkce d\u011bkana.<\/p>\n<p style=\"font-weight: 400;\">Nyn\u00ed policie\u00a0\u00a0navrhla st\u00e1tn\u00edmu z\u00e1stupci ob\u017ealov\u00e1n\u00ed p\u0159edsedy SPD Tomia Okamury a jeho hnut\u00ed SPD pro trestn\u00fd \u010din dopustit podn\u011bcov\u00e1n\u00ed k\u00a0nen\u00e1visti.<\/p>\n<p style=\"font-weight: 400;\">Dva a p\u016fl m\u011bs\u00edce p\u0159ed volbami cht\u011bj\u00ed Raku\u0161anovi lid\u00e9 \u00fato\u010dit na opozi\u010dn\u00edho p\u0159ed\u00e1ka a jeho stranu.<\/p>\n<p style=\"font-weight: 400;\">N\u00e1vrh na ob\u017ealobu se t\u00fdk\u00e1 p\u0159edvolebn\u00edch plak\u00e1t\u016f hnut\u00ed SPD, p\u0159edn\u011b pak plak\u00e1tu, kter\u00fd vyobrazuje mu\u017ee tmav\u00e9 pleti s\u00a0no\u017eem a varuje v\u00a0souvislosti s\u00a0tzv. migra\u010dn\u00edm paktem Evropsk\u00e9 unie p\u0159ed \u201echirurgy z\u00a0dovozu\u201c.<\/p>\n<p style=\"font-weight: 400;\">Na rovinu, ten plak\u00e1t se se mi zd\u00e1l pitom\u00fd. Do \u010ceska zcela ur\u010dit\u011b nem\u00ed\u0159\u00ed \u010derno\u0161i s\u00a0no\u017ei, aby n\u00e1s ohro\u017eovali.<\/p>\n<p style=\"font-weight: 400;\">A nav\u00edc: Pr\u00e1v\u011b proto, \u017ee\u00a0\u00a0ten plak\u00e1t je v\u00a0t\u00e9to souvislosti tak pitom\u00fd, je \u0161\u00edlen\u00e9, \u017ee ke v\u0161emu ochotn\u00e1 policie dala n\u00e1vrh na ob\u017ealobu.<\/p>\n<p style=\"font-weight: 400;\">P\u0159esto ohro\u017eov\u00e1n\u00ed svobody projevu ze strany vl\u00e1dy a jej\u00edch ke v\u0161emu ochotn\u00fdch org\u00e1n\u016f za svou osobu pokl\u00e1d\u00e1m za n\u011bco, co mus\u00ed skon\u010dit v\u00a0t\u00e9to zemi.<\/p>\n<p style=\"font-weight: 400;\">Jsem opozi\u010dn\u00ed \u010dlov\u011bk a odst\u0159ih\u00e1v\u00e1m pomysln\u011b metr na vojn\u011b a\u017e skon\u010d\u00ed.<\/p>\n<p style=\"font-weight: 400;\">N\u011bkomu to ov\u0161em mus\u00edm hodit.<\/p>\n<p style=\"font-weight: 400;\">Dr\u017e\u00edm up\u0159\u00edmn\u011b palce v\u0161em opozi\u010dn\u00edm stran\u00e1m a p\u0159edpokl\u00e1d\u00e1m, \u017ee Babi\u0161 bude premi\u00e9rem.<\/p>\n<p style=\"font-weight: 400;\">Ale svoboda projevu je hodnota, kter\u00e1 od roku 1992 je nyn\u00ed nejv\u00edce po\u0161lap\u00e1v\u00e1na.<\/p>\n<p style=\"font-weight: 400;\">A zd\u00e1 se SPD\u00a0\u00a0je sou\u010dasn\u00fdm vl\u00e1dn\u00edm kartelem\u00a0\u00a0postihov\u00e1na.<\/p>\n<p style=\"font-weight: 400;\">A tak si r\u00e1d zavol\u00edm\u2026<\/p>\n<p style=\"font-weight: 400;\">Asi tak\u2026<\/p>\n<p><a href=\"https:\/\/vasevec.info\/komentare\/tak-tedy-hodim-spd\">Ji\u0159\u00ed Vyvadil<\/a><\/p>\n<p><img decoding=\"async\" loading=\"lazy\" class=\"alignnone size-medium wp-image-16474\" src=\"http:\/\/www.infokuryr.cz\/n\/wp-content\/uploads\/2022\/10\/jiri-vyvadil-300x200.jpg\" alt=\"\" width=\"300\" height=\"200\" srcset=\"https:\/\/www.infokuryr.cz\/n\/wp-content\/uploads\/2022\/10\/jiri-vyvadil-300x200.jpg 300w, https:\/\/www.infokuryr.cz\/n\/wp-content\/uploads\/2022\/10\/jiri-vyvadil-768x512.jpg 768w, https:\/\/www.infokuryr.cz\/n\/wp-content\/uploads\/2022\/10\/jiri-vyvadil.jpg 800w\" sizes=\"(max-width: 300px) 100vw, 300px\" \/><\/p>\n<p>&nbsp;<\/p>\n","protected":false},"excerpt":{"rendered":"<p>Pro opozi\u010dn\u00ed lid je p\u0159irozen\u011b nejd\u016fle\u017eit\u011bj\u0161\u00ed, aby padla tato ne\u00fanosn\u00e1 vl\u00e1da. Ale ona je ne\u00fanosn\u00e1&#8230;<\/p>\n","protected":false},"author":2,"featured_media":47889,"comment_status":"closed","ping_status":"closed","sticky":false,"template":"","format":"standard","meta":[],"categories":[6],"tags":[1503,122,176,27],"_links":{"self":[{"href":"https:\/\/www.infokuryr.cz\/n\/wp-json\/wp\/v2\/posts\/84314"}],"collection":[{"href":"https:\/\/www.infokuryr.cz\/n\/wp-json\/wp\/v2\/posts"}],"about":[{"href":"https:\/\/www.infokuryr.cz\/n\/wp-json\/wp\/v2\/types\/post"}],"author":[{"embeddable":true,"href":"https:\/\/www.infokuryr.cz\/n\/wp-json\/wp\/v2\/users\/2"}],"replies":[{"embeddable":true,"href":"https:\/\/www.infokuryr.cz\/n\/wp-json\/wp\/v2\/comments?post=84314"}],"version-history":[{"count":0,"href":"https:\/\/www.infokuryr.cz\/n\/wp-json\/wp\/v2\/posts\/84314\/revisions"}],"wp:featuredmedia":[{"embeddable":true,"href":"https:\/\/www.infokuryr.cz\/n\/wp-json\/wp\/v2\/media\/47889"}],"wp:attachment":[{"href":"https:\/\/www.infokuryr.cz\/n\/wp-json\/wp\/v2\/media?parent=84314"}],"wp:term":[{"taxonomy":"category","embeddable":true,"href":"https:\/\/www.infokuryr.cz\/n\/wp-json\/wp\/v2\/categories?post=84314"},{"taxonomy":"post_tag","embeddable":true,"href":"https:\/\/www.infokuryr.cz\/n\/wp-json\/wp\/v2\/tags?post=84314"}],"curies":[{"name":"wp","href":"https:\/\/api.w.org\/{rel}","templated":true}]}}