{"id":84269,"date":"2025-07-25T00:22:30","date_gmt":"2025-07-24T22:22:30","guid":{"rendered":"https:\/\/www.infokuryr.cz\/n\/?p=84269"},"modified":"2025-07-24T14:30:23","modified_gmt":"2025-07-24T12:30:23","slug":"jindrich-kulhavy-elementarni-slusnost-vs-agresivita-idiota","status":"publish","type":"post","link":"https:\/\/www.infokuryr.cz\/n\/2025\/07\/25\/jindrich-kulhavy-elementarni-slusnost-vs-agresivita-idiota\/","title":{"rendered":"Jind\u0159ich Kulhav\u00fd: Element\u00e1rn\u00ed slu\u0161nost vs agresivita idiota"},"content":{"rendered":"<div id=\"fb-root\"><\/div>\n<p><strong><span class=\"anotation\">P\u0159edvolebn\u00ed kampa\u0148 b\u011b\u017e\u00ed i p\u0159es pr\u00e1zdniny a nejv\u00fdrazn\u011bji se o to star\u00e1 sdru\u017een\u00ed STA\u010cILO a nov\u011b SOCDEM. Oba tyto subjekty tak\u00e9 pochopily, \u017ee 8+2.5 je v\u00edce, ne\u017e kdyby se voli\u010di d\u011blili, a spojili se do spole\u010dn\u00e9ho siln\u011bj\u0161\u00edho levicov\u00e9ho soupe\u0159e ostatn\u00edch stran. A \u010del\u00ed za to solidn\u00ed hysterii.<\/span><\/strong><\/p>\n<div id=\"pagetext\">\n<p>\u00a0 Proliber\u00e1ln\u00ed m\u00e9dia vyzdvihuj\u00ed p\u0159edev\u0161\u00edm aktivitu KS\u010cM, co\u017e zp\u016fsobuje velmi p\u0159esv\u011bd\u010div\u00e1 r\u00e9torika p\u0159edsedkyn\u011b a europoslankyn\u011b Kate\u0159iny Kone\u010dn\u00e9 stoj\u00edc\u00ed od po\u010d\u00e1tku u zrodu hnut\u00ed STA\u010cILO. A proto\u017ee ji skv\u011ble dopl\u0148uj\u00ed dal\u0161\u00ed p\u0159edstavitel\u00e9, nap\u0159\u00edklad Daniel Sterzik zn\u00e1m\u00fd pod pseudonymem Vidl\u00e1k, preference jim dohromady v\u0161em stoupaj\u00ed a pat\u0159\u00ed jednozna\u010dn\u011b k\u00a0t\u011bm, kte\u0159\u00ed mohou v\u00a0leto\u0161n\u00edch volb\u00e1ch jen p\u0159ekvapit a uzmout sou\u010dasn\u00e9 vl\u00e1dn\u00ed koalici dal\u0161\u00ed hlasy. Je s\u00a0podivem, \u017ee extr\u00e9mn\u00ed levice v\u00a0podob\u011b Pir\u00e1t\u016f ve v\u0161ech pr\u016fzkumech t\u00e9\u017e p\u0159ekra\u010duje hranici 5% pot\u0159ebnou k\u00a0usednut\u00ed do parlamentn\u00edch lavic, zd\u00e1 se n\u00e1m to p\u0159ita\u017een\u00e9 za vlasy. Zd\u00e1 se v\u0161ak, \u017ee SPOLU i STAN s\u00a0nimi po\u010d\u00edtaj\u00ed ve vl\u00e1d\u011b a n\u011bkde se objevil i n\u00e1vrh na budouc\u00ed slo\u017een\u00ed, v\u00a0nich\u017e p\u0159edseda pir\u00e1t\u016f H\u0159ib zast\u00e1v\u00e1 post ministra dopravy. Ta p\u0159edstava je prost\u011b \u0161\u00edlen\u00e1.<\/p>\n<p>Zp\u011bt k\u00a0STA\u010cILO. Jde o klasick\u00e9 spojen\u00ed levice, kter\u00e1 si na nic nehraje. SOCDEM se kone\u010dn\u011b zbavilo def\u00e9tist\u016f veden\u00fdch \u0160mardou \u010di Dienstbierem, kte\u0159\u00ed sice pamatuj\u00ed je\u0161t\u011b sl\u00e1vu z\u00a0dob, kdy byla strana pod jin\u00fdm jm\u00e9nem ve vl\u00e1d\u00e1ch (\u010cSSD), ale z\u00e1rove\u0148 slou\u017eila z\u00e1jm\u016fm Bruselu. Sou\u010dasn\u00e9 sm\u011b\u0159ov\u00e1n\u00ed se projevuje p\u0159\u00e1n\u00edm vyhl\u00e1sit referendum o \u010dlenstv\u00ed v\u00a0EU a NATO, co\u017e je mnohem demokrati\u010dt\u011bj\u0161\u00ed p\u0159\u00edstup, ne\u017e n\u00e1m p\u0159edv\u00e1d\u00ed liber\u00e1lov\u00e9 ze zbytku politick\u00e9ho spektra. Najednou to nejsou levi\u010d\u00e1ci \u010di komunist\u00e9, kdo pop\u00edr\u00e1 demokratick\u00e9 principy a pr\u00e1va ob\u010dan\u016f rozhodovat o zemi, ve kter\u00e9 \u017eij\u00ed. Zat\u00edmco pravice i st\u0159ed funguj\u00ed p\u0159ev\u00e1\u017en\u011b jako poddan\u00ed eurohujersk\u00e9ho bruselsk\u00e9ho re\u017eimu STA\u010cILO se od unijn\u00edho sm\u011b\u0159ov\u00e1n\u00ed zna\u010dn\u011b distancuje a kritizuje ho. V\u00a0tom m\u00e1 na\u0161e sympatie a v\u00a0podstat\u011b je levicovou alternativou k\u00a0SPD.<\/p>\n<p>P\u0159edvolebn\u00ed kampa\u0148 a m\u00edtinky STA\u010cILO jsou trnem v\u00a0oku vl\u00e1dn\u00ed koalice a Kate\u0159ina Kone\u010dn\u00e1 \u00fahlavn\u00edm nep\u0159\u00edtelem. Drobn\u00e1 blond\u00fdnka m\u00e1 v\u0161ak v\u00a0hlav\u011b po\u0159\u00e1dek a velmi tvrd\u011b v\u00a0diskuz\u00edch argumentuje. Nav\u00edc realisticky. Odm\u011bnou jsou za to pokusy za ka\u017edou cenu m\u00edtinky STA\u010cILO zru\u0161it \u010di aspo\u0148 naru\u0161it. M\u00edsta, kde se po\u0159\u00e1daj\u00ed, mus\u00ed b\u00fdt vyb\u00edr\u00e1na s\u00a0p\u0159ihl\u00e9dnut\u00edm k\u00a0tomu, mohou li je m\u00edstn\u00ed politick\u00e9 struktury zak\u00e1zat \u010di nikoliv. Kde vl\u00e1dnou ODS, STAN, KDU-\u010cSL (ti p\u0159itom s\u00a0komunisty historicky bl\u00edzce spolupracovali), p\u0159\u00edpadn\u011b Top09 , m\u016f\u017ee doj\u00edt k\u00a0vypov\u011bzen\u00ed smlouvy o pron\u00e1jmu prostor. Strach ze STA\u010cILO je obrovsk\u00fd.<\/p>\n<p>Na akce hnut\u00ed doj\u00ed\u017ed\u00ed i Oganesjanova parti\u010dka dehonestuj\u00edc\u00ed a ur\u00e1\u017eej\u00edc\u00ed \u00fa\u010dastn\u00edky i po\u0159adatele m\u00edtink\u016f. Jejich v\u016fdce a dob\u0159e vyd\u011bl\u00e1vaj\u00edc\u00ed youtuber Oganesjan moment\u00e1ln\u011b \u010del\u00ed n\u011bkolika vy\u0161et\u0159ov\u00e1n\u00edm ze strany policie i justice, ale \u201e\u00fasp\u011b\u0161n\u011b\u201c ho zastupuje na v\u00fdjezdech dvojice obtloustl\u00fdch aktivist\u016f ov\u011b\u0161en\u00fdch kamerami a mikrofony ve \u017elut\u00fdch vest\u00e1ch s\u00a0n\u00e1pisem Konfliktn\u00ed t\u00fdm. P\u0159edev\u0161\u00edm mohelnick\u00fd zastupitel Mohelnice z\u00a0Plze\u0148ska P\u0161en\u00e1k vyd\u00e1van\u00fd za influencera (v p\u0159ekladu lempl, kter\u00fd nepracuje a prezentuje se na n\u011bkter\u00e9m z\u00a0videokan\u00e1l\u016f) komunisty v\u00a0dob\u011b jejich vl\u00e1dnut\u00ed neza\u017eil a pravd\u011bpodobn\u011b m\u00e1 za sebou d\u011btstv\u00ed, kdy ho ostatn\u00ed v\u00a0kolektivu zrovna nemuseli. Odnesl si tak z\u00a0ran\u00e9ho ml\u00e1d\u00ed pocit m\u00e9n\u011bcennosti, kter\u00fd doh\u00e1n\u00ed v\u00a0sou\u010dasnosti vulgaritou, agresivitou a snahou p\u0159ibl\u00ed\u017eit se sv\u00e9mu vzoru zav\u0159en\u00e9mu \u0158eporyjci Pavlu Novotn\u00e9mu.<\/p>\n<p>Jeho v\u00fdstupy jsou daleko za hranic\u00ed jak\u00e9koliv slu\u0161nosti a tolerance. Policie p\u0159ihl\u00ed\u017e\u00ed jeho exces\u016fm a pravd\u011bpodobn\u011b dodr\u017euje instrukce, kter\u00e9 m\u00e1 od sv\u00e9ho veden\u00ed. Kdyby do\u0161lo k\u00a0podobn\u00e9mu incidentu, kdy P\u0161en\u00e1ka vyvedl z\u00a0prostor\u016f pat\u0159\u00edc\u00edch KS\u010cM jej\u00ed \u010dlen Roun, v\u00a0bl\u00edzkosti premi\u00e9ra, prezidenta \u010di n\u011bkter\u00e9ho z\u00a0ministr\u016f vl\u00e1dn\u00edch stran, dostal by P\u0161en\u00e1k nalo\u017eeno a skon\u010dil by v\u00a0cele a pozd\u011bji u soudu. V\u00a0p\u0159\u00edpadech spojen\u00fdch se STA\u010cILO m\u016f\u017ee svobodn\u011b kr\u00e1st SPZ z\u00a0aut Kone\u010dn\u00e9 \u010di Sterzika, extr\u00e9mn\u011b sprost\u011b ur\u00e1\u017eet kohokoliv a p\u0159i reakci je vl\u00e1dn\u00edmi politiky a liber\u00e1ln\u00edmi zaprodan\u00fdmi m\u00e9dii popotahov\u00e1n k\u00a0zodpov\u011bdnosti ten, kdo ho prost\u011b jen chytil za triko a vyhodil ho ven.<\/p>\n<p>Kam jsme se to dopracovali, kdy\u017e pot\u00e9 P\u0161en\u00e1ka omlouvaj\u00ed a dokonce obdivuj\u00ed ti, kte\u0159\u00ed by m\u011bli p\u0159edev\u0161\u00edm h\u00e1jit demokracii a pr\u00e1vo STA\u010cILO na rovn\u00fd p\u0159\u00edstup k volb\u00e1m, a\u010d je to politick\u00e1 konkurence. To mus\u00ed dostat P\u0161en\u00e1k lidov\u011b \u0159e\u010deno natolik p\u0159es dr\u017eku n\u011bkde za rohem, aby mu do\u0161lo, \u017ee se sv\u00fdm chov\u00e1n\u00edm, postavou a obli\u010dejem nem\u00e1 n\u00e1rok kohokoliv obt\u011b\u017eovat? Up\u0159ednost\u0148ov\u00e1n\u00ed jak\u00fdchsi pr\u00e1v je u takov\u00e9hoto \u0161mejda skute\u010dn\u00fdm selh\u00e1n\u00edm policie i justice a existuje li tu cenzura, pak kdo jin\u00fd by j\u00ed m\u011bl podlehnout ne\u017e takov\u00fdto gr\u00e1zl hraj\u00edc\u00ed si na novin\u00e1\u0159e a ve\u0159ejnou osobu? P\u0159edvolebn\u00ed boj bude je\u0161t\u011b vyhrocen\u00fd, ale kauzy Kampeli\u010dka, Dozimetr, Bitcoiny by m\u011bly m\u00edt mnohem v\u011bt\u0161\u00ed pozornost ne\u017e vyhozen\u00ed P\u0161en\u00e1ka p\u0159ed budovu, ve kter\u00e9 slovn\u011b napadal mnoho lid\u00ed v\u010detn\u011b \u017een. Jen\u017ee ignorace m\u00e9di\u00ed v t\u011bchto p\u0159\u00edpadech na stran\u011b jedn\u00e9 a zv\u00fd\u0161en\u00fd hlad po dehonestaci opozice na stran\u011b druh\u00e9 jsou uk\u00e1zkou nerovnosti a k\u0159ivosti. Adorace hlup\u00e1ka, kter\u00fd pou\u017e\u00edv\u00e1 v kontaktu s politickou konkurenc\u00ed slovn\u00edk obsahuj\u00edc\u00ed pouze vulgarity, je uk\u00e1zkou mravn\u00edho i mor\u00e1ln\u00edho poklesu cel\u00e9 liber\u00e1ln\u00ed sc\u00e9ny, st\u00e1tn\u00edch org\u00e1n\u016f i lid\u00ed tleskaj\u00edc\u00edch tomuto lidsk\u00e9mu odpadu. A tak si tu \u017eijeme.<\/p>\n<p><a href=\"https:\/\/www.inadhled.live\/uvaha-dne\/elementarni-slusnost-vs-agresivita-idiota\/\">Jind\u0159ich Kulhav\u00fd<\/a><\/p>\n<p><img decoding=\"async\" loading=\"lazy\" class=\"alignnone size-full wp-image-48136\" src=\"http:\/\/www.infokuryr.cz\/n\/wp-content\/uploads\/2024\/02\/kulhavy-jindrich.jpg\" alt=\"\" width=\"219\" height=\"221\" srcset=\"https:\/\/www.infokuryr.cz\/n\/wp-content\/uploads\/2024\/02\/kulhavy-jindrich.jpg 219w, https:\/\/www.infokuryr.cz\/n\/wp-content\/uploads\/2024\/02\/kulhavy-jindrich-150x150.jpg 150w\" sizes=\"(max-width: 219px) 100vw, 219px\" \/><\/p>\n<p>&nbsp;<\/p>\n<\/div>\n","protected":false},"excerpt":{"rendered":"<p>P\u0159edvolebn\u00ed kampa\u0148 b\u011b\u017e\u00ed i p\u0159es pr\u00e1zdniny a nejv\u00fdrazn\u011bji se o to star\u00e1 sdru\u017een\u00ed STA\u010cILO a&#8230;<\/p>\n","protected":false},"author":2,"featured_media":84270,"comment_status":"closed","ping_status":"closed","sticky":false,"template":"","format":"standard","meta":[],"categories":[6],"tags":[1440,1503,716,27],"_links":{"self":[{"href":"https:\/\/www.infokuryr.cz\/n\/wp-json\/wp\/v2\/posts\/84269"}],"collection":[{"href":"https:\/\/www.infokuryr.cz\/n\/wp-json\/wp\/v2\/posts"}],"about":[{"href":"https:\/\/www.infokuryr.cz\/n\/wp-json\/wp\/v2\/types\/post"}],"author":[{"embeddable":true,"href":"https:\/\/www.infokuryr.cz\/n\/wp-json\/wp\/v2\/users\/2"}],"replies":[{"embeddable":true,"href":"https:\/\/www.infokuryr.cz\/n\/wp-json\/wp\/v2\/comments?post=84269"}],"version-history":[{"count":0,"href":"https:\/\/www.infokuryr.cz\/n\/wp-json\/wp\/v2\/posts\/84269\/revisions"}],"wp:featuredmedia":[{"embeddable":true,"href":"https:\/\/www.infokuryr.cz\/n\/wp-json\/wp\/v2\/media\/84270"}],"wp:attachment":[{"href":"https:\/\/www.infokuryr.cz\/n\/wp-json\/wp\/v2\/media?parent=84269"}],"wp:term":[{"taxonomy":"category","embeddable":true,"href":"https:\/\/www.infokuryr.cz\/n\/wp-json\/wp\/v2\/categories?post=84269"},{"taxonomy":"post_tag","embeddable":true,"href":"https:\/\/www.infokuryr.cz\/n\/wp-json\/wp\/v2\/tags?post=84269"}],"curies":[{"name":"wp","href":"https:\/\/api.w.org\/{rel}","templated":true}]}}