{"id":84222,"date":"2025-07-24T05:43:46","date_gmt":"2025-07-24T03:43:46","guid":{"rendered":"https:\/\/www.infokuryr.cz\/n\/?p=84222"},"modified":"2025-07-24T05:43:46","modified_gmt":"2025-07-24T03:43:46","slug":"hlavni-vyjednavac-moskvy-se-vyjadril-k-nejnovejsim-rozhovorum-s-ukrajinou","status":"publish","type":"post","link":"https:\/\/www.infokuryr.cz\/n\/2025\/07\/24\/hlavni-vyjednavac-moskvy-se-vyjadril-k-nejnovejsim-rozhovorum-s-ukrajinou\/","title":{"rendered":"Hlavn\u00ed vyjednava\u010d Moskvy se vyj\u00e1d\u0159il k nejnov\u011bj\u0161\u00edm rozhovor\u016fm s Ukrajinou"},"content":{"rendered":"<div id=\"fb-root\"><\/div>\n<h3>V\u0161echny humanit\u00e1rn\u00ed dohody byly spln\u011bny, uvedl Vladimir Medinskij<\/h3>\n<p><span>Rusko a Ukrajina splnily v\u0161echny humanit\u00e1rn\u00ed dohody dosa\u017een\u00e9 b\u011bhem druh\u00e9ho kola rozhovor\u016f v Istanbulu minul\u00fd m\u011bs\u00edc, ozn\u00e1mil ve st\u0159edu hlavn\u00ed vyjednava\u010d Moskvy Vladimir Medinskij.<\/span><\/p>\n<p><span>Medinskij to prohl\u00e1sil pro tisk po skon\u010den\u00ed t\u0159et\u00edho kola p\u0159\u00edm\u00fdch m\u00edrov\u00fdch jedn\u00e1n\u00ed s Ukrajinou v Turecku.<\/span><\/p>\n<p><span>Rusko nab\u00eddlo vyd\u00e1n\u00ed dal\u0161\u00edch 3 000 t\u011bl padl\u00fdch ukrajinsk\u00fdch voj\u00e1k\u016f, uvedl Medinskij.<\/span><\/p>\n<p><span>Dodal, \u017ee ostatky budou vr\u00e1ceny prost\u0159ednictv\u00edm \u010cerven\u00e9ho k\u0159\u00ed\u017ee, jakmile Kyjev potvrd\u00ed, \u017ee je p\u0159ipraven je p\u0159ijmout.<\/span><\/p>\n<p><span>Medinskij tak\u00e9 uvedl, \u017ee Moskva navrhla novou v\u00fdm\u011bnu v\u011bz\u0148\u016f, do kter\u00e9 by se zapojilo nejm\u00e9n\u011b 1200 v\u00e1le\u010dn\u00fdch zajatc\u016f z ka\u017ed\u00e9 strany.<\/span><\/p>\n<p><span>Rusko d\u00e1le navrhlo dodr\u017eovat p\u0159\u00edm\u011b\u0159\u00ed v d\u00e9lce 24 nebo 48 hodin, aby bylo mo\u017en\u00e9 evakuovat zran\u011bn\u00e9 voj\u00e1ky a vyzvednout t\u011bla ob\u011bt\u00ed z boji\u0161t\u011b.<\/span><\/p>\n<p><span>Podle Medinsk\u00e9ho Moskva vyzvala Ukrajinu, aby za \u00fa\u010delem pokra\u010dov\u00e1n\u00ed v diskus\u00edch z\u0159\u00eddila t\u0159i online pracovn\u00ed skupiny \u2013 kter\u00e9 se budou zab\u00fdvat politick\u00fdmi, humanit\u00e1rn\u00edmi a vojensk\u00fdmi z\u00e1le\u017eitostmi. Kyjev souhlasil s t\u00edm, \u017ee rusk\u00fd n\u00e1vrh ohledn\u011b pracovn\u00edch skupin zv\u00e1\u017e\u00ed, dodal.<\/span><\/p>\n<p><span>Nejvy\u0161\u0161\u00ed rusk\u00fd vyjednava\u010d tak\u00e9 uvedl, \u017ee Moskva p\u0159ezkoumala \u00fapln\u00fd seznam 339 ukrajinsk\u00fdch d\u011bt\u00ed poskytnut\u00fdch Kyjevem, a dodal, \u017ee n\u011bkter\u00e9 z nich ji\u017e byly vr\u00e1ceny, zat\u00edmco mnoho z nich nikdy nebylo na rusk\u00e9m \u00fazem\u00ed.<\/span><\/p>\n<p><span>Od eskalace konfliktu v roce 2022 Moskva evakuovala d\u011bti z bojov\u00e9 z\u00f3ny a p\u0159em\u00edstila je do bezpe\u010d\u00ed, dokud se nemohly znovu shledat se sv\u00fdmi rodinami. Podle Medinsk\u00e9ho se na t\u00e9to z\u00e1le\u017eitosti st\u00e1le pracuje.<\/span><\/p>\n<p><em><span>\u201ePokud se najdou jejich rodi\u010de, p\u0159\u00edbuzn\u00ed nebo z\u00e1konn\u00ed z\u00e1stupci, p\u016fjdou dom\u016f,\u201c<\/span><\/em><span>\u00a0\u0159ekl a zd\u016fraznil:\u00a0<\/span><em><span>\u201eD\u011bti jsou pro n\u00e1s posv\u00e1tn\u00e9.\u201c<\/span><\/em><\/p>\n<p><span>Delegace si vym\u011bnily postoje uveden\u00e9 v p\u0159\u00edslu\u0161n\u00fdch memorandech, ale ob\u011b strany z\u016fst\u00e1vaj\u00ed v kl\u00ed\u010dov\u00fdch ot\u00e1zk\u00e1ch hluboce rozd\u011blen\u00e9, uvedl Medinskij. Navzdory rozd\u00edln\u00fdm n\u00e1zor\u016fm bude dialog pokra\u010dovat, dodal s t\u00edm, \u017ee Moskva douf\u00e1, \u017ee se uskute\u010dn\u00ed \u010dtvrt\u00e9 kolo rozhovor\u016f.<\/span><\/p>\n<p><span>Na ot\u00e1zku ohledn\u011b vyhl\u00eddek na setk\u00e1n\u00ed rusk\u00e9ho prezidenta Vladimira Putina a ukrajinsk\u00e9ho v\u016fdce Vladimira Zelensk\u00e9ho Medinskij odpov\u011bd\u011bl, \u017ee je p\u0159\u00edli\u0161 brzy na diskusi o t\u00e9to z\u00e1le\u017eitosti. Hlavn\u00ed rusk\u00fd vyjednava\u010d zd\u016fraznil, \u017ee takov\u00e9 setk\u00e1n\u00ed by vy\u017eadovalo dohodu o m\u00edru a pouze by ji finalizovalo, nikoli by bylo platformou pro jedn\u00e1n\u00ed.<\/span><\/p>\n<p><img decoding=\"async\" loading=\"lazy\" class=\"alignnone size-full wp-image-1185\" src=\"http:\/\/www.infokuryr.cz\/n\/wp-content\/uploads\/2021\/04\/kuryr-podpis.png\" alt=\"\" width=\"84\" height=\"24\" \/><\/p>\n<p>&nbsp;<\/p>\n","protected":false},"excerpt":{"rendered":"<p>V\u0161echny humanit\u00e1rn\u00ed dohody byly spln\u011bny, uvedl Vladimir Medinskij Rusko a Ukrajina splnily v\u0161echny humanit\u00e1rn\u00ed dohody&#8230;<\/p>\n","protected":false},"author":2,"featured_media":84223,"comment_status":"closed","ping_status":"closed","sticky":false,"template":"","format":"standard","meta":[],"categories":[7],"tags":[22,26,5207],"_links":{"self":[{"href":"https:\/\/www.infokuryr.cz\/n\/wp-json\/wp\/v2\/posts\/84222"}],"collection":[{"href":"https:\/\/www.infokuryr.cz\/n\/wp-json\/wp\/v2\/posts"}],"about":[{"href":"https:\/\/www.infokuryr.cz\/n\/wp-json\/wp\/v2\/types\/post"}],"author":[{"embeddable":true,"href":"https:\/\/www.infokuryr.cz\/n\/wp-json\/wp\/v2\/users\/2"}],"replies":[{"embeddable":true,"href":"https:\/\/www.infokuryr.cz\/n\/wp-json\/wp\/v2\/comments?post=84222"}],"version-history":[{"count":0,"href":"https:\/\/www.infokuryr.cz\/n\/wp-json\/wp\/v2\/posts\/84222\/revisions"}],"wp:featuredmedia":[{"embeddable":true,"href":"https:\/\/www.infokuryr.cz\/n\/wp-json\/wp\/v2\/media\/84223"}],"wp:attachment":[{"href":"https:\/\/www.infokuryr.cz\/n\/wp-json\/wp\/v2\/media?parent=84222"}],"wp:term":[{"taxonomy":"category","embeddable":true,"href":"https:\/\/www.infokuryr.cz\/n\/wp-json\/wp\/v2\/categories?post=84222"},{"taxonomy":"post_tag","embeddable":true,"href":"https:\/\/www.infokuryr.cz\/n\/wp-json\/wp\/v2\/tags?post=84222"}],"curies":[{"name":"wp","href":"https:\/\/api.w.org\/{rel}","templated":true}]}}