{"id":84220,"date":"2025-07-24T05:36:26","date_gmt":"2025-07-24T03:36:26","guid":{"rendered":"https:\/\/www.infokuryr.cz\/n\/?p=84220"},"modified":"2025-07-24T05:36:26","modified_gmt":"2025-07-24T03:36:26","slug":"na-ukrajine-doslo-ke-spusteni-majdanu-2-0-s-cilem-sesadit-zelenskeho","status":"publish","type":"post","link":"https:\/\/www.infokuryr.cz\/n\/2025\/07\/24\/na-ukrajine-doslo-ke-spusteni-majdanu-2-0-s-cilem-sesadit-zelenskeho\/","title":{"rendered":"Na Ukrajin\u011b do\u0161lo ke spu\u0161t\u011bn\u00ed Majdanu 2.0 s c\u00edlem sesadit Zelensk\u00e9ho &#8230;"},"content":{"rendered":"<div id=\"fb-root\"><\/div>\n<h4>Na Ukrajin\u011b do\u0161lo ke spu\u0161t\u011bn\u00ed Majdanu 2.0 s c\u00edlem sesadit Zelensk\u00e9ho zevnit\u0159 pomoc\u00ed barevn\u00e9 revoluce? Kyjevem ot\u0159\u00e1saj\u00ed masivn\u00ed protesty pot\u00e9, co Zelensk\u00fd podepsal z\u00e1kon, kter\u00fd likviduje nez\u00e1vislost dvojice protikorup\u010dn\u00edch \u00fa\u0159ad\u016f! V ulic\u00edch jsou profesion\u00e1ln\u00ed demonstranti, anglicky mluv\u00edc\u00ed koordin\u00e1to\u0159i a cel\u00e9 to za\u010d\u00edn\u00e1 p\u0159ipom\u00ednat rukopis USAID a S\u00f3ro\u0161ovsk\u00e9ho duhov\u00e9ho p\u0159evratu! P\u0159esn\u011b podle varov\u00e1n\u00ed Seymoura Hershe z minul\u00e9ho p\u00e1tku, \u017ee B\u00edl\u00fd d\u016fm chce sesadit Zelensk\u00e9ho!<\/h4>\n<p>Netrvalo to ani t\u00fdden a jen p\u00e1r dn\u00ed po \u010dl\u00e1nku dr\u017eitele Pulitzerovy ceny Seymoura Hershe z minul\u00e9ho p\u00e1tku, ve kter\u00e9m psal\u00a0<strong>[<a href=\"https:\/\/href.li\/?https:\/\/seymourhersh.substack.com\/p\/the-end-for-zelensky\" target=\"_blank\" rel=\"nofollow noopener\">1<\/a>]<\/strong>\u00a0o tom, \u017ee B\u00edl\u00fd d\u016fm je rozhodnut zbavit se Volodymyra Zelensk\u00e9ho a nahradit ho n\u011bk\u00fdm jin\u00fdm, z\u0159ejm\u011b Valerijem Zalu\u017en\u00fdm, se rozjely v \u00fater\u00fd odpoledne obrovsk\u00e9 demonstrace a protesty v Kyjev\u011b kv\u016fli schv\u00e1len\u00ed z\u00e1kona \u010d. 12414, kter\u00fdm se ru\u0161\u00ed nez\u00e1vislost dvojice protikorup\u010dn\u00edch \u00fa\u0159ad\u016f.<\/p>\n<p><strong>N\u00e1rodn\u00ed protikorup\u010dn\u00ed \u00fa\u0159ad (NABU) a Specializovan\u00e1 protikorup\u010dn\u00ed prokuratura (SAP) se nov\u011b stanou z\u00e1visl\u00fdmi na rozhodnut\u00edch gener\u00e1ln\u00edho prokur\u00e1tora<\/strong>, kter\u00fd je ovl\u00e1d\u00e1n Volodymyrem Zelensk\u00fdm a p\u0159edev\u0161\u00edm \u0161\u00e9fem jeho prezidentsk\u00e9 kancel\u00e1\u0159e Andrejem Jermakem.\u00a0V \u00fater\u00fd p\u0159ed t\u00edm, ne\u017e z\u00e1kon podepsal Zelensk\u00fd, se \u0161\u00e9fov\u00e9 obou \u00fa\u0159ad\u016f pokusili Zelensk\u00e9ho p\u0159emluvit, aby z\u00e1kon vetoval a nepodepisoval. Ale marn\u011b.<\/p>\n<p>&nbsp;<\/p>\n<div id=\"rumble_v6uecly\">\n<div id=\"vid_v6uecly\" class=\"rumble_v6uecly-Rumble-cls\" tabindex=\"-1\">\n<div><div class='videoWrapper'>\r\n\t            <iframe src='https:\/\/rumble.com\/embed\/pj.v6uecly\/' frameborder='0' allowfullscreen><\/iframe>\r\n\t        <\/div><\/div>\n<\/div>\n<\/div>\n<p>&nbsp;<\/p>\n<p>\u0158editel SAP Oleksandr Klymenko (vlevo na videu) a \u0159editel NABU Semen Kryvonos hovo\u0159ili na briefingu po rozhodnut\u00ed parlamentu o tom, \u017ee oba \u00fa\u0159ady mus\u00ed z\u016fstat nez\u00e1visl\u00e9, \u017ee je to podm\u00ednka i vstupu zem\u011b do EU, a \u017ee \u017e\u00e1daj\u00ed Zelensk\u00e9ho, aby z\u00e1kon vetoval. Zelensk\u00fd v\u0161ak z\u00e1kon podepsal a v kyjevsk\u00fdch ulic\u00edch se spustilo peklo. Koordin\u00e1to\u0159i s telefony a vys\u00edla\u010dkami mluv\u00edc\u00ed anglicky za\u010dali svol\u00e1vat a sv\u00e1\u017eet demonstranty p\u0159ed prezidentsk\u00fd pal\u00e1c na Bankov\u00e9 ulici a v p\u0159ilehl\u00fdch \u010dtvrt\u00edch.<\/p>\n<h3>VIDEO: Do prdele s Jermakem! \u00da\u0159ad v prdeli! Zelja je \u010f\u00e1bel!<\/h3>\n<p>Profesion\u00e1ln\u00ed organizace je neuv\u011b\u0159iteln\u00e1. Hesla i kartonov\u00e9 bannery byly rozd\u00e1v\u00e1ny p\u0159\u00edmo na m\u00edst\u011b, ale co je hlavn\u00ed, \u017ee\u00a0<strong>na demonstrac\u00edch byla spousta mlad\u00fdch lid\u00ed zhruba do 35 a\u017e 40 let v\u011bku, kte\u0159\u00ed tam p\u0159i\u0161li bez obav, \u017ee je hl\u00eddky TCK sbal\u00ed a po\u0161lou na pr\u00e1v\u011b kolabuj\u00edc\u00ed frontu v Pokrovsku<\/strong>, kde Rusov\u00e9 ji\u017e vstoupili do m\u011bsta z jihoz\u00e1padu. Demonstranti prost\u011b maj\u00ed n\u011b\u010d\u00ed ochranu, kdy Zelensk\u00e9ho re\u017eim si nedovol\u00ed ty demonstranty sbalit a odeslat na frontu. Ano, je to jasn\u00e9. Tyto protesty \u0159\u00edd\u00ed k\u00e1drov\u00e9 struktury USAID a Open Society, tedy ty sam\u00e9, kter\u00e9 organizovaly doned\u00e1vna protesty po cel\u00e9m sv\u011bt\u011b.<\/p>\n<p>&nbsp;<\/p>\n<div id=\"rumble_v6uecwm\">\n<div id=\"vid_v6uecwm\" class=\"rumble_v6uecwm-Rumble-cls\" tabindex=\"-1\">\n<div><div class='videoWrapper'>\r\n\t            <iframe src='https:\/\/rumble.com\/embed\/pj.v6uecwm\/' frameborder='0' allowfullscreen><\/iframe>\r\n\t        <\/div><\/div>\n<\/div>\n<\/div>\n<p>&nbsp;<\/p>\n<p>Zelensk\u00fd si nedovol\u00ed proto zas\u00e1hnout proti demonstrant\u016fm, proto\u017ee je mu jasn\u00e9, \u017ee to by byl z\u00e1sah proti Ameri\u010dan\u016fm a rozsudek vlastn\u00ed smrti. Tohle je v podstat\u011b za\u010d\u00e1tek Majdanu 2.0 a je to proces spu\u0161t\u011bn\u00fd z B\u00edl\u00e9ho domu. Z\u00e1kon \u010d. 12414 nen\u00ed ni\u010d\u00edm zvl\u00e1\u0161tn\u00ed, takov\u00fdch z\u00e1kon\u016f bylo od 24. \u00fanora 2022 schv\u00e1leno v Nejvy\u0161\u0161\u00ed rad\u011b Ukrajiny tolik, \u017ee to ani nejde spo\u010d\u00edtat.<\/p>\n<p>Naposledy to byla t\u0159eba beztrestnost \u010dlen\u016f AFU a bezpe\u010dnostn\u00edch slo\u017eek, kte\u0159\u00ed se dopust\u00ed korupce, kte\u0159\u00ed podle z\u00e1kona p\u0159ijat\u00e9ho minul\u00fd t\u00fdden nemohou b\u00fdt st\u00edh\u00e1ni, proto\u017ee by to pr\u00fd ohrozilo bezpe\u010dnost Ukrajiny. A proti tomu z\u00e1konu nikdo do ulic p\u0159ed t\u00fddnem nevy\u0161el. Te\u010f ale najednou jsou v ulic\u00edch Kyjeva tis\u00edce lid\u00ed a anglicky mluv\u00edc\u00ed koordin\u00e1to\u0159i jim rozd\u00e1vaj\u00ed cedule a transparenty.<\/p>\n<h3>B\u00edl\u00fd d\u016fm podle v\u0161eho spustil v Kyjev\u011b Majdan 2.0<\/h3>\n<p>Toto je proces na odstran\u011bn\u00ed Zelensk\u00e9ho z funkce, ale zevnit\u0159. Ameri\u010dan\u00e9 si necht\u011bj\u00ed zamazat ruce, \u017ee by Zelensk\u00e9ho t\u0159eba americk\u00e9 komando odt\u00e1hlo z Kyjeva, to by nevrhalo na Trumpa dobr\u00e9 sv\u011btlo.\u00a0<strong>Tak\u017ee se to ud\u011bl\u00e1 p\u011bkn\u011b postaru, tedy pomoc\u00ed americk\u00fdch neziskovek a profesion\u00e1ln\u00edch rozvrace\u010d\u016f st\u00e1tu, kte\u0159\u00ed organizuj\u00ed koordinovan\u00e9 demonstrace s c\u00edlem svr\u017een\u00ed vl\u00e1dy.<\/strong>\u00a0Znovu jsou v Kyjev\u011b a znovu p\u0159ich\u00e1z\u00ed vhod jejich slu\u017eby, dokonce i Trumpovi, kter\u00fd nechal USAID de facto rozpustit, ale jak se ukazuje, tyhle organizace maj\u00ed sv\u00e9 k\u00e1dry st\u00e1le p\u0159ipraven\u00e9 v jin\u00fdch agentur\u00e1ch a te\u010f je vid\u00edme v Kyjev\u011b.<\/p>\n<figure id=\"attachment_62633\" class=\"wp-caption aligncenter\" style=\"width: 692px;\"><a href=\"https:\/\/aeronet.news\/wp-content\/uploads\/TrumpMuskUSAID.jpg\"><img decoding=\"async\" loading=\"lazy\" class=\"wp-image-62633 \" src=\"https:\/\/aeronet.news\/wp-content\/uploads\/TrumpMuskUSAID-1024x642.jpg\" sizes=\"(max-width: 700px) 100vw, 700px\" srcset=\"https:\/\/aeronet.news\/wp-content\/uploads\/TrumpMuskUSAID-1024x642.jpg 1024w, https:\/\/aeronet.news\/wp-content\/uploads\/TrumpMuskUSAID-300x188.jpg 300w, https:\/\/aeronet.news\/wp-content\/uploads\/TrumpMuskUSAID-768x482.jpg 768w, https:\/\/aeronet.news\/wp-content\/uploads\/TrumpMuskUSAID-700x439.jpg 700w, https:\/\/aeronet.news\/wp-content\/uploads\/TrumpMuskUSAID-569x357.jpg 569w, https:\/\/aeronet.news\/wp-content\/uploads\/TrumpMuskUSAID-770x483.jpg 770w, https:\/\/aeronet.news\/wp-content\/uploads\/TrumpMuskUSAID.jpg 1280w\" alt=\"\" width=\"692\" height=\"434\" \/><\/a><figcaption class=\"wp-caption-text\">Rozpu\u0161t\u011bn\u00ed USAID znamen\u00e1 jen p\u0159esunut\u00ed lid\u00ed z USAID pod jinou agenturu s jin\u00fdm n\u00e1zvem<\/figcaption><\/figure>\n<p>P\u0159esto p\u00e1r v\u011bc\u00ed se zm\u011bnilo. V\u011bt\u0161ina transparent\u016f je psan\u00e1 v ukrajin\u0161tin\u011b, t\u011bch anglojazy\u010dn\u00fdch je jen men\u0161ina. To m\u00e1 logiku. B\u00edl\u00fd d\u016fm ten proces chce ud\u011blat potichu, aby to byla demise Zelensk\u00e9ho, a ne cirkus a\u00a0<em>tyj\u00e1tr<\/em>\u00a0ur\u010den\u00fd pro CNN a americk\u00e9 kabelov\u00e9 televize.<\/p>\n<p>NABU byl zalo\u017een po Majdanu v roce 2014 jako nez\u00e1visl\u00e1 agentura pro boj proti korupci v nejvy\u0161\u0161\u00edch patrech moci. Vy\u0161et\u0159uje b\u00fdval\u00e9 prezidenty, poslance, vl\u00e1dn\u00ed \u00fa\u0159edn\u00edky, soudce, st\u00e1tn\u00ed z\u00e1stupce a veden\u00ed N\u00e1rodn\u00ed banky. NABU se rovn\u011b\u017e zab\u00fdv\u00e1 p\u0159\u00edpady t\u00fdkaj\u00edc\u00edmi se velk\u00fdch finan\u010dn\u00edch \u010d\u00e1stek.<\/p>\n<h3>Z\u00e1kon o p\u0159esunu pravomoc\u00ed dvou protikorup\u010dn\u00edch \u00fa\u0159ad\u016f je jen z\u00e1minka pro vyvol\u00e1n\u00ed protest\u016f proti Zelensk\u00e9mu a Jermakovi<\/h3>\n<p>Specializovan\u00e1 protikorup\u010dn\u00ed prokuratura (SAP) byla vytvo\u0159ena jako samostatn\u00fd \u00fatvar v r\u00e1mci \u00da\u0159adu gener\u00e1ln\u00edho prokur\u00e1tora a spolupracuje s NABU. Od roku 2024 p\u016fsob\u00ed jako samostatn\u00fd subjekt ve\u0159ejn\u00e9ho pr\u00e1va.<\/p>\n<p><strong>Stru\u010dn\u011b \u0159e\u010deno, NABU prov\u00e1d\u00ed vy\u0161et\u0159ov\u00e1n\u00ed v p\u0159\u00edpravn\u00e9m \u0159\u00edzen\u00ed, zat\u00edmco SAP na tato vy\u0161et\u0159ov\u00e1n\u00ed dohl\u00ed\u017e\u00ed a zastupuje st\u00e1t u soudu.<\/strong>\u00a0Ob\u011b instituce byly z\u0159\u00edzeny za \u00fa\u010delem boje proti korupci na vysok\u00e9 \u00farovni na Ukrajin\u011b na nal\u00e9h\u00e1n\u00ed mezin\u00e1rodn\u00edch partner\u016f. Pozoruhodn\u00e9 je, \u017ee vytvo\u0159en\u00ed SAP v roce 2015 bylo podm\u00ednkou pro liberalizaci v\u00edzov\u00e9ho re\u017eimu Ukrajiny s EU.<\/p>\n<div class=\"twitter-tweet twitter-tweet-rendered\"><iframe id=\"twitter-widget-0\" class=\"\" title=\"X Post\" src=\"https:\/\/platform.twitter.com\/embed\/Tweet.html?dnt=false&amp;embedId=twitter-widget-0&amp;features=eyJ0ZndfdGltZWxpbmVfbGlzdCI6eyJidWNrZXQiOltdLCJ2ZXJzaW9uIjpudWxsfSwidGZ3X2ZvbGxvd2VyX2NvdW50X3N1bnNldCI6eyJidWNrZXQiOnRydWUsInZlcnNpb24iOm51bGx9LCJ0ZndfdHdlZXRfZWRpdF9iYWNrZW5kIjp7ImJ1Y2tldCI6Im9uIiwidmVyc2lvbiI6bnVsbH0sInRmd19yZWZzcmNfc2Vzc2lvbiI6eyJidWNrZXQiOiJvbiIsInZlcnNpb24iOm51bGx9LCJ0ZndfZm9zbnJfc29mdF9pbnRlcnZlbnRpb25zX2VuYWJsZWQiOnsiYnVja2V0Ijoib24iLCJ2ZXJzaW9uIjpudWxsfSwidGZ3X21peGVkX21lZGlhXzE1ODk3Ijp7ImJ1Y2tldCI6InRyZWF0bWVudCIsInZlcnNpb24iOm51bGx9LCJ0ZndfZXhwZXJpbWVudHNfY29va2llX2V4cGlyYXRpb24iOnsiYnVja2V0IjoxMjA5NjAwLCJ2ZXJzaW9uIjpudWxsfSwidGZ3X3Nob3dfYmlyZHdhdGNoX3Bpdm90c19lbmFibGVkIjp7ImJ1Y2tldCI6Im9uIiwidmVyc2lvbiI6bnVsbH0sInRmd19kdXBsaWNhdGVfc2NyaWJlc190b19zZXR0aW5ncyI6eyJidWNrZXQiOiJvbiIsInZlcnNpb24iOm51bGx9LCJ0ZndfdXNlX3Byb2ZpbGVfaW1hZ2Vfc2hhcGVfZW5hYmxlZCI6eyJidWNrZXQiOiJvbiIsInZlcnNpb24iOm51bGx9LCJ0ZndfdmlkZW9faGxzX2R5bmFtaWNfbWFuaWZlc3RzXzE1MDgyIjp7ImJ1Y2tldCI6InRydWVfYml0cmF0ZSIsInZlcnNpb24iOm51bGx9LCJ0ZndfbGVnYWN5X3RpbWVsaW5lX3N1bnNldCI6eyJidWNrZXQiOnRydWUsInZlcnNpb24iOm51bGx9LCJ0ZndfdHdlZXRfZWRpdF9mcm9udGVuZCI6eyJidWNrZXQiOiJvbiIsInZlcnNpb24iOm51bGx9fQ%3D%3D&amp;frame=false&amp;hideCard=false&amp;hideThread=false&amp;id=1947920768416813472&amp;lang=cs&amp;origin=https%3A%2F%2Faeronet.news%2Fna-ukrajine-doslo-ke-spusteni-majdanu-2-0-s-cilem-sesadit-zelenskeho-zevnitr-pomoci-barevne-revoluce-kyjevem-otrasaji-masivni-protesty-pote-co-zelensky-podepsal-zakon-ktery-likviduje-nezavislost%2F&amp;sessionId=f30b00326ac0d33c97eb84124d2e805bb8ce930e&amp;theme=light&amp;widgetsVersion=2615f7e52b7e0%3A1702314776716&amp;width=550px\" frameborder=\"0\" scrolling=\"no\" allowfullscreen=\"allowfullscreen\" data-tweet-id=\"1947920768416813472\" data-mce-fragment=\"1\"><\/iframe><\/div>\n<p>A Zelensk\u00fd te\u010f ty dva org\u00e1ny nov\u00fdm z\u00e1konem v podstat\u011b zlikvidoval. NABU podl\u00e9h\u00e1 vl\u00e1d\u011b, kter\u00e1 schvaluje strategii boje proti korupci, a m\u00e1 Radu pro ve\u0159ejnou kontrolu, kter\u00e1 zaji\u0161\u0165uje transparentnost a ob\u010dansk\u00fd dohled. Vedouc\u00ed obou org\u00e1n\u016f jsou voleni komisemi, v nich\u017e zasedaj\u00ed mimo jin\u00e9 nez\u00e1visl\u00ed mezin\u00e1rodn\u00ed odborn\u00edci. Z\u00e1kladn\u00edmi kameny nez\u00e1vislosti NABU a SAP jsou nez\u00e1vislost na politick\u00e9m vlivu (gener\u00e1ln\u00ed prokur\u00e1tor nem\u016f\u017ee zasahovat do vy\u0161et\u0159ov\u00e1n\u00ed) a v\u00fdlu\u010dn\u00e1 pravomoc (jin\u00e9 org\u00e1ny nemohou vy\u0161et\u0159ovat p\u0159\u00edpady p\u0159id\u011blen\u00e9 NABU ze z\u00e1kona).<\/p>\n<h3>Zelensk\u00e9mu a Jermakovi v r\u00e1mci mocensk\u00e9ho boje za\u010daly protikorup\u010dn\u00ed \u00fa\u0159ady d\u011blat probl\u00e9my, a tak p\u0159i\u0161lo aktivn\u00ed opat\u0159en\u00ed<\/h3>\n<p>21. \u010dervence 2025 zaplavily zpravodajsk\u00e9 kan\u00e1ly na Ukrajin\u011b zpr\u00e1vy Bezpe\u010dnostn\u00ed slu\u017eby Ukrajiny (SBU): Zam\u011bstnanci NABU byli obvin\u011bni ze z\u00e1va\u017en\u00fdch trestn\u00fdch \u010din\u016f \u2013 zr\u00e1dcovstv\u00ed, neleg\u00e1ln\u00edho obchodu s Ruskem a korup\u010dn\u00edho jedn\u00e1n\u00ed ve prosp\u011bch oligarch\u016f. N\u011bkte\u0159\u00ed zam\u011bstnanci NABU byli obvin\u011bni ve\u0159ejn\u011b.<\/p>\n<p>A obvin\u011bn\u00ed jsou podle pozorovatel\u016f od za\u010d\u00e1tku do konce vykonstruovan\u00e1. T\u00fdk\u00e1 se toti\u017e t\u011bch vy\u0161et\u0159ovatel\u016f NABU, kte\u0159\u00ed \u0161li nejv\u00edce po finan\u010dn\u00edch toc\u00edch Zelensk\u00e9ho a jeho man\u017eelky, a rovn\u011b\u017e po zdroj\u00edch \u0161\u00e9fa jeho kancel\u00e1\u0159e Jermaka.<\/p>\n<figure id=\"attachment_62929\" class=\"wp-caption aligncenter\" style=\"width: 695px;\"><a href=\"https:\/\/aeronet.news\/wp-content\/uploads\/AndriyYermakUA.jpg\"><img decoding=\"async\" loading=\"lazy\" class=\"wp-image-62929 \" src=\"https:\/\/aeronet.news\/wp-content\/uploads\/AndriyYermakUA-1024x681.jpg\" sizes=\"(max-width: 700px) 100vw, 700px\" srcset=\"https:\/\/aeronet.news\/wp-content\/uploads\/AndriyYermakUA-1024x681.jpg 1024w, https:\/\/aeronet.news\/wp-content\/uploads\/AndriyYermakUA-300x200.jpg 300w, https:\/\/aeronet.news\/wp-content\/uploads\/AndriyYermakUA-768x511.jpg 768w, https:\/\/aeronet.news\/wp-content\/uploads\/AndriyYermakUA-700x466.jpg 700w, https:\/\/aeronet.news\/wp-content\/uploads\/AndriyYermakUA-537x357.jpg 537w, https:\/\/aeronet.news\/wp-content\/uploads\/AndriyYermakUA-726x483.jpg 726w, https:\/\/aeronet.news\/wp-content\/uploads\/AndriyYermakUA.jpg 1045w\" alt=\"\" width=\"695\" height=\"463\" \/><\/a><figcaption class=\"wp-caption-text\">Andrij Jermak, \u0161\u00e9f prezidentsk\u00e9 kancel\u00e1\u0159e<\/figcaption><\/figure>\n<p>V\u0161echny o\u010di se nyn\u00ed up\u00edraj\u00ed na prezidenta Volodymyra Zelensk\u00e9ho, kter\u00e9mu byly schv\u00e1len\u00e9 pozm\u011b\u0148ovac\u00ed n\u00e1vrhy urychlen\u011b zasl\u00e1ny k podpisu.\u00a0<strong>Aktivist\u00e9 ji\u017e na soci\u00e1ln\u00edch s\u00edt\u00edch sd\u00edlej\u00ed sn\u00edmky Zelensk\u00e9ho po boku Viktora Janukovy\u010de, kter\u00fd se sna\u017eil uzurpovat moc na Ukrajin\u011b.<\/strong>\u00a0\u201c<em>Dlouho jsem se br\u00e1nil srovn\u00e1vat Zelensk\u00e9ho vl\u00e1du s Janukovy\u010dovou. \u0158\u00edkal jsem, \u017ee takov\u00e9 srovn\u00e1n\u00ed m\u016f\u017ee d\u011blat jen ten, kdo zapomn\u011bl, jak to za Janukovy\u010de skute\u010dn\u011b bylo. Ale tenhle \u010dervenec, naaran\u017eovan\u00fd Bankovou, je \u010dist\u00e1 janukovy\u010dsk\u00e1 atmosf\u00e9ra.<\/em><\/p>\n<h3>Zelensk\u00fd u\u017e dostal n\u00e1lepku Janukovy\u010de<\/h3>\n<p><em>To, co se dnes stalo v Rad\u011b, se podob\u00e1 odm\u00edtnut\u00ed podepsat asocia\u010dn\u00ed dohodu s EU. Je to naprosto neslu\u010diteln\u00e9 s na\u0161\u00edm pl\u00e1nem evropsk\u00e9 integrace. Je to nehor\u00e1zn\u00e1 sabot\u00e1\u017e a dal\u0161\u00ed zrada na\u0161ich evropsk\u00fdch partner\u016f<\/em>,\u201d napsal novin\u00e1\u0159 Danylo Mokryk.<\/p>\n<p>P\u0159edstavitel\u00e9 NABU a SAP sice vyzvali Zelensk\u00e9ho, aby z\u00e1kon nepodepisoval, a varovali, \u017ee by to znamenalo \u201c<em>konec nez\u00e1visl\u00e9 protikorup\u010dn\u00ed pr\u00e1ce<\/em>\u201c, ale nebylo to nic platn\u00e9. Zelensk\u00fd podepsal.\u00a0<strong>B\u00edl\u00fd d\u016fm to prozat\u00edm chce ud\u011blat \u201c<em>\u010dist\u011b<\/em>\u201d ve smyslu toho, \u017ee necht\u011bj\u00ed Zelensk\u00e9ho odd\u011blat a zast\u0159elit, ale jenom ho donutit k demisi a k odjezdu do nachystan\u00e9ho exilu<\/strong>, tedy podle informac\u00ed novin\u00e1\u0159e Seymoura Hershe.<\/p>\n<figure id=\"attachment_64221\" class=\"wp-caption aligncenter\" style=\"width: 680px;\"><a href=\"https:\/\/aeronet.news\/wp-content\/uploads\/ZelenskyJanukovycHalf.jpg\"><img decoding=\"async\" loading=\"lazy\" class=\"wp-image-64221 \" src=\"https:\/\/aeronet.news\/wp-content\/uploads\/ZelenskyJanukovycHalf-1024x1024.jpg\" sizes=\"(max-width: 700px) 100vw, 700px\" srcset=\"https:\/\/aeronet.news\/wp-content\/uploads\/ZelenskyJanukovycHalf-1024x1024.jpg 1024w, https:\/\/aeronet.news\/wp-content\/uploads\/ZelenskyJanukovycHalf-150x150.jpg 150w, https:\/\/aeronet.news\/wp-content\/uploads\/ZelenskyJanukovycHalf-300x300.jpg 300w, https:\/\/aeronet.news\/wp-content\/uploads\/ZelenskyJanukovycHalf-768x768.jpg 768w, https:\/\/aeronet.news\/wp-content\/uploads\/ZelenskyJanukovycHalf-700x700.jpg 700w, https:\/\/aeronet.news\/wp-content\/uploads\/ZelenskyJanukovycHalf-357x357.jpg 357w, https:\/\/aeronet.news\/wp-content\/uploads\/ZelenskyJanukovycHalf-483x483.jpg 483w, https:\/\/aeronet.news\/wp-content\/uploads\/ZelenskyJanukovycHalf-210x210.jpg 210w, https:\/\/aeronet.news\/wp-content\/uploads\/ZelenskyJanukovycHalf.jpg 1280w\" alt=\"\" width=\"680\" height=\"680\" \/><\/a><figcaption class=\"wp-caption-text\">Volodymyr Zelensk\u00fd jako Viktor Janukovy\u010d<\/figcaption><\/figure>\n<p>Trumpovi je jasn\u00e9, \u017ee Zelensk\u00fd je jedinou p\u0159ek\u00e1\u017ekou pro vynucen\u00fd a Ukrajinou pln\u011b zaplacen\u00fd m\u00edr, proto\u017ee pr\u00e1v\u011b Zelensk\u00fd a jeho junta se moc zapletli do korupce b\u011bhem v\u00e1lky, a tud\u00ed\u017e dobrovoln\u011b se moci nevzdaj\u00ed. Mus\u00ed b\u00fdt tedy spu\u0161t\u011bn Majdan 2.0 a ten m\u00e1 sesadit Zelensk\u00e9ho a jeho bl\u00edzk\u00e9. Zm\u011bna re\u017eimu na Ukrajin\u011b ale m\u00e1 sv\u00e1 pravidla a tradice, nikdy takov\u00e1 zm\u011bna nen\u00ed sametov\u00e1, poka\u017ed\u00e9 p\u0159i n\u00ed te\u010de krev.<\/p>\n<p>A Zelensk\u00fd i Jermak spolu s Budanovem to v\u011bd\u00ed moc dob\u0159e. Demonstrace v Kyjev\u011b kv\u016fli zm\u011bn\u011b pravomoc\u00ed dvou protikorup\u010dn\u00edch \u00fa\u0159ad\u016f v nejzkorumpovan\u011bj\u0161\u00ed zemi na sv\u011bt\u011b, kde boj proti korupci je pouze jen naoko a ve skute\u010dnosti se obvin\u011bn\u00ed z korupce do\u010dk\u00e1vaj\u00ed na objedn\u00e1vku jen odp\u016frci Zelensk\u00e9ho, jsou prost\u011b jen z\u00e1minka k sesazen\u00ed Zelji. Jeho k\u00e1mo\u0161i byli dosud nedotknuteln\u00ed. Proto uvid\u00edme, jak se duhov\u00e1 operace v Kyjev\u011b rozjede. Rozhoduj\u00edc\u00ed by mohl b\u00fdt v\u00edkend. Na to si po\u010dk\u00e1me.<\/p>\n<p><a href=\"https:\/\/aeronet.news\/na-ukrajine-doslo-ke-spusteni-majdanu-2-0-s-cilem-sesadit-zelenskeho-zevnitr-pomoci-barevne-revoluce-kyjevem-otrasaji-masivni-protesty-pote-co-zelensky-podepsal-zakon-ktery-likviduje-nezavislost\/\">-VK-<\/a><\/p>\n","protected":false},"excerpt":{"rendered":"<p>Na Ukrajin\u011b do\u0161lo ke spu\u0161t\u011bn\u00ed Majdanu 2.0 s c\u00edlem sesadit Zelensk\u00e9ho zevnit\u0159 pomoc\u00ed barevn\u00e9 revoluce?&#8230;<\/p>\n","protected":false},"author":2,"featured_media":84221,"comment_status":"closed","ping_status":"closed","sticky":false,"template":"","format":"standard","meta":[],"categories":[6],"tags":[1042,207,2046,921,26,1000],"_links":{"self":[{"href":"https:\/\/www.infokuryr.cz\/n\/wp-json\/wp\/v2\/posts\/84220"}],"collection":[{"href":"https:\/\/www.infokuryr.cz\/n\/wp-json\/wp\/v2\/posts"}],"about":[{"href":"https:\/\/www.infokuryr.cz\/n\/wp-json\/wp\/v2\/types\/post"}],"author":[{"embeddable":true,"href":"https:\/\/www.infokuryr.cz\/n\/wp-json\/wp\/v2\/users\/2"}],"replies":[{"embeddable":true,"href":"https:\/\/www.infokuryr.cz\/n\/wp-json\/wp\/v2\/comments?post=84220"}],"version-history":[{"count":0,"href":"https:\/\/www.infokuryr.cz\/n\/wp-json\/wp\/v2\/posts\/84220\/revisions"}],"wp:featuredmedia":[{"embeddable":true,"href":"https:\/\/www.infokuryr.cz\/n\/wp-json\/wp\/v2\/media\/84221"}],"wp:attachment":[{"href":"https:\/\/www.infokuryr.cz\/n\/wp-json\/wp\/v2\/media?parent=84220"}],"wp:term":[{"taxonomy":"category","embeddable":true,"href":"https:\/\/www.infokuryr.cz\/n\/wp-json\/wp\/v2\/categories?post=84220"},{"taxonomy":"post_tag","embeddable":true,"href":"https:\/\/www.infokuryr.cz\/n\/wp-json\/wp\/v2\/tags?post=84220"}],"curies":[{"name":"wp","href":"https:\/\/api.w.org\/{rel}","templated":true}]}}