{"id":84219,"date":"2025-07-24T05:32:50","date_gmt":"2025-07-24T03:32:50","guid":{"rendered":"https:\/\/www.infokuryr.cz\/n\/?p=84219"},"modified":"2025-07-24T05:32:50","modified_gmt":"2025-07-24T03:32:50","slug":"neznat-nepritele","status":"publish","type":"post","link":"https:\/\/www.infokuryr.cz\/n\/2025\/07\/24\/neznat-nepritele\/","title":{"rendered":"Neznat \u201enep\u0159\u00edtele\u201c"},"content":{"rendered":"<div id=\"fb-root\"><\/div>\n<p><strong><i>Pokud zn\u00e1\u0161 nep\u0159\u00edtele a zn\u00e1\u0161 s\u00e1m sebe, nemus\u00ed\u0161 se b\u00e1t v\u00fdsledku ani stovky bitev.<br \/>\nPokud zn\u00e1\u0161 s\u00e1m sebe, ale nezn\u00e1\u0161 nep\u0159\u00edtele, za ka\u017ed\u00e9 v\u00edt\u011bzstv\u00ed utrp\u00ed\u0161 tak\u00e9 por\u00e1\u017eku.<br \/>\nPokud nezn\u00e1\u0161 ani nep\u0159\u00edtele, ani s\u00e1m sebe, podlehne\u0161 v ka\u017ed\u00e9 bitv\u011b.<\/i><\/strong><\/p>\n<p><strong>Sun Tzu, Um\u011bn\u00ed v\u00e1lky, III.18<\/strong><\/p>\n<section class=\"clanek-obsah\">V\u017edy m\u011b udivuje, jak m\u00e1lo si z\u00e1padn\u00ed vl\u00e1dy uv\u011bdomuj\u00ed sv\u00e9 vlastn\u00ed (nedostate\u010dn\u00e9) schopnosti i povahu a schopnosti sv\u00fdch \u201enep\u0159\u00e1tel\u201c.<\/p>\n<p>Obvykle neznaj\u00ed z\u00e1kladn\u00ed ekonomick\u00e9 a sociologick\u00e9 skute\u010dnosti o sv\u00fdch protivn\u00edc\u00edch. Jednaj\u00ed na z\u00e1klad\u011b nesmysl\u016f, kter\u00fdm uv\u011b\u0159ily o sv\u00fdch \u201enep\u0159\u00e1tel\u00edch\u201c. P\u0159ece\u0148uj\u00ed sv\u00e9 vlastn\u00ed postaven\u00ed, \u0161patn\u011b odhaduj\u00ed situaci a jsou p\u0159ekvapeni, kdy\u017e se skute\u010dnost obr\u00e1t\u00ed proti nim.<\/p>\n<p>M\u016f\u017eeme p\u0159ipomenout, jak to\u00a0<a href=\"https:\/\/x.com\/Megatron_ron\/status\/1946941577269522827\" target=\"_blank\" rel=\"external noopener\">d\u011bl\u00e1 Tucker Carlson<\/a>, \u017ee USA byly \u201euji\u0161t\u011bny n\u011bkter\u00fdmi z nejhloup\u011bj\u0161\u00edch lid\u00ed na planet\u011b, kte\u0159\u00ed v sou\u010dasn\u00e9 dob\u011b p\u016fsob\u00ed v Sen\u00e1tu Spojen\u00fdch st\u00e1t\u016f, \u017ee Rusko je pouhou \u201a\u010derpac\u00ed stanic\u00ed s jadern\u00fdmi zbran\u011bmi\u2018\u201c.<\/p>\n<p>Na Rusko byly uvaleny sankce, kter\u00e9 mu v\u0161ak nijak neubl\u00ed\u017eily. Nejv\u00edce po\u0161kodily ty, kdo je uvalili.<\/p>\n<p>Trumpova administrativa ned\u00e1vno uvalila 50% clo na v\u0161echny zbo\u017e\u00ed z Braz\u00edlie (i kdy\u017e m\u00e1 s touto zem\u00ed obchodn\u00ed p\u0159ebytek). C\u00edlem bylo potrestat brazilskou vl\u00e1du a soudnictv\u00ed za st\u00edh\u00e1n\u00ed b\u00fdval\u00e9ho prezidenta Jaira Bolsonara za p\u0159\u00edpravu pu\u010de pot\u00e9, co prohr\u00e1l volby.<\/p>\n<p>Braz\u00edlie je nacionalistick\u00e1, dob\u0159e rozvinut\u00e1 zem\u011b, kter\u00e1 je alergick\u00e1 na vm\u011b\u0161ov\u00e1n\u00ed zahrani\u010dn\u00edch mocnost\u00ed. Kdokoli, kdo tuto skute\u010dnost zn\u00e1, mohl\u00a0<a href=\"https:\/\/archive.ph\/Js5vJ\" target=\"_blank\" rel=\"external noopener\">tuto reakci<\/a>\u00a0p\u0159edv\u00eddat:<\/p>\n<p><em>Pro [prezidenta] Lulu, jeho\u017e levicov\u00ed spojenci \u010del\u00ed t\u011b\u017ek\u00fdm volb\u00e1m v roce 2026, je tento moment ne\u010dekan\u00fdm \u0161t\u011bst\u00edm. Pr\u016fzkumy ve\u0159ejn\u00e9ho m\u00edn\u011bn\u00ed ukazuj\u00ed o\u017eiven\u00ed podpory jeho vl\u00e1dy tv\u00e1\u0159\u00ed v tv\u00e1\u0159 americk\u00e9mu \u0161ikanov\u00e1n\u00ed vyprovokovan\u00e9mu Bolsonarem. Cla tak\u00e9 po\u0161kozuj\u00ed z\u00e1jmy podnikatelsk\u00e9 elity, kter\u00e1 je \u010dasto nejv\u011bt\u0161\u00edm podporovatelem konzervativn\u00ed opozice Luly.<\/em><\/p>\n<p><em>\u201e<b>To, co m\u011blo b\u00fdt demonstrac\u00ed s\u00edly MAGA a jej\u00ed brazilsk\u00e9 pobo\u010dky, se prom\u011bnilo v politick\u00fd dar pro Lulu<\/b>, kter\u00fd se nyn\u00ed m\u016f\u017ee v\u011brohodn\u011b prezentovat jako symbol n\u00e1rodn\u00edho odporu, zat\u00edmco jeho oponenti se mus\u00ed rozhodovat mezi loajalitou k Bolsonarovi a ekonomick\u00fdmi z\u00e1jmy sv\u00e9 vlastn\u00ed z\u00e1kladny,\u201c poznamenal brazilsk\u00fd historik Andre Pagliarini.<\/em><\/p>\n<p>Obchodn\u00ed v\u00e1lka USA proti \u010c\u00edn\u011b je dal\u0161\u00edm p\u0159\u00edkladem, kdy nedostatek znalost\u00ed o protivn\u00edkovi vedl k\u00a0<a href=\"https:\/\/archive.ph\/n5AA9#selection-4329.0-4333.183\" target=\"_blank\" rel=\"external noopener\">proh\u0159e v bitv\u011b<\/a>:<\/p>\n<p><em>Kdy\u017e Trump v dubnu zv\u00fd\u0161il cla na \u010d\u00ednsk\u00fd export, n\u011bkte\u0159\u00ed jeho nejvy\u0161\u0161\u00ed p\u0159edstavitel\u00e9 se domn\u00edvali, \u017ee Peking vzhledem k ned\u00e1vn\u00e9 ekonomick\u00e9 slabosti rychle ustoup\u00ed. M\u00edsto toho v\u0161ak Peking Trump\u016fv bluf prokoukl a omezil v\u00fdvoz vz\u00e1cn\u00fdch zemin, kter\u00e9 pot\u0159ebuj\u00ed ameri\u010dt\u00ed v\u00fdrobci automobil\u016f, vojensk\u00e9 techniky, zdravotnick\u00fdch p\u0159\u00edstroj\u016f a elektroniky.<\/em><\/p>\n<p><em>Jakmile se dod\u00e1vky t\u011bchto materi\u00e1l\u016f zastavily, Trump a dal\u0161\u00ed p\u0159edstavitel\u00e9 za\u010dali dost\u00e1vat telefon\u00e1ty od gener\u00e1ln\u00edch \u0159editel\u016f, kte\u0159\u00ed jim oznamovali, \u017ee jejich tov\u00e1rny budou brzy uzav\u0159eny. Ford, Suzuki a dal\u0161\u00ed spole\u010dnosti zav\u0159ely tov\u00e1rny kv\u016fli nedostatku surovin.<\/em><\/p>\n<p><em><b>Trump a jeho nejbli\u017e\u0161\u00ed poradci byli p\u0159ekvapeni hrozbou, kterou p\u0159edstavoval proti\u00fader Pekingu<\/b>, \u0159\u00edkaj\u00ed lid\u00e9 obezn\u00e1men\u00ed s touto z\u00e1le\u017eitost\u00ed. To p\u0159ivedlo Spojen\u00e9 st\u00e1ty na ja\u0159e zp\u011bt k jednac\u00edmu stolu, kde bylo uzav\u0159eno k\u0159ehk\u00e9 obchodn\u00ed p\u0159\u00edm\u011b\u0159\u00ed, kter\u00e9 Trumpovi \u00fa\u0159edn\u00edci nyn\u00ed opatrn\u011b udr\u017euj\u00ed. Tato dohoda sn\u00ed\u017eila cla z minim\u00e1ln\u011b 145 % na 30 % a \u010c\u00edna souhlasila, \u017ee vz\u00e1cn\u00e9 kovy budou proudit stejn\u011b voln\u011b jako d\u0159\u00edve.<\/em><\/p>\n<p>Trump a jeho poradci pravd\u011bpodobn\u011b ani nev\u011bd\u011bli, co vz\u00e1cn\u00e9 kovy jsou. Nev\u011bd\u011bli, \u017ee \u010c\u00edna m\u00e1 monopol na jejich v\u00fdrobu magnet\u016f. Nev\u011bd\u011bli, \u017ee tyto magnety jsou pot\u0159ebn\u00e9 k v\u00fdrob\u011b americk\u00fdch high-tech produkt\u016f.<\/p>\n<p>\u010c\u00edna nav\u00edc vyu\u017eila americkou z\u00e1minku \u201en\u00e1rodn\u00ed bezpe\u010dnosti\u201c, aby prosadila sv\u016fj krok:<\/p>\n<p><em>Trump byl prvn\u00ed, kdo vyu\u017eil s\u00edlu americk\u00fdch v\u00fdvozn\u00edch kontrol, kdy\u017e se ve sv\u00e9m prvn\u00edm funk\u010dn\u00edm obdob\u00ed zam\u011b\u0159il na \u010d\u00ednsk\u00e9ho technologick\u00e9ho giganta Huawei a uvalil glob\u00e1ln\u00ed omezen\u00ed na americk\u00e9 technologie. Bidenova administrativa v\u0161ak tato pravidla roz\u0161\u00ed\u0159ila. Z obavy, \u017ee rostouc\u00ed kapacity \u010c\u00edny v oblasti um\u011bl\u00e9 inteligence pos\u00edl\u00ed jej\u00ed arm\u00e1du, \u00fa\u0159edn\u00edci Bidena zak\u00e1zali v\u00fdvoz \u010dip\u016f Nvidia, kter\u00e9 pova\u017eovali za nej\u00fa\u010dinn\u011bj\u0161\u00ed prost\u0159edek k omezen\u00ed \u010d\u00ednsk\u00fdch kapacit v oblasti um\u011bl\u00e9 inteligence.<\/em><\/p>\n<p><em>Od t\u00e9 doby, kdy\u017e \u010d\u00edn\u0161t\u00ed \u00fa\u0159edn\u00edci na sch\u016fzk\u00e1ch vznesli n\u00e1mitky proti americk\u00fdm kontrol\u00e1m technologi\u00ed,\u00a0<b>ameri\u010dt\u00ed \u00fa\u0159edn\u00edci reagovali tvrzen\u00edm, \u017ee tato opat\u0159en\u00ed jsou ot\u00e1zkou n\u00e1rodn\u00ed bezpe\u010dnosti a nejsou p\u0159edm\u011btem diskuse<\/b>.<\/em><\/p>\n<p><em>Na kv\u011btnov\u00e9m setk\u00e1n\u00ed v \u017denev\u011b v\u0161ak \u010c\u00edna kone\u010dn\u011b p\u0159i\u0161la s p\u00e1dn\u00fdm protiargumentem.\u00a0<b>Peking trval na tom, \u017ee jeho miner\u00e1ly a magnety, z nich\u017e n\u011bkter\u00e9 se pou\u017e\u00edvaj\u00ed v st\u00edhac\u00edch letounech, dron\u00e1ch a zbran\u00edch, jsou \u201edvoj\u00edho u\u017eit\u00ed\u201c a mohou b\u00fdt pou\u017eity jak pro vojensk\u00e9, tak pro civiln\u00ed \u00fa\u010dely, stejn\u011b jako um\u011bl\u00e1 inteligence a \u010dipy.<\/b>\u00a0Po\u017eadoval reciprocitu: pokud Spojen\u00e9 st\u00e1ty cht\u011bj\u00ed stabiln\u00ed dod\u00e1vky vz\u00e1cn\u00fdch zemin, Washington by m\u011bl b\u00fdt p\u0159ipraven zm\u00edrnit sv\u00e9 technologick\u00e9 kontroly.<\/em><\/p>\n<p>\u010c\u00edna znovu z\u00edskala p\u0159\u00edstup k \u010dip\u016fm Nvidia a Trump usiluje o setk\u00e1n\u00ed s \u010d\u00ednsk\u00fdm prezidentem Si \u0164in-pchingem. Je z\u0159ejm\u00e9, \u017ee \u010c\u00edna tuto bitvu vyhr\u00e1la.<\/p>\n<p>Jsem si jist, \u017ee v \u00fatrob\u00e1ch ministerstva obchodu nebo ministerstva zahrani\u010d\u00ed jsou odborn\u00edci na \u010c\u00ednu, kte\u0159\u00ed v\u011bd\u011bli, jak \u010c\u00edna m\u016f\u017ee ude\u0159it zp\u011bt. Pravd\u011bpodobn\u011b si to promysleli a p\u0159edpov\u011bd\u011bli, jak \u010c\u00edna zareaguje.<\/p>\n<p>Ale ameri\u010dt\u00ed politici, a\u0165 u\u017e Obama, Biden nebo Trump, jsou p\u0159\u00edli\u0161 namy\u0161len\u00ed, aby zpochyb\u0148ovali vlastn\u00ed znalosti o sv\u00fdch protivn\u00edc\u00edch. Neznaj\u00ed sv\u00e9 \u201enep\u0159\u00e1tele\u201c. Bitvy, kter\u00e9 pl\u00e1nuj\u00ed a vedou, nevyhnuteln\u011b kon\u010d\u00ed katastrofou.<\/p>\n<p>Vzhledem k tomu, \u017ee jsem v posledn\u00edch 25 letech sledoval, jak USA prohr\u00e1vaj\u00ed jednu zahrani\u010dn\u011bpolitickou bitvu za druhou, \u010dekal jsem na okam\u017eik, kdy zv\u00edt\u011bz\u00ed zdrav\u00fd rozum. Kdy budou p\u0159ed zah\u00e1jen\u00edm toho \u010di onoho nov\u00e9ho dobrodru\u017estv\u00ed u\u010din\u011bny realistick\u00e9 p\u0159edpoklady. U\u017e to ale neo\u010dek\u00e1v\u00e1m.<\/p>\n<p>N\u011bkte\u0159\u00ed \u0159\u00edkaj\u00ed, \u017ee USA jsou v siln\u00e9 pozici a \u017ee i p\u0159es chaos, kter\u00fd zp\u016fsobuj\u00ed prohran\u00fdmi bitvami, z toho nakonec vych\u00e1zej\u00ed jako v\u00edt\u011bzov\u00e9. Ve skute\u010dnosti v\u0161ak z t\u011bchto bitev profituj\u00ed jen n\u011bkte\u0159\u00ed, zat\u00edmco zem\u011b jako celek t\u00edmto bojem sl\u00e1bne.<\/p>\n<p><strong><em>Moon Of Alabama<\/em><\/strong><\/p>\n<div class=\"podcarou\">\n<p><a href=\"https:\/\/www.moonofalabama.org\/2025\/07\/not-knowing-the-enemy.html\" target=\"_blank\" rel=\"external noopener\">Not Knowing The &#8218;Enemy&#8216;<\/a> vy\u0161el 21.7.2025 na moonofalabama.org. P\u0159eklad<a href=\"https:\/\/zvedavec.news\/komentare\/2025\/07\/10606-neznat-nepritele.htm\"> Zv\u011bdavec<\/a><\/p>\n<p>&nbsp;<\/p>\n<\/div>\n<\/section>\n<section class=\"clanek-pri\"><\/section>\n","protected":false},"excerpt":{"rendered":"<p>Pokud zn\u00e1\u0161 nep\u0159\u00edtele a zn\u00e1\u0161 s\u00e1m sebe, nemus\u00ed\u0161 se b\u00e1t v\u00fdsledku ani stovky bitev. Pokud&#8230;<\/p>\n","protected":false},"author":2,"featured_media":78561,"comment_status":"closed","ping_status":"closed","sticky":false,"template":"","format":"standard","meta":[],"categories":[7],"tags":[2181,452,37],"_links":{"self":[{"href":"https:\/\/www.infokuryr.cz\/n\/wp-json\/wp\/v2\/posts\/84219"}],"collection":[{"href":"https:\/\/www.infokuryr.cz\/n\/wp-json\/wp\/v2\/posts"}],"about":[{"href":"https:\/\/www.infokuryr.cz\/n\/wp-json\/wp\/v2\/types\/post"}],"author":[{"embeddable":true,"href":"https:\/\/www.infokuryr.cz\/n\/wp-json\/wp\/v2\/users\/2"}],"replies":[{"embeddable":true,"href":"https:\/\/www.infokuryr.cz\/n\/wp-json\/wp\/v2\/comments?post=84219"}],"version-history":[{"count":0,"href":"https:\/\/www.infokuryr.cz\/n\/wp-json\/wp\/v2\/posts\/84219\/revisions"}],"wp:featuredmedia":[{"embeddable":true,"href":"https:\/\/www.infokuryr.cz\/n\/wp-json\/wp\/v2\/media\/78561"}],"wp:attachment":[{"href":"https:\/\/www.infokuryr.cz\/n\/wp-json\/wp\/v2\/media?parent=84219"}],"wp:term":[{"taxonomy":"category","embeddable":true,"href":"https:\/\/www.infokuryr.cz\/n\/wp-json\/wp\/v2\/categories?post=84219"},{"taxonomy":"post_tag","embeddable":true,"href":"https:\/\/www.infokuryr.cz\/n\/wp-json\/wp\/v2\/tags?post=84219"}],"curies":[{"name":"wp","href":"https:\/\/api.w.org\/{rel}","templated":true}]}}