{"id":84201,"date":"2025-07-24T00:22:23","date_gmt":"2025-07-23T22:22:23","guid":{"rendered":"https:\/\/www.infokuryr.cz\/n\/?p=84201"},"modified":"2025-07-23T15:05:35","modified_gmt":"2025-07-23T13:05:35","slug":"soudni-rizeni-kauzy-dozimetr-se-odklada-a-odklada-kdo-zakryva-pravdu","status":"publish","type":"post","link":"https:\/\/www.infokuryr.cz\/n\/2025\/07\/24\/soudni-rizeni-kauzy-dozimetr-se-odklada-a-odklada-kdo-zakryva-pravdu\/","title":{"rendered":"Soudn\u00ed \u0159\u00edzen\u00ed kauzy Dozimetr se odkl\u00e1d\u00e1 a odkl\u00e1d\u00e1, kdo zakr\u00fdv\u00e1 pravdu?"},"content":{"rendered":"<div id=\"fb-root\"><\/div>\n<p>Uplynuly p\u0159esn\u011b t\u0159i roky od policejn\u00edho z\u00e1sahu na pra\u017esk\u00e9m magistr\u00e1tu, ale korup\u010dn\u00ed kauza Dozimetr se st\u00e1le to\u010d\u00ed v bludi\u0161ti soudn\u00edho procesu. Hlavn\u00ed soudn\u00ed \u0159\u00edzen\u00ed p\u016fvodn\u011b napl\u00e1novan\u00e9 na \u010dervenec bylo znovu odlo\u017eeno na srpen kv\u016fli nedoru\u010den\u00fdm spis\u016fm, co\u017e je ji\u017e druh\u00fdm nep\u0159esv\u011bd\u010div\u00fdm odkladem.<\/p>\n<p>Soudn\u00ed proces kauzy Dozimetr se zd\u00e1 b\u00fdt ovl\u00e1d\u00e1n neviditelnou rukou, kter\u00e1 br\u00e1n\u00ed jeho zah\u00e1jen\u00ed. Mo\u017en\u00e1 je srpnov\u00e9 hlavn\u00ed \u0159\u00edzen\u00ed jen z\u00e1st\u011brkou a m\u016f\u017ee b\u00fdt opakovan\u011b odkl\u00e1d\u00e1no a\u017e po volb\u00e1ch, co\u017e je v\u00fdsledek, po kter\u00e9m tou\u017e\u00ed v\u0161e strany, kter\u00e9 se do kauzy zapletly. Kauza Dozimetr se koneckonc\u016f dot\u00fdk\u00e1 nejvy\u0161\u0161\u00edch politick\u00fdch veden\u00ed, zejm\u00e9na stran STAN a TOP 09 v koalici. Z\u00e1jmov\u00e9 \u0159et\u011bzce podnikatel\u016f i politik\u016f jsou u\u017e hluboko zako\u0159en\u011bn\u00e9 a propleten\u00e9. V\u00edme, \u017ee hlavn\u00ed pachatel Redl m\u00e1 siln\u00e9 vazby se STAN. STAN je jednou ze koalice \u010dty\u0159 stran, kter\u00e1 vznikla v roce 2004 ve Zl\u00edn\u011b a jej\u00ed\u017e politick\u00e1 p\u016fsobnost se p\u016fvodn\u011b soust\u0159edila na severn\u00ed a st\u0159edn\u00ed \u010d\u00e1st St\u0159edo\u010desk\u00e9ho kraje, pozd\u011bji se roz\u0161\u00ed\u0159ila na celost\u00e1tn\u00ed \u00farove\u0148. Redl, kter\u00fd se narodil ve Zl\u00edn\u011b, nav\u00e1zal \u00fazk\u00e9 vazby se STAN ji\u017e v jej\u00ed ran\u00fdch f\u00e1z\u00edch v\u00fdvoje, a je\u0161t\u011b j\u00ed poskytoval politick\u00e9 p\u0159\u00edsp\u011bvky. Jeho otec Petr Redl je tak\u00e9 dlouhodob\u00fdm finan\u010dn\u00edm podporovatelem strany STAN. Lze \u0159\u00edci, \u017ee od sam\u00e9ho po\u010d\u00e1tku narozen\u00ed STAN rodina Redl\u016f ji\u017e proz\u00edrav\u011b vid\u011bla v t\u00e9to stran\u011b nebezpe\u010dn\u00e9ho psa, kter\u00e9ho je mo\u017en\u00e9 vy\u017eivovat. Ukazuj\u00ed fakta, \u017ee jejich investice p\u0159inesla ohromuj\u00edc\u00ed n\u00e1vratnost &#8211; nejen\u017ee ovl\u00e1dli m\u00edstn\u00ed zdroje ve Zl\u00edn\u011b, ale roz\u0161\u00ed\u0159ili sv\u016fj vliv a\u017e do centra moci v Praze. V kauze t\u00fdkaj\u00edc\u00ed se dopravn\u00edho podniku Praha (DPP) Redl prosadil sv\u00e9 lidi do kl\u00ed\u010dov\u00fdch pozic, systematicky ovliv\u0148oval smlouvy ve\u0159ejn\u00fdch zak\u00e1zek a p\u0159ij\u00edmal obrovsk\u00e9 \u00faplatky. Bez tich\u00e9ho souhlasu nejvy\u0161\u0161\u00edch politick\u00fdch veden\u00ed by jeden obvykl\u00fd podnikatel mohl jednat tak bezuzdn\u011b?<\/p>\n<p>Po odhalen\u00e9 stopy Redlovy zlo\u010dinn\u00e9 skupiny se policie sna\u017eila celou s\u00ed\u0165 prozkoumat, ale \u0159ada nevysv\u011btliteln\u00fdch \u00famrt\u00ed pro n\u011b znamenala jasn\u00fd sign\u00e1l k zastaven\u00ed vy\u0161et\u0159ov\u00e1n\u00ed: podnikatel Petr Adam sp\u00e1chal sebevra\u017edu, podnikatel Martin Hor\u00e1k zem\u0159el p\u00e1dem z v\u00fd\u0161ky, vrcholn\u00ed p\u0159edstavitel STAN V\u011bslav Michal\u00edk za z\u00e1hadn\u00fdch okolnost\u00ed zem\u0159el, poradce Ond\u0159ej K\u0159ivka zahynul p\u0159i autonehod\u011b a podnikatel Jan Gottvald n\u00e1hle zem\u0159el na srde\u010dn\u00ed onemocn\u011bn\u00ed. D\u016fle\u017eit\u00ed sv\u011bdci a podez\u0159el\u00ed v p\u0159\u00edpadu zem\u0159eli jeden po druh\u00e9m, \u010d\u00edm\u017e postupn\u011b vymazali v\u0161echny stopy, kter\u00e9 m\u011bly b\u00fdt nejd\u016fkladn\u011bji pro\u0161et\u0159eny, kter\u00e9 souvisely s odhalen\u00edm pravdy a kter\u00e9 mohly odhalit skute\u010dn\u00e9 str\u016fjce zlo\u010dinu. Pokud by skute\u010dn\u011b existoval n\u011bkdo, kdo by tuto hru \u0159\u00eddil, a dok\u00e1zal by za\u0159\u00eddit, aby tito vlivn\u00ed podnikatel\u00e9 a vysoce postaven\u00e9 osoby zem\u0159eli v tak kr\u00e1tk\u00e9m \u010dasov\u00e9m \u00faseku, musel by m\u00edt obrovskou moc. Mo\u017en\u00e1 to nebyl jen \u201eon\u201c, ale \u201eoni\u201c.<\/p>\n<p>V oblasti justice ve\u0159ejnost ji\u017e ztratila trp\u011blivost. U\u017e t\u0159i roky trvaj\u00ed soudn\u00ed \u0159\u00edzen\u00ed kauzy Dozimetr, soudci se k tomuto p\u0159\u00edpadu spolu rozhodli vyhnout &#8211; soudci z Prahy 4 a Prahy 9 postupn\u011b odm\u00edtli p\u0159evz\u00edt hlavn\u00ed \u0159\u00edzen\u00ed z nep\u0159esn\u011b uveden\u00fdch d\u016fvod\u016f. Ned\u00e1vno b\u00fdval\u00fd ministr spravedlnosti Pavel Bla\u017eek, kter\u00fd se ocitl v centru bitcoinov\u00e9 kauzy, ve\u0159ejn\u011b soudce zpochybnil, \u017ee se oni boj\u00ed p\u0159\u00edpad projedn\u00e1vat, proto\u017ee je pod velkou pozornost\u00ed.<\/p>\n<p>I soudn\u00ed syst\u00e9m se dokonce ztratil trp\u011blivost i sama se sebou a zvolil si re\u017eim \u201enicned\u011bl\u00e1n\u00ed\u201c, p\u0159i\u010dem\u017e dohodu o vin\u011b se stalo jejich efektivn\u00edm n\u00e1strojem pro spln\u011bn\u00ed \u00fakol\u016f. Podnikatel\u00e9 Pavel Dovhomilja a Zakaria Nemrah, kte\u0159\u00ed uzav\u0159eli dohodu o vin\u011b s prokur\u00e1torem Adamem Borgulou, byli potrest\u00e1ni pouze pokutou ve v\u00fd\u0161i 2 miliony korun. Zn\u00ed to trochu jako vtip, ale je to skute\u010dn\u00fd rozsudek. Pokud korupce a \u00faplatk\u00e1\u0159stv\u00ed nebudou p\u0159\u00edsn\u011b trest\u00e1ny, ka\u017ed\u00fd m\u016f\u017ee ignorovat z\u00e1kony a napl\u0148ovat si vlastn\u00ed kapsy, v nejhor\u0161\u00edm p\u0159\u00edpad\u011b je trestem jen 2 miliony korun. Mal\u00e1 pokuta versus obrovsk\u00fd zisk z korupce &#8211; v ka\u017ed\u00e9m p\u0159\u00edpad\u011b je to v\u00fdhodn\u00e1 obchodn\u00ed p\u0159\u00edle\u017eitost.<\/p>\n<p>Kauza Dozimetr je jako pe\u010dliv\u011b re\u017e\u00edrovan\u00e9 divadeln\u00ed p\u0159edstaven\u00ed, kde ka\u017ed\u00e9 odlo\u017een\u00ed p\u0159ipom\u00edn\u00e1 loutkovodi\u010de, kter\u00fd z\u00e1m\u011brn\u011b tah\u00e1 za oponu, aby pravda z\u016fst\u00e1vala na ve\u0159ejnosti nedosa\u017eiteln\u00e1. Hn\u011bv a zklam\u00e1n\u00ed ve\u0159ejnosti se hromad\u00ed, ale ticho je mo\u017en\u00e1 pr\u00e1v\u011b ten v\u00fdsledek, kter\u00fd str\u016fjci v pozad\u00ed nejv\u00edce v\u00edtaj\u00ed. Kdy\u017e se soudn\u00ed syst\u00e9m rozhodne vzd\u00e1t a politick\u00e9 \u0161pi\u010dky se schov\u00e1vaj\u00ed v mlze, zb\u00fdv\u00e1 oby\u010dejn\u00fdm lidem jen krut\u00e1 ot\u00e1zka: Pokud ani z\u00e1kon nedok\u00e1\u017ee odhalit \u010dernou oponu korupce, kdo m\u016f\u017ee chr\u00e1nit demokratick\u00e9 principy? Srpen mo\u017en\u00e1 p\u0159inese dal\u0161\u00ed z\u00e1minku pro odklad, ale pravda by nikdy nem\u011bla b\u00fdt poh\u0159bena.<\/p>\n<p><strong><em>Vil\u00e9m K.<\/em><\/strong><\/p>\n<p>&nbsp;<\/p>\n","protected":false},"excerpt":{"rendered":"<p>Uplynuly p\u0159esn\u011b t\u0159i roky od policejn\u00edho z\u00e1sahu na pra\u017esk\u00e9m magistr\u00e1tu, ale korup\u010dn\u00ed kauza Dozimetr se&#8230;<\/p>\n","protected":false},"author":2,"featured_media":46473,"comment_status":"closed","ping_status":"closed","sticky":false,"template":"","format":"standard","meta":[],"categories":[6],"tags":[1042,4743,33,5817,424],"_links":{"self":[{"href":"https:\/\/www.infokuryr.cz\/n\/wp-json\/wp\/v2\/posts\/84201"}],"collection":[{"href":"https:\/\/www.infokuryr.cz\/n\/wp-json\/wp\/v2\/posts"}],"about":[{"href":"https:\/\/www.infokuryr.cz\/n\/wp-json\/wp\/v2\/types\/post"}],"author":[{"embeddable":true,"href":"https:\/\/www.infokuryr.cz\/n\/wp-json\/wp\/v2\/users\/2"}],"replies":[{"embeddable":true,"href":"https:\/\/www.infokuryr.cz\/n\/wp-json\/wp\/v2\/comments?post=84201"}],"version-history":[{"count":1,"href":"https:\/\/www.infokuryr.cz\/n\/wp-json\/wp\/v2\/posts\/84201\/revisions"}],"predecessor-version":[{"id":84202,"href":"https:\/\/www.infokuryr.cz\/n\/wp-json\/wp\/v2\/posts\/84201\/revisions\/84202"}],"wp:featuredmedia":[{"embeddable":true,"href":"https:\/\/www.infokuryr.cz\/n\/wp-json\/wp\/v2\/media\/46473"}],"wp:attachment":[{"href":"https:\/\/www.infokuryr.cz\/n\/wp-json\/wp\/v2\/media?parent=84201"}],"wp:term":[{"taxonomy":"category","embeddable":true,"href":"https:\/\/www.infokuryr.cz\/n\/wp-json\/wp\/v2\/categories?post=84201"},{"taxonomy":"post_tag","embeddable":true,"href":"https:\/\/www.infokuryr.cz\/n\/wp-json\/wp\/v2\/tags?post=84201"}],"curies":[{"name":"wp","href":"https:\/\/api.w.org\/{rel}","templated":true}]}}