{"id":84146,"date":"2025-07-23T00:35:35","date_gmt":"2025-07-22T22:35:35","guid":{"rendered":"https:\/\/www.infokuryr.cz\/n\/?p=84146"},"modified":"2025-07-22T19:27:31","modified_gmt":"2025-07-22T17:27:31","slug":"proc-se-iran-obava-syrsko-azerbajdzanske-osy","status":"publish","type":"post","link":"https:\/\/www.infokuryr.cz\/n\/2025\/07\/23\/proc-se-iran-obava-syrsko-azerbajdzanske-osy\/","title":{"rendered":"Pro\u010d se \u00cdr\u00e1n ob\u00e1v\u00e1 syrsko-\u00e1zerb\u00e1jd\u017e\u00e1nsk\u00e9 osy"},"content":{"rendered":"<div id=\"fb-root\"><\/div>\n<div class=\"elementor-element elementor-element-1fb4c2c elementor-widget elementor-widget-theme-post-content\" data-id=\"1fb4c2c\" data-element_type=\"widget\" data-widget_type=\"theme-post-content.default\">\n<div class=\"elementor-widget-container\">\n<h3 class=\"wp-block-heading\">Dramatick\u00e9 sbl\u00ed\u017een\u00ed mezi S\u00fdri\u00ed a \u00c1zerb\u00e1jd\u017e\u00e1nem<\/h3>\n<p>S\u00fdrie a \u00c1zerb\u00e1jd\u017e\u00e1n se zav\u00e1zaly k prohlouben\u00ed sv\u00fdch vztah\u016f, v\u010detn\u011b pr\u016flomov\u00e9 dohody o v\u00fdvozu \u00e1zerb\u00e1jd\u017e\u00e1nsk\u00e9ho plynu p\u0159es Turecko. \u00cdr\u00e1nsk\u00e1 m\u00e9dia varovala p\u0159ed mo\u017en\u00fdm nasazen\u00edm syrsk\u00fdch bojovn\u00edk\u016f na Kavkaze, co\u017e by zhor\u0161ilo region\u00e1ln\u00ed nap\u011bt\u00ed. Zpr\u00e1vy o izraelsko-syrsk\u00fdch kontaktech v Baku pos\u00edlily podez\u0159en\u00ed Teher\u00e1nu, \u017ee \u00c1zerb\u00e1jd\u017e\u00e1n, Turecko a Izrael vytv\u00e1\u0159ej\u00ed proti\u00edr\u00e1nskou alianci.<\/p>\n<p>N\u00e1v\u0161t\u011bva prozat\u00edmn\u00edho syrsk\u00e9ho prezidenta Ahmada a\u0161-\u0160ar\u00e1a v Baku minul\u00fd v\u00edkend zd\u016fraznila dramatick\u00fd posun v region\u00e1ln\u00edch alianc\u00edch a v \u00edr\u00e1nsk\u00fdch m\u00e9di\u00edch vyvolala sm\u011bs obav, podez\u0159en\u00ed a strategick\u00e9ho p\u0159ehodnocen\u00ed.<\/p>\n<p>Ofici\u00e1ln\u00ed prohl\u00e1\u0161en\u00ed po setk\u00e1n\u00ed \u0160\u00e1r\u00e1a s prezidentem Ilhamem Alijevem zd\u016fraznila novou \u00e9ru syrsko-\u00e1zerb\u00e1jd\u017e\u00e1nsk\u00fdch vztah\u016f. Oba v\u016fdci uznali minulou stagnaci, p\u0159\u00edmo obvinili z \u201enep\u0159\u00e1telsk\u00e9 politiky\u201c svr\u017een\u00e9ho prezidenta Ba\u0161\u00e1ra Asada a sl\u00edbili obnoven\u00ed a prohlouben\u00ed spolupr\u00e1ce.<\/p>\n<p>N\u00e1v\u0161t\u011bva vedla k dohod\u011b o v\u00fdvozu \u00e1zerb\u00e1jd\u017e\u00e1nsk\u00e9ho plynu do S\u00fdrie p\u0159es Turecko, co\u017e bylo ofici\u00e1ln\u011b v\u00edt\u00e1no jako nezbytn\u00fd prost\u0159edek k \u0159e\u0161en\u00ed chronick\u00e9 energetick\u00e9 krize S\u00fdrie.<\/p>\n<p>Mezit\u00edm r\u016fzn\u00e1 m\u00e9dia, v\u010detn\u011b izraelsk\u00fdch, tvrdila, \u017ee se syr\u0161t\u00ed a izrael\u0161t\u00ed p\u0159edstavitel\u00e9 setkali na okraj cesty. Nen\u00ed jasn\u00e9, zda se \u0160ar\u00e1a sch\u016fzky z\u00fa\u010dastnil, ale samotn\u00e1 existence takov\u00e9 sch\u016fzky \u2013 zprost\u0159edkovan\u00e9 \u00c1zerb\u00e1jd\u017e\u00e1nem, nejd\u016fle\u017eit\u011bj\u0161\u00edm spojencem Izraele v regionu \u2013 d\u00e1le zv\u00fd\u0161ila obavy v Teher\u00e1nu.<\/p>\n<p>\u0160\u00e1r\u00e1a, b\u00fdval\u00fd povstalec zn\u00e1m\u00fd pod pseudonymem Ab\u00fa Mohammed al-D\u017eolan\u00ed, se spojil s rebely podporovan\u00fdmi Tureckem a v prosinci 2024 vedl svou frakci Hajat Tahr\u00edr a\u0161-\u0160\u00e1m (HTS) v bleskov\u00e9 ofenz\u00edv\u011b, kter\u00e1 nakonec svrhla \u00cdr\u00e1nem a Ruskem podporovanou Asadovu vl\u00e1du.<\/p>\n<h3 class=\"wp-block-heading\">Bezpe\u010dnostn\u00ed v\u00fdzvy<\/h3>\n<p>\u00cdr\u00e1nsk\u00e1 m\u00e9dia sd\u00edlej\u00ed obavy, \u017ee se p\u0159\u00edtomnost bojovn\u00edk\u016f p\u0159esouv\u00e1 ze syrsk\u00e9ho boji\u0161t\u011b na Kavkaz \u2013 p\u0159\u00edmo na prahu \u00cdr\u00e1nu.<\/p>\n<p><em>Reformn\u011b sm\u00fd\u0161lej\u00edc\u00ed noviny Arman-e Melli<\/em>\u00a0tvrdily, \u017ee jedn\u00edm z aspekt\u016f rozv\u00edjej\u00edc\u00edch se vztah\u016f mezi Dama\u0161kem a Baku bude p\u0159esun syrsk\u00fdch bojovn\u00edk\u016f p\u0159es Turecko do z\u00e1kladen v \u00c1zerb\u00e1jd\u017e\u00e1nu \u2013 mo\u017en\u00fd v\u00fdvoj, kter\u00fd popsaly jako \u201emisi\u201c pro \u0160ar&#8217;\u00e1.<\/p>\n<p>Spekuluje se, \u017ee jejich p\u0159\u00edtomnost m\u00e1 za c\u00edl destabilizovat oblasti pod\u00e9l hranic s \u00cdr\u00e1nem a Ruskem a prov\u00e1d\u011bt operace zam\u011b\u0159en\u00e9 na \u0161ir\u0161\u00ed osu \u010c\u00edny, Ruska a \u00cdr\u00e1nu.<\/p>\n<p>Konzervativn\u00ed noviny\u00a0<em>Farhikhtegan<\/em>\u00a0zaujaly podobn\u00fd t\u00f3n a tvrdily, \u017ee \u0160\u00e1r\u016fv krok m\u011bl vyhov\u011bt po\u017eadavku USA na vyho\u0161t\u011bn\u00ed zahrani\u010dn\u00edch bojovn\u00edk\u016f ze S\u00fdrie. Takov\u00fd pl\u00e1n by podle novin prom\u011bnil \u00c1zerb\u00e1jd\u017e\u00e1n ve strategick\u00e9 centrum \u2013 bu\u010f jako z\u00e1kladnu pro dal\u0161\u00ed infiltraci na Kavkaz a do Ruska, nebo jako m\u00edsto pro osidlov\u00e1n\u00ed oblast\u00ed, jako je Karabach.<\/p>\n<h3 class=\"wp-block-heading\">\u201eZpr\u00e1va\u201c pro \u00cdr\u00e1n<\/h3>\n<p>Izraelsk\u00fd zpravodajsk\u00fd kan\u00e1l\u00a0<em>i24NEWS<\/em>\u00a0s odvol\u00e1n\u00edm na nejmenovan\u00fd syrsk\u00fd zdroj uvedl, \u017ee Izrael a Spojen\u00e9 st\u00e1ty se rozhodly, \u017ee Baku by m\u011blo uspo\u0159\u00e1dat sch\u016fzku mezi izraelsk\u00fdmi a syrsk\u00fdmi z\u00e1stupci, aby \u201evyslali \u00cdr\u00e1nu vzkaz\u201c.<\/p>\n<p>S odkazem na zpr\u00e1vu noviny\u00a0<em>Jam-e Jam<\/em>\u00a0, provozovan\u00e9 \u00edr\u00e1nskou st\u00e1tn\u00ed televiz\u00ed , tvrdily, \u017ee vzhledem k dlouholet\u00e9mu \u00fadajn\u00e9mu zapojen\u00ed Baku do proti\u00edr\u00e1nsk\u00fdch operac\u00ed a podez\u0159en\u00ed ze spolupr\u00e1ce s Izraelem b\u011bhem v\u00e1lky minul\u00fd m\u011bs\u00edc by to mohlo b\u00fdt vn\u00edm\u00e1no jako \u201ejasn\u00fd d\u016fkaz\u201c, \u017ee n\u011bkter\u00e9 sousedn\u00ed zem\u011b spolupracuj\u00ed s Izraelem proti \u00cdr\u00e1nu.<\/p>\n<p><em>Jam-e Jam<\/em>\u00a0konkr\u00e9tn\u011b jmenoval \u00c1zerb\u00e1jd\u017e\u00e1n a jeho spojence, Turecko a Izrael, jako zem\u011b zapojen\u00e9 do \u201eutv\u00e1\u0159en\u00ed nov\u00e9 dynamiky, kter\u00e1 je v rozporu se z\u00e1jmy \u00cdr\u00e1nu\u201c.<\/p>\n<p>Dokument tvrd\u00ed, \u017ee \u00cdr\u00e1n mus\u00ed v kone\u010dn\u00e9m d\u016fsledku chr\u00e1nit sv\u00e9 n\u00e1rodn\u00ed z\u00e1jmy prost\u0159ednictv\u00edm diplomatick\u00fdch a bezpe\u010dnostn\u00edch dovednost\u00ed, v\u010detn\u011b pos\u00edlen\u00ed vztah\u016f se sousedn\u00edmi zem\u011bmi, jako je Arm\u00e9nie a Rusko, a zaujmout rozhodn\u00fd postoj proti \u201ebakusk\u00fdm provokac\u00edm\u201c.<\/p>\n<h3 class=\"wp-block-heading\">Ned\u016fv\u011bra v \u00cdr\u00e1n roste<\/h3>\n<p>Teher\u00e1n s rostouc\u00edmi obavami sleduje, jak si \u00c1zerb\u00e1jd\u017e\u00e1n rozv\u00edj\u00ed st\u00e1le u\u017e\u0161\u00ed vazby s Izraelem. V posledn\u00edch letech se partnerstv\u00ed v\u00fdrazn\u011b roz\u0161\u00ed\u0159ilo, zejm\u00e9na s prohlouben\u00edm obrann\u00e9 spolupr\u00e1ce a rozhodnut\u00edm Baku otev\u0159\u00edt v roce 2023 velvyslanectv\u00ed v Tel Avivu \u2013 co\u017e je ud\u00e1lost, kter\u00e1 jen prohloubila ned\u016fv\u011bru v\u016f\u010di \u00cdr\u00e1nu.<\/p>\n<p>\u00cdr\u00e1nsk\u00fd prezident\u00a0<strong>Mas\u00fad Peze\u0161kijan<\/strong>\u00a0minul\u00fd m\u011bs\u00edc vyzval\u00a0<strong>Alijeva<\/strong>\u00a0, aby \u201epro\u0161et\u0159il a ov\u011b\u0159il\u201c zpr\u00e1vy o tom, \u017ee izraelsk\u00e9 drony, v\u010detn\u011b mikrodron\u016f, vnikly do \u00edr\u00e1nsk\u00e9ho vzdu\u0161n\u00e9ho prostoru nad \u00e1zerb\u00e1jd\u017e\u00e1nsk\u00fdm \u00fazem\u00edm b\u011bhem 12denn\u00ed v\u00e1lky, kter\u00e1 skon\u010dila p\u0159\u00edm\u011b\u0159\u00edm 24. \u010dervna.<\/p>\n<p>Alijev obvin\u011bn\u00ed odm\u00edtl a zopakoval, \u017ee jeho vl\u00e1da nikdy nedovol\u00ed, aby bylo \u00e1zerb\u00e1jd\u017e\u00e1nsk\u00e9 \u00fazem\u00ed pou\u017eito proti \u00cdr\u00e1nu.<\/p>\n<\/div>\n<\/div>\n<div class=\"elementor-element elementor-element-8c57238 quelle dc-has-condition dc-condition-empty elementor-widget elementor-widget-heading\" data-id=\"8c57238\" data-element_type=\"widget\" data-widget_type=\"heading.default\">\n<div class=\"elementor-widget-container\">\n<h3 class=\"elementor-heading-title elementor-size-default\"><span style=\"font-size: 10pt;\"><a href=\"https:\/\/oilprice.com\/Geopolitics\/Middle-East\/Why-Iran-Fears-a-Syria-Azerbaijan-Axis.html\" target=\"_blank\" rel=\"nofollow noopener\">Zdroj<\/a><\/span><\/h3>\n<p>&nbsp;<\/p>\n<\/div>\n<\/div>\n","protected":false},"excerpt":{"rendered":"<p>Dramatick\u00e9 sbl\u00ed\u017een\u00ed mezi S\u00fdri\u00ed a \u00c1zerb\u00e1jd\u017e\u00e1nem S\u00fdrie a \u00c1zerb\u00e1jd\u017e\u00e1n se zav\u00e1zaly k prohlouben\u00ed sv\u00fdch vztah\u016f,&#8230;<\/p>\n","protected":false},"author":2,"featured_media":74841,"comment_status":"closed","ping_status":"closed","sticky":false,"template":"","format":"standard","meta":[],"categories":[7],"tags":[2966,38,147],"_links":{"self":[{"href":"https:\/\/www.infokuryr.cz\/n\/wp-json\/wp\/v2\/posts\/84146"}],"collection":[{"href":"https:\/\/www.infokuryr.cz\/n\/wp-json\/wp\/v2\/posts"}],"about":[{"href":"https:\/\/www.infokuryr.cz\/n\/wp-json\/wp\/v2\/types\/post"}],"author":[{"embeddable":true,"href":"https:\/\/www.infokuryr.cz\/n\/wp-json\/wp\/v2\/users\/2"}],"replies":[{"embeddable":true,"href":"https:\/\/www.infokuryr.cz\/n\/wp-json\/wp\/v2\/comments?post=84146"}],"version-history":[{"count":1,"href":"https:\/\/www.infokuryr.cz\/n\/wp-json\/wp\/v2\/posts\/84146\/revisions"}],"predecessor-version":[{"id":84147,"href":"https:\/\/www.infokuryr.cz\/n\/wp-json\/wp\/v2\/posts\/84146\/revisions\/84147"}],"wp:featuredmedia":[{"embeddable":true,"href":"https:\/\/www.infokuryr.cz\/n\/wp-json\/wp\/v2\/media\/74841"}],"wp:attachment":[{"href":"https:\/\/www.infokuryr.cz\/n\/wp-json\/wp\/v2\/media?parent=84146"}],"wp:term":[{"taxonomy":"category","embeddable":true,"href":"https:\/\/www.infokuryr.cz\/n\/wp-json\/wp\/v2\/categories?post=84146"},{"taxonomy":"post_tag","embeddable":true,"href":"https:\/\/www.infokuryr.cz\/n\/wp-json\/wp\/v2\/tags?post=84146"}],"curies":[{"name":"wp","href":"https:\/\/api.w.org\/{rel}","templated":true}]}}