{"id":84140,"date":"2025-07-23T00:32:06","date_gmt":"2025-07-22T22:32:06","guid":{"rendered":"https:\/\/www.infokuryr.cz\/n\/?p=84140"},"modified":"2025-07-22T19:15:05","modified_gmt":"2025-07-22T17:15:05","slug":"daniel-mcadams-globalni-valka-proti-teroru-skoncila-teror-zvitezil","status":"publish","type":"post","link":"https:\/\/www.infokuryr.cz\/n\/2025\/07\/23\/daniel-mcadams-globalni-valka-proti-teroru-skoncila-teror-zvitezil\/","title":{"rendered":"Daniel McAdams: \u201eGlob\u00e1ln\u00ed v\u00e1lka proti teroru\u201c skon\u010dila. Teror zv\u00edt\u011bzil"},"content":{"rendered":"<div id=\"fb-root\"><\/div>\n<div class=\"elementor-element elementor-element-1fb4c2c elementor-widget elementor-widget-theme-post-content\" data-id=\"1fb4c2c\" data-element_type=\"widget\" data-widget_type=\"theme-post-content.default\">\n<div class=\"elementor-widget-container\">\n<p><span>16. z\u00e1\u0159\u00ed 2001, p\u011bt dn\u00ed po \u00fatoc\u00edch na New York a Washington, D.C., prezident George W. Bush prohl\u00e1sil: \u201eTato k\u0159\u00ed\u017eov\u00e1 v\u00fdprava \u2013 tato v\u00e1lka proti terorismu \u2013 bude n\u011bjakou dobu trvat. A americk\u00fd lid mus\u00ed b\u00fdt trp\u011bliv\u00fd. J\u00e1 budu trp\u011bliv\u00fd. Ale mohu americk\u00fd lid ujistit, \u017ee jsem odhodlan\u00fd.\u201c<\/span><\/p>\n<p><span>O \u010dty\u0159i dny pozd\u011bji prezident Bush prohl\u00e1sil, \u017ee \u201ev\u00e1lka proti teroru\u201c je prim\u00e1rn\u011b nam\u00ed\u0159ena proti al-K\u00e1id\u011b. \u201eNa\u0161e v\u00e1lka proti teroru za\u010d\u00edn\u00e1 al-K\u00e1idou,\u201c \u0159ekl v projevu ke Kongresu a n\u00e1rodu, \u201eale t\u00edm nekon\u010d\u00ed. Neskon\u010d\u00ed, dokud nebude nalezena, zastavena a pora\u017eena ka\u017ed\u00e1 teroristick\u00e1 skupina s glob\u00e1ln\u00edm dosahem.\u201c<\/span><\/p>\n<p><span>Nep\u0159\u00edtele popsal takto:<\/span><\/p>\n<p><span>Tato skupina a jej\u00ed v\u016fdce \u2013 mu\u017e jm\u00e9nem Us\u00e1ma bin L\u00e1din \u2013 jsou napojeni na mnoho dal\u0161\u00edch organizac\u00ed v r\u016fzn\u00fdch zem\u00edch, v\u010detn\u011b Egyptsk\u00e9ho isl\u00e1msk\u00e9ho d\u017eih\u00e1du a Isl\u00e1msk\u00e9ho hnut\u00ed Uzbekist\u00e1nu. T\u011bchto terorist\u016f p\u016fsob\u00ed tis\u00edce ve v\u00edce ne\u017e 60 zem\u00edch.<\/span><\/p>\n<p><span>Bush m\u011bl ve sv\u00e9m hodnocen\u00ed skupiny pravdu.<\/span><\/p>\n<p><span>Jednou ze zem\u00ed, kde se d\u017eih\u00e1dist\u00e9 al-K\u00e1idy etablovali, byla S\u00fdrie, kde se od roku 2011 \u2013 s podporou Obamovy administrativy \u2013 pokou\u0161eli svrhnout sekul\u00e1rn\u00edho v\u016fdce Ba\u0161\u00e1ra Asada za pou\u017eit\u00ed teroristick\u00e9 taktiky, v n\u00ed\u017e byli dob\u0159e vycvi\u010deni.<\/span><\/p>\n<p><span>Brzy zm\u011bnili sv\u016fj n\u00e1zev \u2013 ale ne sv\u016fj \u00e9tos \u2013 a stali se Frontou an-Nusr\u00e1, vedenou veter\u00e1nem d\u017eih\u00e1distou jm\u00e9nem Abu Mohammad al-D\u017eul\u00e1n\u00ed, kter\u00fd bojoval proti americk\u00fdm jednotk\u00e1m v Ir\u00e1ku. Jeho skupina byla zn\u00e1m\u00e1 t\u00edm, \u017ee usek\u00e1vala hlavy. Mo\u017en\u00e1 i americk\u00e9 hlavy.<\/span><\/p>\n<p><span>Loni v prosinci Jolaniho d\u017eih\u00e1dist\u00e9 \u2013 podporovan\u00ed USA, Tureckem a Izraelem \u2013 kone\u010dn\u011b svrhli Asadovu vl\u00e1du a rychleji, ne\u017e sta\u010d\u00edte \u0159\u00edct \u201eprom\u011bna Washingtonu v PR\u201c, si ost\u0159\u00edhal vousy, vym\u011bnil taktick\u00e9 vojensk\u00e9 hodinky za chronograf Patek Philippe World Time za 90 000 dolar\u016f a prohl\u00e1sil se prezidentem.<\/span><\/p>\n<p><span>\u201eCivilizovan\u00fd sv\u011bt\u201c j\u00e1sal z o\u017eiven\u00ed demokracie v S\u00fdrii!<\/span><\/p>\n<p><span>Na jejich prvn\u00edm setk\u00e1n\u00ed v Sa\u00fadsk\u00e9 Ar\u00e1bii za\u010d\u00e1tkem tohoto roku prezident Trump chv\u00e1lil d\u017eih\u00e1distu D\u017eolan\u00edho jako \u201emlad\u00e9ho, atraktivn\u00edho chlapa\u201c a \u201etvrd\u00e9ho chlapa, bojovn\u00edka s velmi siln\u00fdm z\u00e1zem\u00edm. M\u00e1 velk\u00fd potenci\u00e1l; je to skute\u010dn\u00fd v\u016fdce.\u201c<\/span><\/p>\n<p><span>Byl to mu\u017e, kter\u00e9ho USA klasifikovaly jako glob\u00e1ln\u00edho teroristu a americk\u00e9 \u00fa\u0159ady na jeho hlavu vypsaly odm\u011bnu 10 milion\u016f dolar\u016f. Jeho \u201eplak\u00e1t s hledan\u00fdm jm\u00e9nem\u201c se ST\u00c1LE nach\u00e1z\u00ed na \u00fa\u010dtu X americk\u00e9 ambas\u00e1dy v S\u00fdrii!<\/span><\/p>\n<p><span>Tento t\u00fdden prezident Trump \u201ena \u017e\u00e1dost (izraelsk\u00e9ho premi\u00e9ra) Netanjahua zru\u0161il sankce proti D\u017eolan\u00edmu v S\u00fdrii\u201c a teprve v\u010dera ministr zahrani\u010d\u00ed vy\u0161krtl D\u017eolan\u00edho starou od\u0161t\u011bpenou skupinu al-K\u00e1idy (kter\u00e1 se v pr\u016fb\u011bhu let vyvinula z al-Nusry na HTS) z americk\u00e9ho seznamu teroristick\u00fdch organizac\u00ed.<\/span><\/p>\n<p><span>Pozorovatel na X vtipkoval:<\/span><\/p>\n<p><span>P\u0159\u00edb\u011bh GWOT (glob\u00e1ln\u00ed v\u00e1lky proti terorismu) za\u010dal v roce 2001 americkou invaz\u00ed do Afgh\u00e1nist\u00e1nu s c\u00edlem vym\u00fdtit al-K\u00e1idu. Skon\u010dil o 24 let pozd\u011bji, kdy USA uznaly osobu napojenou na Al-K\u00e1idu za nov\u00e9ho vl\u00e1dce S\u00fdrie.<\/span><\/p>\n<p><span>Podle projektu Brownovy univerzity s n\u00e1zvem Cost of War Project st\u00e1la \u201eglob\u00e1ln\u00ed v\u00e1lka proti terorismu\u201c americk\u00fd lid nejm\u00e9n\u011b osm bilion\u016f dolar\u016f. Mohla si tak\u00e9 vy\u017e\u00e1dat \u017eivoty a\u017e milionu lid\u00ed.<\/span><\/p>\n<p><span>A co jsme za v\u0161echnu tu krev a pen\u00edze dostali? V Afgh\u00e1nist\u00e1nu po 20 letech vojensk\u00fdch akc\u00ed USA nahradil T\u00e1lib\u00e1n T\u00e1lib\u00e1n a v S\u00fdrii byl zu\u0159iv\u00fd odp\u016frce al-K\u00e1idy nahrazen&#8230; al-K\u00e1idou!<\/span><\/p>\n<p><span>Jake Sullivan, tehdej\u0161\u00ed prav\u00e1 ruka ministryn\u011b zahrani\u010d\u00ed Hillary Clintonov\u00e9, j\u00ed v roce 2012 napsal: \u201eAl-K\u00e1ida je v S\u00fdrii na na\u0161\u00ed stran\u011b.\u201c Ned\u011blal si legraci!<\/span><\/p>\n<p><span>To byl ten z\u00e1b\u011br\u2026 a tady je dal\u0161\u00ed z\u00e1b\u011br:<\/span><\/p>\n<p><span>Ve stejn\u00e9m t\u00fddnu, kdy Spojen\u00e9 st\u00e1ty zru\u0161ily sankce v\u016f\u010di S\u00fdrii ovl\u00e1dan\u00e9 al-K\u00e1idou, uvalily sankce na&#8230; zvl\u00e1\u0161tn\u00ed zpravodajku OSN pro okupovan\u00e1 palestinsk\u00e1 \u00fazem\u00ed Francescu Albanese!<\/span><\/p>\n<p><span>Kdo je Alb\u00e1nka? Je neboj\u00e1cnou obr\u00e1nkyn\u00ed lidsk\u00e9ho \u017eivota v Gaze, kde je pomalu ni\u010den Izraelem s podporou (a zbran\u011bmi) americk\u00e9 vl\u00e1dy.<\/span><\/p>\n<p><span>Kdy\u017e americk\u00fd ministr zahrani\u010d\u00ed Marco Rubio uvalil sankce na obr\u00e1nce lidsk\u00fdch pr\u00e1v Albaneseho z OSN, napsal:<\/span><\/p>\n<p><span>Dnes uvaluji sankce na zvl\u00e1\u0161tn\u00ed zpravodajku Rady OSN pro lidsk\u00e1 pr\u00e1va Francescu Albaneseovou za jej\u00ed nez\u00e1konn\u00e9 a hanebn\u00e9 \u00fasil\u00ed vyvinout tlak na @IntlCrimCourt, aby podnikl kroky proti americk\u00fdm a izraelsk\u00fdm \u00fa\u0159edn\u00edk\u016fm, spole\u010dnostem a vedouc\u00edm pracovn\u00edk\u016fm.<\/span><\/p>\n<p><span>Alb\u00e1nsk\u00e1 kampa\u0148 politick\u00e9 a ekonomick\u00e9 v\u00e1lky proti Spojen\u00fdm st\u00e1t\u016fm a Izraeli nebude nad\u00e1le tolerov\u00e1na. V\u017edy budeme st\u00e1t po boku na\u0161ich partner\u016f v jejich pr\u00e1vu na sebeobranu.<\/span><\/p>\n<p><span>Spojen\u00e9 st\u00e1ty americk\u00e9 budou i nad\u00e1le\u00a0<\/span><em><strong><span>podnikat ve\u0161ker\u00e9 kroky, kter\u00e9 pova\u017eujeme za nezbytn\u00e9<\/span><\/strong><\/em><span>\u00a0k \u0159e\u0161en\u00ed pr\u00e1vn\u00edch spor\u016f a k ochran\u011b na\u0161\u00ed suverenity a suverenity na\u0161ich spojenc\u016f. (Zv\u00fdrazn\u011bn\u00ed p\u0159id\u00e1no)<\/span><\/p>\n<p><span>Co by mohla b\u00fdt tato \u201ev\u0161echna opat\u0159en\u00ed\u201c? Je to jasn\u00e1 fyzick\u00e1 hrozba Alb\u00e1nc\u016fm za to, \u017ee se ozvali proti masov\u00e9 vra\u017ed\u011b, kter\u00e1 se odehr\u00e1v\u00e1 v re\u00e1ln\u00e9m \u010dase a je viditeln\u00e1 na obrazovk\u00e1ch na\u0161ich po\u010d\u00edta\u010d\u016f pro v\u0161echny, kte\u0159\u00ed si ji p\u0159ej\u00ed vid\u011bt.<\/span><\/p>\n<p><span>Tak\u017ee to je v\u0161e. \u201eGlob\u00e1ln\u00ed v\u00e1lka proti terorismu\u201c skon\u010dila. Vl\u00e1da USA pov\u00fd\u0161ila teroristy na hlavy st\u00e1t\u016f a t\u011bm, kte\u0159\u00ed se oz\u00fdv\u00e1 proti st\u00e1tn\u00edmu terorismu, jsou vyhro\u017eov\u00e1ni \u201ejak\u00fdmkoli opat\u0159en\u00edm, kter\u00e9 budeme pova\u017eovat za nezbytn\u00e1\u201c.<\/span><\/p>\n<\/div>\n<\/div>\n<div class=\"elementor-element elementor-element-8c57238 quelle dc-has-condition dc-condition-empty elementor-widget elementor-widget-heading\" data-id=\"8c57238\" data-element_type=\"widget\" data-widget_type=\"heading.default\">\n<div class=\"elementor-widget-container\">\n<h3 class=\"elementor-heading-title elementor-size-default\"><span style=\"font-size: 10pt;\"><a href=\"https:\/\/ronpaulinstitute.org\/global-war-on-terror-is-over-terror-won\/\" target=\"_blank\" rel=\"nofollow noopener\">Zdroj<\/a><\/span><\/h3>\n<p>&nbsp;<\/p>\n<\/div>\n<\/div>\n","protected":false},"excerpt":{"rendered":"<p>16. z\u00e1\u0159\u00ed 2001, p\u011bt dn\u00ed po \u00fatoc\u00edch na New York a Washington, D.C., prezident George&#8230;<\/p>\n","protected":false},"author":2,"featured_media":84141,"comment_status":"closed","ping_status":"closed","sticky":false,"template":"","format":"standard","meta":[],"categories":[7],"tags":[1710,1503,2703,40],"_links":{"self":[{"href":"https:\/\/www.infokuryr.cz\/n\/wp-json\/wp\/v2\/posts\/84140"}],"collection":[{"href":"https:\/\/www.infokuryr.cz\/n\/wp-json\/wp\/v2\/posts"}],"about":[{"href":"https:\/\/www.infokuryr.cz\/n\/wp-json\/wp\/v2\/types\/post"}],"author":[{"embeddable":true,"href":"https:\/\/www.infokuryr.cz\/n\/wp-json\/wp\/v2\/users\/2"}],"replies":[{"embeddable":true,"href":"https:\/\/www.infokuryr.cz\/n\/wp-json\/wp\/v2\/comments?post=84140"}],"version-history":[{"count":0,"href":"https:\/\/www.infokuryr.cz\/n\/wp-json\/wp\/v2\/posts\/84140\/revisions"}],"wp:featuredmedia":[{"embeddable":true,"href":"https:\/\/www.infokuryr.cz\/n\/wp-json\/wp\/v2\/media\/84141"}],"wp:attachment":[{"href":"https:\/\/www.infokuryr.cz\/n\/wp-json\/wp\/v2\/media?parent=84140"}],"wp:term":[{"taxonomy":"category","embeddable":true,"href":"https:\/\/www.infokuryr.cz\/n\/wp-json\/wp\/v2\/categories?post=84140"},{"taxonomy":"post_tag","embeddable":true,"href":"https:\/\/www.infokuryr.cz\/n\/wp-json\/wp\/v2\/tags?post=84140"}],"curies":[{"name":"wp","href":"https:\/\/api.w.org\/{rel}","templated":true}]}}