{"id":8413,"date":"2022-02-19T10:12:22","date_gmt":"2022-02-19T09:12:22","guid":{"rendered":"http:\/\/www.infokuryr.cz\/n\/?p=8413"},"modified":"2022-02-19T10:12:22","modified_gmt":"2022-02-19T09:12:22","slug":"spiegel-zverejnen-dokument-kde-nato-rusum-slibilo-neroztahovat-se-na-vychod","status":"publish","type":"post","link":"https:\/\/www.infokuryr.cz\/n\/2022\/02\/19\/spiegel-zverejnen-dokument-kde-nato-rusum-slibilo-neroztahovat-se-na-vychod\/","title":{"rendered":"Spiegel: Zve\u0159ejn\u011bn dokument, kde NATO Rus\u016fm sl\u00edbilo neroztahovat se na v\u00fdchod"},"content":{"rendered":"<div id=\"fb-root\"><\/div>\n<p>To, na co poukazuje rusk\u00e1 diplomacie, \u017ee NATO sl\u00edbilo v\u00fdm\u011bnou za sta\u017een\u00ed rusk\u00fdch vojsk z v\u00fdchodn\u00ed Evropy se tam neroztahovat, je nyn\u00ed potvrzeno. Jak v p\u00e1tek uve\u0159ejnil n\u011bmeck\u00fd Spiegel, v z\u00e1pise z jedn\u00e1n\u00ed Ruska, Francie, N\u011bmecka, Brit\u00e1nie a USA z b\u0159ezna 1991 se ujedn\u00e1v\u00e1, \u017ee Rusko se st\u00e1hne z V\u00fdchodn\u00ed Evropy, a NATO se tam na opl\u00e1tku nebude roztahovat.<\/p>\n<p>Poru\u0161en\u00ed tohoto ujedn\u00e1n\u00ed NATem a v\u00fdchodoevropsk\u00fdmi zem\u011bmi de facto stoj\u00ed i u podstaty sou\u010dasn\u00e9ho ukrajinsk\u00e9ho konfliktu. Rusko nyn\u00ed v souladu s \u00famluvou opr\u00e1vn\u011bn\u011b po\u017eaduje sta\u017een\u00ed americk\u00e9 arm\u00e1dy z v\u00fdchodn\u00ed z\u00f3ny.<\/p>\n<p><a href=\"https:\/\/www.spiegel.de\/ausland\/nato-osterweiterung-aktenfund-stuetzt-russische-version-a-1613d467-bd72-4f02-8e16-2cd6d3285295\">ZDROJ<\/a><\/p>\n<p>&nbsp;<\/p>\n","protected":false},"excerpt":{"rendered":"<p>To, na co poukazuje rusk\u00e1 diplomacie, \u017ee NATO sl\u00edbilo v\u00fdm\u011bnou za sta\u017een\u00ed rusk\u00fdch vojsk z&#8230;<\/p>\n","protected":false},"author":2,"featured_media":507,"comment_status":"closed","ping_status":"closed","sticky":false,"template":"","format":"standard","meta":[],"categories":[7],"tags":[39],"_links":{"self":[{"href":"https:\/\/www.infokuryr.cz\/n\/wp-json\/wp\/v2\/posts\/8413"}],"collection":[{"href":"https:\/\/www.infokuryr.cz\/n\/wp-json\/wp\/v2\/posts"}],"about":[{"href":"https:\/\/www.infokuryr.cz\/n\/wp-json\/wp\/v2\/types\/post"}],"author":[{"embeddable":true,"href":"https:\/\/www.infokuryr.cz\/n\/wp-json\/wp\/v2\/users\/2"}],"replies":[{"embeddable":true,"href":"https:\/\/www.infokuryr.cz\/n\/wp-json\/wp\/v2\/comments?post=8413"}],"version-history":[{"count":0,"href":"https:\/\/www.infokuryr.cz\/n\/wp-json\/wp\/v2\/posts\/8413\/revisions"}],"wp:featuredmedia":[{"embeddable":true,"href":"https:\/\/www.infokuryr.cz\/n\/wp-json\/wp\/v2\/media\/507"}],"wp:attachment":[{"href":"https:\/\/www.infokuryr.cz\/n\/wp-json\/wp\/v2\/media?parent=8413"}],"wp:term":[{"taxonomy":"category","embeddable":true,"href":"https:\/\/www.infokuryr.cz\/n\/wp-json\/wp\/v2\/categories?post=8413"},{"taxonomy":"post_tag","embeddable":true,"href":"https:\/\/www.infokuryr.cz\/n\/wp-json\/wp\/v2\/tags?post=8413"}],"curies":[{"name":"wp","href":"https:\/\/api.w.org\/{rel}","templated":true}]}}