{"id":8411,"date":"2022-02-19T10:06:35","date_gmt":"2022-02-19T09:06:35","guid":{"rendered":"http:\/\/www.infokuryr.cz\/n\/?p=8411"},"modified":"2022-02-19T10:06:35","modified_gmt":"2022-02-19T09:06:35","slug":"novy-druh-terorizmu-strkani-pod-vlak","status":"publish","type":"post","link":"https:\/\/www.infokuryr.cz\/n\/2022\/02\/19\/novy-druh-terorizmu-strkani-pod-vlak\/","title":{"rendered":"Nov\u00fd druh terorizmu: strk\u00e1n\u00ed pod vlak"},"content":{"rendered":"<div id=\"fb-root\"><\/div>\n<p>Va z\u00e1padn\u00edch zem\u00edch registruj\u00ed vzestup nov\u00e9ho druhu teroristick\u00fdch \u00fatok\u016f, Po obl\u00edben\u00e9m, d\u017eih\u00e1disty doporu\u010den\u00e9m naj\u00ed\u017ed\u011bn\u00ed do lid\u00ed, je to strk\u00e1n\u00ed pod vlak. N\u011bmeck\u00e1 policie za rok 2020 zaregistrovala 29, a v roce 2021 ji\u017e 49 p\u0159\u00edpad\u016f. Uv\u00e1d\u00ed z\u00e1rove\u0148, \u017ee v\u011bt\u0161ina pachatel\u016f t\u011bchto \u00fatok\u016f jsou imigranti&#8230;<\/p>\n<p><a href=\"https:\/\/exxpress.at\/neue-art-des-terrors-49-menschen-2021-vor-zuege-gestossen\/\">ZDROJ<\/a><\/p>\n<p>&nbsp;<\/p>\n","protected":false},"excerpt":{"rendered":"<p>Va z\u00e1padn\u00edch zem\u00edch registruj\u00ed vzestup nov\u00e9ho druhu teroristick\u00fdch \u00fatok\u016f, Po obl\u00edben\u00e9m, d\u017eih\u00e1disty doporu\u010den\u00e9m naj\u00ed\u017ed\u011bn\u00ed do&#8230;<\/p>\n","protected":false},"author":2,"featured_media":8114,"comment_status":"closed","ping_status":"closed","sticky":false,"template":"","format":"standard","meta":[],"categories":[7],"tags":[91,44,835],"_links":{"self":[{"href":"https:\/\/www.infokuryr.cz\/n\/wp-json\/wp\/v2\/posts\/8411"}],"collection":[{"href":"https:\/\/www.infokuryr.cz\/n\/wp-json\/wp\/v2\/posts"}],"about":[{"href":"https:\/\/www.infokuryr.cz\/n\/wp-json\/wp\/v2\/types\/post"}],"author":[{"embeddable":true,"href":"https:\/\/www.infokuryr.cz\/n\/wp-json\/wp\/v2\/users\/2"}],"replies":[{"embeddable":true,"href":"https:\/\/www.infokuryr.cz\/n\/wp-json\/wp\/v2\/comments?post=8411"}],"version-history":[{"count":0,"href":"https:\/\/www.infokuryr.cz\/n\/wp-json\/wp\/v2\/posts\/8411\/revisions"}],"wp:featuredmedia":[{"embeddable":true,"href":"https:\/\/www.infokuryr.cz\/n\/wp-json\/wp\/v2\/media\/8114"}],"wp:attachment":[{"href":"https:\/\/www.infokuryr.cz\/n\/wp-json\/wp\/v2\/media?parent=8411"}],"wp:term":[{"taxonomy":"category","embeddable":true,"href":"https:\/\/www.infokuryr.cz\/n\/wp-json\/wp\/v2\/categories?post=8411"},{"taxonomy":"post_tag","embeddable":true,"href":"https:\/\/www.infokuryr.cz\/n\/wp-json\/wp\/v2\/tags?post=8411"}],"curies":[{"name":"wp","href":"https:\/\/api.w.org\/{rel}","templated":true}]}}