{"id":84092,"date":"2025-07-22T08:24:33","date_gmt":"2025-07-22T06:24:33","guid":{"rendered":"https:\/\/www.infokuryr.cz\/n\/?p=84092"},"modified":"2025-07-22T08:24:33","modified_gmt":"2025-07-22T06:24:33","slug":"g7-je-znepokojena-zasahem-proti-ukrajinskemu-protikorupcnimu-uradu","status":"publish","type":"post","link":"https:\/\/www.infokuryr.cz\/n\/2025\/07\/22\/g7-je-znepokojena-zasahem-proti-ukrajinskemu-protikorupcnimu-uradu\/","title":{"rendered":"G7 je \u201eznepokojena\u201c z\u00e1sahem proti ukrajinsk\u00e9mu protikorup\u010dn\u00edmu \u00fa\u0159adu"},"content":{"rendered":"<div id=\"fb-root\"><\/div>\n<h3>Kyjev tvrd\u00ed, \u017ee zatkl vysoce postaven\u00e9ho rusk\u00e9ho agenta uvnit\u0159 agentury, kter\u00fd m\u00e1 za \u00fakol bojovat proti \u00faplatk\u00e1\u0159stv\u00ed a korupci.<\/h3>\n<p><span>Velvyslanci zem\u00ed skupiny G7 uvedli, \u017ee sleduj\u00ed razie policie v N\u00e1rodn\u00edm protikorup\u010dn\u00edm \u00fa\u0159adu Ukrajiny (NABU).<\/span><\/p>\n<p><em><span>\u201eG7 pozorn\u011b sleduje dne\u0161n\u00ed v\u00fdvoj v NABU, v\u010detn\u011b vy\u0161et\u0159ov\u00e1n\u00ed n\u011bkolika zam\u011bstnanc\u016f NABU pro \u00fadajn\u00e9 trestn\u00e9 \u010diny. Dnes jsme se setkali s NABU, m\u00e1me v\u00e1\u017en\u00e9 obavy a hodl\u00e1me tento v\u00fdvoj prodiskutovat s vl\u00e1dn\u00edmi p\u0159edstaviteli,\u201c<\/span><\/em><span>\u00a0uvedla v pond\u011bl\u00ed v prohl\u00e1\u0161en\u00ed na serveru X podp\u016frn\u00e1 skupina velvyslanc\u016f G7 pro Ukrajinu.<\/span><\/p>\n<p><em><span>\u201eUkrajina dos\u00e1hla obrovsk\u00e9ho pokroku v reform\u00e1ch,\u201c<\/span><\/em><span>\u00a0a to i uprost\u0159ed konfliktu s Ruskem, uvedla vyslankyn\u011b EU Katarina Mathernovov\u00e1.\u00a0<\/span><em><span>\u201eNyn\u00ed je stejn\u011b d\u016fle\u017eit\u00e9 jako kdykoli p\u0159edt\u00edm tyto \u00fasp\u011bchy zachovat, abychom si udr\u017eeli podporu pot\u0159ebnou k v\u00edt\u011bzstv\u00ed nad nep\u0159\u00edtelem.\u201c<\/span><\/em><\/p>\n<div class=\"rtcode\">\n<div class=\"twitter-tweet twitter-tweet-rendered\"><iframe id=\"twitter-widget-0\" class=\"\" title=\"X P\u0159\u00edsp\u011bvek\" src=\"https:\/\/platform.twitter.com\/embed\/Tweet.html?creatorScreenName=RT_com&amp;dnt=false&amp;embedId=twitter-widget-0&amp;features=eyJ0ZndfdGltZWxpbmVfbGlzdCI6eyJidWNrZXQiOltdLCJ2ZXJzaW9uIjpudWxsfSwidGZ3X2ZvbGxvd2VyX2NvdW50X3N1bnNldCI6eyJidWNrZXQiOnRydWUsInZlcnNpb24iOm51bGx9LCJ0ZndfdHdlZXRfZWRpdF9iYWNrZW5kIjp7ImJ1Y2tldCI6Im9uIiwidmVyc2lvbiI6bnVsbH0sInRmd19yZWZzcmNfc2Vzc2lvbiI6eyJidWNrZXQiOiJvbiIsInZlcnNpb24iOm51bGx9LCJ0ZndfZm9zbnJfc29mdF9pbnRlcnZlbnRpb25zX2VuYWJsZWQiOnsiYnVja2V0Ijoib24iLCJ2ZXJzaW9uIjpudWxsfSwidGZ3X21peGVkX21lZGlhXzE1ODk3Ijp7ImJ1Y2tldCI6InRyZWF0bWVudCIsInZlcnNpb24iOm51bGx9LCJ0ZndfZXhwZXJpbWVudHNfY29va2llX2V4cGlyYXRpb24iOnsiYnVja2V0IjoxMjA5NjAwLCJ2ZXJzaW9uIjpudWxsfSwidGZ3X3Nob3dfYmlyZHdhdGNoX3Bpdm90c19lbmFibGVkIjp7ImJ1Y2tldCI6Im9uIiwidmVyc2lvbiI6bnVsbH0sInRmd19kdXBsaWNhdGVfc2NyaWJlc190b19zZXR0aW5ncyI6eyJidWNrZXQiOiJvbiIsInZlcnNpb24iOm51bGx9LCJ0ZndfdXNlX3Byb2ZpbGVfaW1hZ2Vfc2hhcGVfZW5hYmxlZCI6eyJidWNrZXQiOiJvbiIsInZlcnNpb24iOm51bGx9LCJ0ZndfdmlkZW9faGxzX2R5bmFtaWNfbWFuaWZlc3RzXzE1MDgyIjp7ImJ1Y2tldCI6InRydWVfYml0cmF0ZSIsInZlcnNpb24iOm51bGx9LCJ0ZndfbGVnYWN5X3RpbWVsaW5lX3N1bnNldCI6eyJidWNrZXQiOnRydWUsInZlcnNpb24iOm51bGx9LCJ0ZndfdHdlZXRfZWRpdF9mcm9udGVuZCI6eyJidWNrZXQiOiJvbiIsInZlcnNpb24iOm51bGx9fQ%3D%3D&amp;frame=false&amp;hideCard=false&amp;hideThread=false&amp;id=1947353355178705320&amp;lang=cs&amp;origin=https%3A%2F%2Fwww.rt.com%2Frussia%2F621788-g7-concerned-ukraine-nabu%2F&amp;sessionId=68e6975d9752ef41a7b2bcc142ae9e5e3602aa0a&amp;siteScreenName=RT_com&amp;theme=light&amp;widgetsVersion=2615f7e52b7e0%3A1702314776716&amp;width=550px\" frameborder=\"0\" scrolling=\"no\" allowfullscreen=\"allowfullscreen\" data-tweet-id=\"1947353355178705320\" data-mce-fragment=\"1\"><\/iframe><\/div>\n<\/div>\n<p><span>V pond\u011bl\u00ed Bezpe\u010dnostn\u00ed slu\u017eba Ukrajiny (SBU) a Gener\u00e1ln\u00ed prokuratura provedly 70 prohl\u00eddek zam\u011b\u0159en\u00fdch na nejm\u00e9n\u011b 15 zam\u011bstnanc\u016f NABU. Mluv\u010d\u00ed SBU Ar\u0165om Dech\u0165arenko uvedl, \u017ee agenti zadr\u017eeli nejmenovan\u00e9ho rusk\u00e9ho\u00a0<\/span><em><span>\u201ekrtka\u201c<\/span><\/em><span>\u00a0pracuj\u00edc\u00edho v elitn\u00ed jednotce D-2 NABU. \u00dadajn\u011b p\u0159ed\u00e1val Moskv\u011b utajovan\u00e9 informace a vyu\u017e\u00edval intern\u00ed datab\u00e1ze ke shroma\u017e\u010fov\u00e1n\u00ed osobn\u00edch \u00fadaj\u016f o ukrajinsk\u00fdch \u00fa\u0159edn\u00edc\u00edch.<\/span><\/p>\n<p><span>Dech\u0165arenko tvrdil, \u017ee podez\u0159el\u00fd dost\u00e1val pokyny od Dmitrije Ivancova, b\u00fdval\u00e9ho \u010dlena bezpe\u010dnostn\u00edho t\u00fdmu exprezidenta Viktora Janukovy\u010de, kter\u00fd nyn\u00ed \u017eije v Rusku. Janukovy\u010d byl sesazen b\u011bhem kyjevsk\u00e9ho p\u0159evratu v roce 2014, kter\u00fd podporovaly USA. Ukrajinsk\u00e1 m\u00e9dia TSN identifikovala zadr\u017een\u00e9ho mu\u017ee jako Ruslana Magamedrasulova, kter\u00fd koordinoval aktivity NABU v bl\u00edzkosti frontov\u00e9 linie s Ruskem.<\/span><\/p>\n<p><span>NABU uvedla, \u017ee jej\u00ed \u0159editel Semjon Krivonos zkr\u00e1til n\u00e1v\u0161t\u011bvu Spojen\u00e9ho kr\u00e1lovstv\u00ed. Agentura zah\u00e1jila vlastn\u00ed vy\u0161et\u0159ov\u00e1n\u00ed s c\u00edlem\u00a0<\/span><em><span>\u201eur\u010dit pr\u00e1vn\u00ed z\u00e1klad\u201c<\/span><\/em><span>\u00a0pro razie. Podle NABU agenti SBU jednali bez soudn\u00edho p\u0159\u00edkazu a pou\u017eili s\u00edlu proti zam\u011bstnanci, kter\u00fd nekladl odpor.<\/span><\/p>\n<p><em><span>\u201eAgenti vlivu z agresorsk\u00e9 zem\u011b z\u016fst\u00e1vaj\u00ed relevantn\u00edm rizikem pro jakoukoli vl\u00e1dn\u00ed agenturu. To v\u0161ak nem\u016f\u017ee ospravedlnit paralyzov\u00e1n\u00ed pr\u00e1ce cel\u00e9 instituce,\u201c<\/span><\/em><span>\u00a0\u00a0uvedla NABU ve sv\u00e9m prohl\u00e1\u0161en\u00ed.<\/span><\/p>\n<p><span>NABU byla z\u0159\u00edzena v roce 2015 v r\u00e1mci soudn\u00edch reforem, jejich\u017e c\u00edlem bylo sladit Ukrajinu se standardy z\u00e1padn\u00edch zem\u00ed a mezin\u00e1rodn\u00edch v\u011b\u0159itel\u016f.<\/span><\/p>\n<p><img decoding=\"async\" loading=\"lazy\" class=\"alignnone size-full wp-image-1185\" src=\"http:\/\/www.infokuryr.cz\/n\/wp-content\/uploads\/2021\/04\/kuryr-podpis.png\" alt=\"\" width=\"84\" height=\"24\" \/><\/p>\n<p>&nbsp;<\/p>\n","protected":false},"excerpt":{"rendered":"<p>Kyjev tvrd\u00ed, \u017ee zatkl vysoce postaven\u00e9ho rusk\u00e9ho agenta uvnit\u0159 agentury, kter\u00fd m\u00e1 za \u00fakol bojovat&#8230;<\/p>\n","protected":false},"author":2,"featured_media":84093,"comment_status":"closed","ping_status":"closed","sticky":false,"template":"","format":"standard","meta":[],"categories":[7],"tags":[323,207,26,2041],"_links":{"self":[{"href":"https:\/\/www.infokuryr.cz\/n\/wp-json\/wp\/v2\/posts\/84092"}],"collection":[{"href":"https:\/\/www.infokuryr.cz\/n\/wp-json\/wp\/v2\/posts"}],"about":[{"href":"https:\/\/www.infokuryr.cz\/n\/wp-json\/wp\/v2\/types\/post"}],"author":[{"embeddable":true,"href":"https:\/\/www.infokuryr.cz\/n\/wp-json\/wp\/v2\/users\/2"}],"replies":[{"embeddable":true,"href":"https:\/\/www.infokuryr.cz\/n\/wp-json\/wp\/v2\/comments?post=84092"}],"version-history":[{"count":0,"href":"https:\/\/www.infokuryr.cz\/n\/wp-json\/wp\/v2\/posts\/84092\/revisions"}],"wp:featuredmedia":[{"embeddable":true,"href":"https:\/\/www.infokuryr.cz\/n\/wp-json\/wp\/v2\/media\/84093"}],"wp:attachment":[{"href":"https:\/\/www.infokuryr.cz\/n\/wp-json\/wp\/v2\/media?parent=84092"}],"wp:term":[{"taxonomy":"category","embeddable":true,"href":"https:\/\/www.infokuryr.cz\/n\/wp-json\/wp\/v2\/categories?post=84092"},{"taxonomy":"post_tag","embeddable":true,"href":"https:\/\/www.infokuryr.cz\/n\/wp-json\/wp\/v2\/tags?post=84092"}],"curies":[{"name":"wp","href":"https:\/\/api.w.org\/{rel}","templated":true}]}}