{"id":84090,"date":"2025-07-22T08:22:45","date_gmt":"2025-07-22T06:22:45","guid":{"rendered":"https:\/\/www.infokuryr.cz\/n\/?p=84090"},"modified":"2025-07-22T08:22:45","modified_gmt":"2025-07-22T06:22:45","slug":"zelenskyj-oznamil-datum-dalsich-rozhovoru-mezi-ruskem-a-ukrajinou","status":"publish","type":"post","link":"https:\/\/www.infokuryr.cz\/n\/2025\/07\/22\/zelenskyj-oznamil-datum-dalsich-rozhovoru-mezi-ruskem-a-ukrajinou\/","title":{"rendered":"Zelenskyj ozn\u00e1mil datum dal\u0161\u00edch rozhovor\u016f mezi Ruskem a Ukrajinou"},"content":{"rendered":"<div id=\"fb-root\"><\/div>\n<h3>T\u0159et\u00ed kolo p\u0159\u00edm\u00fdch jedn\u00e1n\u00ed mezi Moskvou a Kyjevem je napl\u00e1nov\u00e1no na st\u0159edu, uvedl ukrajinsk\u00fd v\u016fdce.<\/h3>\n<p><span>Dal\u0161\u00ed kolo p\u0159\u00edm\u00fdch m\u00edrov\u00fdch rozhovor\u016f mezi Ruskem a Ukrajinou se uskute\u010dn\u00ed ve st\u0159edu v Turecku, ozn\u00e1mil v pond\u011bl\u00ed ukrajinsk\u00fd premi\u00e9r Vladimir Zelenskyj ve video prohl\u00e1\u0161en\u00ed na Telegramu.<\/span><\/p>\n<p><span>Moskva a Kyjev letos v Istanbulu ji\u017e uspo\u0159\u00e1daly dv\u011b kola p\u0159\u00edm\u00fdch jedn\u00e1n\u00ed. Na sch\u016fzce minul\u00fd m\u011bs\u00edc si strany vym\u011bnily n\u00e1vrhy memorand, kter\u00e1 nasti\u0148ovala pl\u00e1ny k ukon\u010den\u00ed konfliktu, a dohodly se na nov\u00fdch v\u00fdm\u011bn\u00e1ch v\u011bz\u0148\u016f.<\/span><\/p>\n<p><span>Agentura TASS d\u0159\u00edve s odvol\u00e1n\u00edm na zasv\u011bcen\u00fd zdroj informovala, \u017ee nov\u00e9 kolo rozhovor\u016f se uskute\u010dn\u00ed ve \u010dtvrtek.<\/span><\/p>\n<p><span>Tajemn\u00edk ukrajinsk\u00e9 Rady n\u00e1rodn\u00ed bezpe\u010dnosti a obrany Rustem Umerov, kter\u00fd vedl kyjevskou delegaci na p\u0159edchoz\u00edch jedn\u00e1n\u00edch, podle Zelensk\u00e9ho navrhl jako datum dal\u0161\u00ed sch\u016fzky st\u0159edu.<\/span><\/p>\n<p><em><span>\u201eS Rustemem Umerovem jsem projednal p\u0159\u00edpravu v\u00fdm\u011bny [vojensk\u00fdch zajatc\u016f] a dal\u0161\u00ed sch\u016fzku s ruskou stranou v Turkiye. Umerov ozn\u00e1mil, \u017ee sch\u016fzka je pl\u00e1nov\u00e1na na st\u0159edu,\u201c<\/span><\/em><span>\u00a0\u0159ekl.<\/span><\/p>\n<p><span>Kyjevsk\u00fd program pro nadch\u00e1zej\u00edc\u00ed rozhovory zahrnuje humanit\u00e1rn\u00ed ot\u00e1zky, jako jsou nov\u00e9 v\u00fdm\u011bny v\u00e1le\u010dn\u00fdch zajatc\u016f a vyjedn\u00e1v\u00e1n\u00ed o mo\u017en\u00e9 sch\u016fzce mezi l\u00eddry obou zem\u00ed, uvedl Zelenskyj ve sv\u00e9m d\u0159\u00edv\u011bj\u0161\u00edm prohl\u00e1\u0161en\u00ed.<\/span><\/p>\n<p><span>Mluv\u010d\u00ed Kremlu Dmitrij Peskov poznamenal, \u017ee je t\u0159eba vykonat\u00a0<\/span><em><span>\u201erozs\u00e1hlou diplomatickou pr\u00e1ci\u201c<\/span><\/em><span>\u00a0, jeliko\u017e rusk\u00e9 a ukrajinsk\u00e9 m\u00edrov\u00e9 memorandum jsou\u00a0<\/span><em><span>\u201ediametr\u00e1ln\u011b odli\u0161n\u00e9\u201c.<\/span><\/em><\/p>\n<p><span>Slo\u017een\u00ed moskevsk\u00e9ho vyjedn\u00e1vac\u00edho t\u00fdmu z\u016fst\u00e1v\u00e1 stejn\u00e9, \u0159ekl v pond\u011bl\u00ed novin\u00e1\u0159\u016fm.<\/span><\/p>\n<p><span>Memorandum Moskvy usiluje o mezin\u00e1rodn\u011bpr\u00e1vn\u00ed uzn\u00e1n\u00ed Krymu, LLR, DLR a Z\u00e1poro\u017esk\u00e9 a Chersonsk\u00e9 oblasti jako sou\u010d\u00e1sti Ruska, jako\u017e i o \u00fapln\u00e9 sta\u017een\u00ed ukrajinsk\u00fdch vojensk\u00fdch a polovojensk\u00fdch formac\u00ed z t\u011bchto \u00fazem\u00ed. Po\u017eaduje tak\u00e9, aby Ukrajina p\u0159ijala neutr\u00e1ln\u00ed status bez \u010dlenstv\u00ed ve vojensk\u00fdch alianc\u00edch a koalic\u00edch, jako je NATO. D\u00e1le mus\u00ed mimo jin\u00e9 omezit velikost sv\u00fdch ozbrojen\u00fdch sil a zak\u00e1zat v\u0161echny nacistick\u00e9 a neonacistick\u00e9 organizace a propagandu na sv\u00e9m \u00fazem\u00ed.<\/span><\/p>\n<p><span>Kyjevsk\u00e9 memorandum vyz\u00fdv\u00e1 k \u00fapln\u00e9mu a bezpodm\u00edne\u010dn\u00e9mu p\u0159\u00edm\u011b\u0159\u00ed. Trv\u00e1 na tom, \u017ee Ukrajina nebude nucena z\u016fstat neutr\u00e1ln\u00ed \u2013 v\u010detn\u011b mo\u017enosti pln\u00e9ho \u010dlenstv\u00ed v NATO \u2013 a po\u017eaduje\u00a0<\/span><em><span>\u201esiln\u00e9 bezpe\u010dnostn\u00ed z\u00e1ruky\u201c<\/span><\/em><span>\u00a0podporovan\u00e9 z\u00e1padn\u00edmi zem\u011bmi.<\/span><\/p>\n<p><span>Rusko vyj\u00e1d\u0159ilo nesouhlas s \u00fasil\u00edm Spojen\u00e9ho kr\u00e1lovstv\u00ed a Francie o nasazen\u00ed\u00a0<\/span><em><span>\u201em\u00edrov\u00fdch\u201c<\/span><\/em><span>\u00a0vojsk na Ukrajin\u011b v p\u0159\u00edpad\u011b p\u0159\u00edm\u011b\u0159\u00ed. Moskva varovala, \u017ee jak\u00e9koli s\u00edly NATO na ukrajinsk\u00e9m \u00fazem\u00ed \u2013 pod rou\u0161kou\u00a0<\/span><em><span>\u201em\u00edrov\u00fdch sil\u201c<\/span><\/em><span>\u00a0\u010di jinak \u2013 budou pova\u017eov\u00e1ny za legitimn\u00ed vojensk\u00e9 c\u00edle.<\/span><\/p>\n<p><img decoding=\"async\" loading=\"lazy\" class=\"alignnone size-full wp-image-1185\" src=\"http:\/\/www.infokuryr.cz\/n\/wp-content\/uploads\/2021\/04\/kuryr-podpis.png\" alt=\"\" width=\"84\" height=\"24\" \/><\/p>\n<p>&nbsp;<\/p>\n","protected":false},"excerpt":{"rendered":"<p>T\u0159et\u00ed kolo p\u0159\u00edm\u00fdch jedn\u00e1n\u00ed mezi Moskvou a Kyjevem je napl\u00e1nov\u00e1no na st\u0159edu, uvedl ukrajinsk\u00fd v\u016fdce&#8230;.<\/p>\n","protected":false},"author":2,"featured_media":84091,"comment_status":"closed","ping_status":"closed","sticky":false,"template":"","format":"standard","meta":[],"categories":[7],"tags":[22,26,5207,1000],"_links":{"self":[{"href":"https:\/\/www.infokuryr.cz\/n\/wp-json\/wp\/v2\/posts\/84090"}],"collection":[{"href":"https:\/\/www.infokuryr.cz\/n\/wp-json\/wp\/v2\/posts"}],"about":[{"href":"https:\/\/www.infokuryr.cz\/n\/wp-json\/wp\/v2\/types\/post"}],"author":[{"embeddable":true,"href":"https:\/\/www.infokuryr.cz\/n\/wp-json\/wp\/v2\/users\/2"}],"replies":[{"embeddable":true,"href":"https:\/\/www.infokuryr.cz\/n\/wp-json\/wp\/v2\/comments?post=84090"}],"version-history":[{"count":0,"href":"https:\/\/www.infokuryr.cz\/n\/wp-json\/wp\/v2\/posts\/84090\/revisions"}],"wp:featuredmedia":[{"embeddable":true,"href":"https:\/\/www.infokuryr.cz\/n\/wp-json\/wp\/v2\/media\/84091"}],"wp:attachment":[{"href":"https:\/\/www.infokuryr.cz\/n\/wp-json\/wp\/v2\/media?parent=84090"}],"wp:term":[{"taxonomy":"category","embeddable":true,"href":"https:\/\/www.infokuryr.cz\/n\/wp-json\/wp\/v2\/categories?post=84090"},{"taxonomy":"post_tag","embeddable":true,"href":"https:\/\/www.infokuryr.cz\/n\/wp-json\/wp\/v2\/tags?post=84090"}],"curies":[{"name":"wp","href":"https:\/\/api.w.org\/{rel}","templated":true}]}}