{"id":84086,"date":"2025-07-22T08:16:35","date_gmt":"2025-07-22T06:16:35","guid":{"rendered":"https:\/\/www.infokuryr.cz\/n\/?p=84086"},"modified":"2025-07-22T08:16:35","modified_gmt":"2025-07-22T06:16:35","slug":"jindrich-kulhavy-co-nekomu-staci-k-oblibe","status":"publish","type":"post","link":"https:\/\/www.infokuryr.cz\/n\/2025\/07\/22\/jindrich-kulhavy-co-nekomu-staci-k-oblibe\/","title":{"rendered":"Jind\u0159ich Kulhav\u00fd: Co n\u011bkomu sta\u010d\u00ed k oblib\u011b?"},"content":{"rendered":"<div id=\"fb-root\"><\/div>\n<p><span class=\"anotation\">Od vzniku samostatn\u00e9 \u010cesk\u00e9 republiky jsme m\u011bli dosud 4 prezidenty. Ka\u017ed\u00fd z\u00a0nich byl specifick\u00fd, dosud t\u0159i p\u0159edch\u00e1zej\u00edc\u00ed slou\u017eili d\u00e9le ne\u017e jedno obdob\u00ed a jejich povahy nemohly b\u00fdt rozd\u00edln\u011bj\u0161\u00ed. Historie zkresluje mnoh\u00e9 a pojmenov\u00e1n\u00ed ruzy\u0148sk\u00e9ho leti\u0161t\u011b po Havlovi n\u00e1m m\u00e1 p\u0159ipom\u00ednat, jak snad lze z\u00edskat pochybn\u00e9 p\u00f3dium v\u00edt\u011bz\u016f sv\u00e9 doby.<\/span><\/p>\n<div id=\"pagetext\">\n<p>\u00a0V\u00e1clav Fla\u0161ka Havel je pro mnoh\u00e9 ikonou. P\u0159esto\u017ee jeho rodina za 2.sv\u011btov\u00e9 v\u00e1lky kolaborovala s\u00a0nacisty a byl j\u00ed pomoc\u00ed Bene\u0161ov\u00fdch dekret\u016f odebr\u00e1n majetek, pozd\u011bji Havel inklinoval ke komunist\u016fm a a\u017e pozd\u011bji se stal prominentn\u00edm disidentem jezd\u00edc\u00edm v\u00a0tehdy luxusn\u00edm modelu mercedesu. Um\u011bleck\u00e9 vlohy se ani tak neprojevovaly v\u00a0podob\u011b skvostn\u00fdch d\u011bl, jako sp\u00ed\u0161e v\u00a0boh\u00e9msk\u00e9m p\u0159\u00edstupu k\u00a0alkoholu a \u017een\u00e1m. Havel si za socialismu u\u017e\u00edval v\u00fdsostn\u00e9ho postaven\u00ed nedotknuteln\u00e9 postavy Z\u00e1padem podporovan\u00e9 a komunisty s\u00a0jist\u00fdmi p\u0159ipom\u00ednkami trp\u011bn\u00e9. M\u011bl byt na v\u00fdborn\u00e9 adrese, dobr\u00e9 auto, proslulou chatu, ur\u010dit\u00e9\u00a0 vztahy s\u00a0STB a \u010dasto byl jmenov\u00e1n na radiostanic\u00edch Hlas Ameriky a Svobodn\u00e1 Evropa.<\/p>\n<p>Je ot\u00e1zkou, byl li dop\u0159edu p\u0159ipravov\u00e1n na p\u0159evzet\u00ed moci, nicm\u00e9n\u011b se je\u0161t\u011b p\u0159ed revoluc\u00ed m\u011bl sej\u00edt s\u00a0tehdy ji\u017e zn\u00e1m\u00fdm gr\u00e1zlem Sorosem a po listopadu byl u bezprecedentn\u00edho skartov\u00e1n\u00ed slo\u017eek STB. Pro\u010d, to mo\u017en\u00e1 tu\u0161\u00ed ka\u017ed\u00fd p\u0159em\u00fd\u0161lej\u00edc\u00ed \u010dlov\u011bk, nicm\u00e9n\u011b \u0159ada koleg\u016f disident\u016f se z\u00e1hy stala popul\u00e1rn\u00edmi tv\u00e1\u0159emi a s\u00e1m Havel to dot\u00e1hnul na prezidenta. Byl mu vylep\u0161en mor\u00e1ln\u00ed kredit, mnoh\u00e9 bylo zapomenuto, pozd\u011bji i schvalov\u00e1n\u00ed bombardov\u00e1n\u00ed Srbska, kter\u00e9 nazval jako humanit\u00e1rn\u00ed. P\u0159\u00e1telil se s\u00a0velmi liber\u00e1ln\u00edmi um\u011blci i politiky \u0161kod\u00edc\u00edmi sv\u011btu a stoj\u00edc\u00edmi na po\u010d\u00e1tku doby, kterou lze pova\u017eovat za zvr\u00e1cenou. Clinton, Bush, Obama a pozd\u011bji Biden, ti v\u0161ichni jsou sou\u010d\u00e1st\u00ed epochy, u jej\u00edho\u017e zrodu se Havel p\u0159ichom\u00fdtnul. Tak\u00e9 k\u00a0rozprodeji republiky, devastaci n\u00e1rodn\u00edho pov\u011bdom\u00ed a k\u00a0prolomen\u00ed Bene\u0161ov\u00fdch dekret\u016f ve sv\u016fj a Schwarzenberg\u016fv prosp\u011bch. Havel byl pro mnoh\u00e9 hrdina, pro dal\u0161\u00ed krysa. A sv\u00e9 si o n\u011bm myslel i Karel Kryl.<\/p>\n<p>V\u00e1clav Klaus ve funkci prezidenta zr\u00e1l. P\u016fvodn\u00ed politik a p\u0159edseda ODS byl Havlov\u00fdm soupe\u0159em, pod\u00edlel se na divok\u00fdch devades\u00e1tk\u00e1ch a v\u00a0dob\u011b kari\u00e9ry u Modropt\u00e1k\u016f k\u00a0n\u011bmu lze m\u00edt mnoho ot\u00e1zek a p\u0159ipom\u00ednek. Pozd\u011bji dosp\u011bl a ve funkci prezidenta byl i p\u0159es \u0159adu nen\u00e1vistn\u00fdch koment\u00e1\u0159\u016f v\u016f\u010di n\u011bmu solidn\u00edm p\u0159edstavitelem st\u00e1tu maj\u00edc\u00edm svou inteligen\u010dn\u00ed i mor\u00e1ln\u00ed \u00farove\u0148. Ta se je\u0161t\u011b nav\u00fd\u0161ila po jeho odchodu do politick\u00e9ho d\u016fchodu a je t\u0159eba \u0159\u00edct, \u017ee Klaus pat\u0159\u00ed moment\u00e1ln\u011b i p\u0159es sv\u016fj v\u011bk k\u00a0t\u011bm nejrealisti\u010dt\u011bj\u0161\u00edm mu\u017e\u016fm na\u0161\u00ed politick\u00e9 sc\u00e9ny, z\u00e1rove\u0148 k\u00a0velk\u00fdm kritik\u016fm sou\u010dasn\u00e9 Evropsk\u00e9 unie. M\u016f\u017eete m\u00edt k\u00a0n\u011bmu mnoho p\u0159ipom\u00ednek, ne ka\u017ed\u00fd mu zapomenul dobu vl\u00e1dy v\u00a0turbulentn\u00edch devades\u00e1tk\u00e1ch a ekonomick\u00fdch \u00falet\u016f, ale nikdy to nebyl jen sluha jin\u00fdch a dosud m\u00e1 sv\u00e9 n\u00e1zory, za kter\u00fdmi si i p\u0159es medi\u00e1ln\u00ed kritiku stoj\u00ed. Klaus by byl nyn\u00ed op\u011bt vynikaj\u00edc\u00edm prezidentem, kdyby j\u00edm mohl b\u00fdt. Dozr\u00e1l.<\/p>\n<p>Milo\u0161 Zeman je st\u00e1le kontroverzn\u00ed postavou. Levicov\u011b sm\u00fd\u0161lej\u00edc\u00ed, velmi inteligentn\u00ed a z\u00e1rove\u0148 se specifick\u00fdm projevem. P\u0159esto\u017ee Klaus i Zeman b\u00fdvali soupe\u0159i, dok\u00e1zali se dohodnout, bylo li to t\u0159eba. I Zeman postupn\u011b dozr\u00e1l a moment\u00e1ln\u011b se \u0159ad\u00ed ve schopnosti spr\u00e1vn\u011b analyzovat sou\u010dasnost sp\u00ed\u0161e po bok V\u00e1clava Klause ne\u017e mezi liber\u00e1ly. Nemuseli jste m\u00edt Zemana r\u00e1di, ale jeho zp\u016fsob komunikace, schopnost z\u00a0protihr\u00e1\u010d\u016f ud\u011blat \u00fapln\u00e9 blbce a v\u011bdomosti z\u00a0n\u011bho d\u011blaly nep\u0159\u00edjemn\u00e9ho pragmatika. Liber\u00e1ln\u00ed m\u00e9dia pla\u010d\u00edc\u00ed po Havlovi a sp\u00edlaj\u00edc\u00ed Klausovi k\u00a0Zemanovi oblibou nepl\u00fdtvala, co\u017e sv\u011bd\u010d\u00ed o tom, \u017ee to byl dobr\u00fd prezident. Bohu\u017eel jeho zdravotn\u00ed stav poznamenal t\u011blesnou schr\u00e1nku a bral mu energii, nicm\u00e9n\u011b sarkasmus, smysl pro humor a nads\u00e1zku mu z\u016fstaly dote\u010f. A jeho koment\u00e1\u0159e k\u00a0dne\u0161ku otv\u00edraj\u00ed chytr\u00fdm o\u010di a um\u00ed pobavit.<\/p>\n<p>Petr Pavel je produktem instituc\u00ed, jakou je nap\u0159\u00edklad Aspen Institut. Po mnoha letech m\u00e1me kone\u010dn\u011b v\u00a0\u010dele st\u00e1tu b\u00fdval\u00e9ho kovan\u00e9ho komunistu, p\u0159edsedu KS\u010c v\u00a0m\u00edst\u011b sv\u00e9ho p\u016fsoben\u00ed. Historie m\u011bla b\u00fdt zapomenuta, byl p\u0159eci pozd\u011bji jedn\u00edm z\u00a0nejvy\u0161\u0161\u00edch d\u016fstojn\u00edk\u016f NATO. O tom, \u017ee tento pakt i p\u0159es r\u016fzn\u00e1 jm\u00e9na ve veden\u00ed (moment\u00e1ln\u011b Mark Rutte) ovl\u00e1daj\u00ed Ameri\u010dan\u00e9, pochybuje jen naivn\u00ed \u010dlov\u011bk. A Pavel jim slou\u017eil tak dob\u0159e, \u017ee si ho p\u0159ipravili i k\u00a0ovl\u00e1dnut\u00ed Pra\u017esk\u00e9ho hradu. Systematick\u00e1 pr\u00e1ce na jeho vzestupu, vzhledu a z\u00edsk\u00e1van\u00fdch preferenc\u00edch slavila sv\u016fj \u00fasp\u011bch t\u011bsnou por\u00e1\u017ekou Andreje Babi\u0161e. A pokra\u010duje d\u00e1le. Stosedmi\u010dkov\u00e9 IQ bylo odsunuto do pozad\u00ed a Pavel z\u00edsk\u00e1v\u00e1 image prolidov\u00e9 hlavy st\u00e1tu. Jezd\u00ed na motorce, byl vid\u011bn v\u00a0BMW M2, sk\u00e1\u010de na pad\u00e1ku, hraje si na Mawericka z\u00a0Top Gun, ukazuje se na akc\u00edch typu Moto GP v\u00a0roli fotografa (na rozd\u00edl od t\u00e9\u017e p\u0159\u00edtomn\u00e9ho Fialy sna\u017e\u00edc\u00edho si nahnat voli\u010de i p\u0159es tragickou neschopnost v\u00e9st st\u00e1t k\u00a0prosperit\u011b). Petr Pavel si v\u00a0podstat\u011b ud\u011blal z\u00a0prezidenstv\u00ed z\u00e1\u017eitkovou agenturu p\u0159ihr\u00e1vaj\u00edc\u00ed rodin\u011b dostatek prost\u0159edk\u016f.<\/p>\n<p>Z\u00e1rove\u0148 ale odv\u00e1d\u00ed pr\u00e1ci pro sv\u00e9 podporovatele a funguje jako liber\u00e1ln\u00ed pil\u00ed\u0159 eurohujersk\u00e9 z\u00e1padn\u00ed politiky. Vystupuje velmi kultivovan\u011b, jen \u010dasto netu\u0161\u00ed, o \u010dem mluv\u00ed. Je mu l\u00e9pe mezi motork\u00e1\u0159i \u010di voj\u00e1ky, tam zapad\u00e1. Ne, nen\u00ed \u00fapln\u011b hloup\u00fd, i kdy\u017e 107 bod\u016f v\u00a0IQ testu nen\u00ed moc, ale sta\u010d\u00ed to na p\u0159edstavitele st\u00e1tu? Nebyli tam p\u0159ed n\u00edm mnohem chyt\u0159ej\u0161\u00ed lid\u00e9? Dosta\u010duje pouh\u00e9 papou\u0161kov\u00e1n\u00ed eurohujersk\u00fdch monolog\u016f a n\u00e1zor\u016f na to, aby byl na\u0161\u00edm prezidentem? A co jeho podpisy pod doslova katastrof\u00e1ln\u00edmi z\u00e1kony a sm\u011brnicemi, kter\u00e9 mu p\u0159edkl\u00e1d\u00e1 dosud nejhor\u0161\u00ed \u010desk\u00e1 vl\u00e1da? Co ignorace skute\u010dn\u011b krimin\u00e1ln\u00edch kauz spojen\u00fdch s\u00a0vl\u00e1dou Petra Fialy? Nen\u00ed m\u00e1lo b\u00fdt ak\u010dn\u00edm hrdinou? A jak vn\u00edm\u00e1te nen\u00e1vist k\u00a0Rusk\u00e9 federaci a ztr\u00e1tu re\u00e1ln\u00e9ho my\u0161len\u00ed sm\u011b\u0159uj\u00edc\u00edmu k\u00a0siln\u00e9mu postaven\u00ed kdysi tak schopn\u00e9ho a relativn\u011b pln\u011b samostatn\u00e9ho st\u00e1tu?<\/p>\n<p>M\u011bli jsme 4 prezidenty. Prvn\u00edho schov\u00e1vaj\u00edc\u00edho svou re\u00e1lnou tv\u00e1\u0159 za masku mezin\u00e1rodn\u00ed hv\u011bzdy vyu\u017e\u00edvaj\u00edc\u00ed hran\u00e9ho obdivu, v\u00a0re\u00e1lu v\u0161ak pom\u00e1haj\u00edc\u00edho degradaci \u010desk\u00e9ho st\u00e1tu, dal\u0161\u00ed dva b\u00fdval\u00e9 prognostiky schopn\u00e9 zdrav\u00e9 anal\u00fdzy. Ne, \u017ee by nikdy nechybovali, p\u0159esto je lze i po konci funk\u010dn\u00edch obdob\u00ed vn\u00edmat jako d\u016fle\u017eit\u00e9 tv\u00e1\u0159e odporu proti sm\u011b\u0159ov\u00e1n\u00ed EU i \u010cesk\u00e9 republiky. A nakonec je tu jak\u00e1si obdoba Jamese Bonda, respektive snaha z\u00a0n\u011bj prezidenta vytvo\u0159it. Politick\u00fdm nadhledem a v\u011bdomostmi na to nesta\u010d\u00ed, nicm\u00e9n\u011b m\u00e1 podp\u016frn\u00fd t\u00fdm, kter\u00fd ho pomoc\u00ed instrukc\u00ed \u0159\u00edd\u00ed a z\u00e1rove\u0148 mu d\u011bl\u00e1 auru v\u00fdjime\u010dnosti. Petr Pavel nikdy nep\u016fjde do st\u0159etu s\u00a0t\u011bmi, kte\u0159\u00ed skute\u010dn\u011b vl\u00e1dnou. Je to loutka, ostatn\u011b tou byl kdysi i Havel. Nebo si mysl\u00edte n\u011bco jin\u00e9ho? Koho si v\u00e1\u017e\u00edte Vy?<\/p>\n<p><a href=\"https:\/\/www.inadhled.live\/uvaha-dne\/co-nekomu-staci-k-oblibe-\/\">Jind\u0159ich Kulhav\u00fd<\/a><\/p>\n<p><img decoding=\"async\" loading=\"lazy\" class=\"alignnone size-full wp-image-48136\" src=\"http:\/\/www.infokuryr.cz\/n\/wp-content\/uploads\/2024\/02\/kulhavy-jindrich.jpg\" alt=\"\" width=\"219\" height=\"221\" srcset=\"https:\/\/www.infokuryr.cz\/n\/wp-content\/uploads\/2024\/02\/kulhavy-jindrich.jpg 219w, https:\/\/www.infokuryr.cz\/n\/wp-content\/uploads\/2024\/02\/kulhavy-jindrich-150x150.jpg 150w\" sizes=\"(max-width: 219px) 100vw, 219px\" \/><\/p>\n<p>&nbsp;<\/p>\n<\/div>\n","protected":false},"excerpt":{"rendered":"<p>Od vzniku samostatn\u00e9 \u010cesk\u00e9 republiky jsme m\u011bli dosud 4 prezidenty. Ka\u017ed\u00fd z\u00a0nich byl specifick\u00fd, dosud&#8230;<\/p>\n","protected":false},"author":2,"featured_media":84087,"comment_status":"closed","ping_status":"closed","sticky":false,"template":"","format":"standard","meta":[],"categories":[6],"tags":[1503,122,2091],"_links":{"self":[{"href":"https:\/\/www.infokuryr.cz\/n\/wp-json\/wp\/v2\/posts\/84086"}],"collection":[{"href":"https:\/\/www.infokuryr.cz\/n\/wp-json\/wp\/v2\/posts"}],"about":[{"href":"https:\/\/www.infokuryr.cz\/n\/wp-json\/wp\/v2\/types\/post"}],"author":[{"embeddable":true,"href":"https:\/\/www.infokuryr.cz\/n\/wp-json\/wp\/v2\/users\/2"}],"replies":[{"embeddable":true,"href":"https:\/\/www.infokuryr.cz\/n\/wp-json\/wp\/v2\/comments?post=84086"}],"version-history":[{"count":0,"href":"https:\/\/www.infokuryr.cz\/n\/wp-json\/wp\/v2\/posts\/84086\/revisions"}],"wp:featuredmedia":[{"embeddable":true,"href":"https:\/\/www.infokuryr.cz\/n\/wp-json\/wp\/v2\/media\/84087"}],"wp:attachment":[{"href":"https:\/\/www.infokuryr.cz\/n\/wp-json\/wp\/v2\/media?parent=84086"}],"wp:term":[{"taxonomy":"category","embeddable":true,"href":"https:\/\/www.infokuryr.cz\/n\/wp-json\/wp\/v2\/categories?post=84086"},{"taxonomy":"post_tag","embeddable":true,"href":"https:\/\/www.infokuryr.cz\/n\/wp-json\/wp\/v2\/tags?post=84086"}],"curies":[{"name":"wp","href":"https:\/\/api.w.org\/{rel}","templated":true}]}}