{"id":84055,"date":"2025-07-22T00:22:59","date_gmt":"2025-07-21T22:22:59","guid":{"rendered":"https:\/\/www.infokuryr.cz\/n\/?p=84055"},"modified":"2025-07-21T10:48:39","modified_gmt":"2025-07-21T08:48:39","slug":"zdenek-koudelka-vladni-nesmysl-vuci-malym-podnikatelum-u-televizni-dane-2","status":"publish","type":"post","link":"https:\/\/www.infokuryr.cz\/n\/2025\/07\/22\/zdenek-koudelka-vladni-nesmysl-vuci-malym-podnikatelum-u-televizni-dane-2\/","title":{"rendered":"Zden\u011bk Koudelka: Vl\u00e1dn\u00ed nesmysl v\u016f\u010di mal\u00fdm podnikatel\u016fm u televizn\u00ed dan\u011b"},"content":{"rendered":"<div id=\"fb-root\"><\/div>\n<p><strong>Vl\u00e1da zat\u00ed\u017eila v\u0161echny ob\u010dany zv\u00fd\u0161en\u00edm poplatk\u016f (dan\u011b) na televizi a\u00a0rozhlas bez ohledu, zda tyto provl\u00e1dn\u00ed m\u00e9dia lid\u00e9 poslouchaj\u00ed.<\/strong><\/p>\n<p>Z hlediska Fialovy vl\u00e1dy je pochopiteln\u00e9, \u017ee si provl\u00e1dn\u00ed propagandu v t\u011bchto m\u00e9di\u00edch nech\u00e1 zaplatit ob\u010dany. Ale ve zp\u016fsobu, jak\u00fdm to u\u010dinila, se projevuje nekompetentnost. Vl\u00e1da se rozhodla nezat\u00ed\u017eit novou televizn\u00ed a rozhlasovou dan\u00ed mal\u00e9 podnikatele s nejv\u00fd\u0161e 24 zam\u011bstnanci v\u010detn\u011b. Ov\u0161em d\u00edky mizern\u00e9 legislativn\u00ed pr\u00e1ci vytvo\u0159ila z\u00e1konn\u00fd text takov\u00fd, \u017ee i tito podnikatel\u00e9 se maj\u00ed k placen\u00ed poplatku p\u0159ihl\u00e1sit, a to zvl\u00e1\u0161\u0165 u \u010cesk\u00e9 televize a zvl\u00e1\u0161\u0165 u \u010cesk\u00e9ho rozhlasu, by\u0165 jej nemus\u00ed platit. Pokud tak neu\u010din\u00ed, hroz\u00ed ze z\u00e1kona p\u0159ir\u00e1\u017eka k poplatk\u016fm a\u017e 10 000 K\u010d u televize a 5 000 K\u010d u rozhlasu.<\/p>\n<p>I \u010cesk\u00e1 televize a\u00a0\u010cesk\u00fd rozhlas to pova\u017euj\u00ed za pitomost, proto necht\u011bj\u00ed tuto povinnost vym\u00e1hat a\u00a0jej\u00ed nespln\u011bn\u00ed postihovat. Zat\u00ed\u017eit n\u011bkoho povinnost\u00ed podat byrokratick\u00e9 hl\u00e1\u0161en\u00ed, \u017ee nic platit nemus\u00ed, je projev vl\u00e1dn\u00ed da\u0148ov\u00e9 stupidity.<\/p>\n<p><a href=\"https:\/\/www.novarepublika.cz\/2025\/07\/vladni-nesmysl-vuci-malym-podnikatelum-u-televizni-dane\">Zden\u011bk Koudelka<\/a><\/p>\n<p><img decoding=\"async\" loading=\"lazy\" class=\"alignnone size-full wp-image-6154\" src=\"http:\/\/www.infokuryr.cz\/n\/wp-content\/uploads\/2021\/11\/zdenek-koudelka.jpeg\" alt=\"\" width=\"280\" height=\"210\" \/><\/p>\n<p>&nbsp;<\/p>\n","protected":false},"excerpt":{"rendered":"<p>Vl\u00e1da zat\u00ed\u017eila v\u0161echny ob\u010dany zv\u00fd\u0161en\u00edm poplatk\u016f (dan\u011b) na televizi a\u00a0rozhlas bez ohledu, zda tyto provl\u00e1dn\u00ed&#8230;<\/p>\n","protected":false},"author":2,"featured_media":72057,"comment_status":"closed","ping_status":"closed","sticky":false,"template":"","format":"standard","meta":[],"categories":[6],"tags":[236,1503,158,1738,1698],"_links":{"self":[{"href":"https:\/\/www.infokuryr.cz\/n\/wp-json\/wp\/v2\/posts\/84055"}],"collection":[{"href":"https:\/\/www.infokuryr.cz\/n\/wp-json\/wp\/v2\/posts"}],"about":[{"href":"https:\/\/www.infokuryr.cz\/n\/wp-json\/wp\/v2\/types\/post"}],"author":[{"embeddable":true,"href":"https:\/\/www.infokuryr.cz\/n\/wp-json\/wp\/v2\/users\/2"}],"replies":[{"embeddable":true,"href":"https:\/\/www.infokuryr.cz\/n\/wp-json\/wp\/v2\/comments?post=84055"}],"version-history":[{"count":0,"href":"https:\/\/www.infokuryr.cz\/n\/wp-json\/wp\/v2\/posts\/84055\/revisions"}],"wp:featuredmedia":[{"embeddable":true,"href":"https:\/\/www.infokuryr.cz\/n\/wp-json\/wp\/v2\/media\/72057"}],"wp:attachment":[{"href":"https:\/\/www.infokuryr.cz\/n\/wp-json\/wp\/v2\/media?parent=84055"}],"wp:term":[{"taxonomy":"category","embeddable":true,"href":"https:\/\/www.infokuryr.cz\/n\/wp-json\/wp\/v2\/categories?post=84055"},{"taxonomy":"post_tag","embeddable":true,"href":"https:\/\/www.infokuryr.cz\/n\/wp-json\/wp\/v2\/tags?post=84055"}],"curies":[{"name":"wp","href":"https:\/\/api.w.org\/{rel}","templated":true}]}}